{"id":1001,"date":"2021-07-05T12:18:13","date_gmt":"2021-07-05T12:18:13","guid":{"rendered":"http:\/\/www.produccion.jujuy.gob.ar\/?p=1001"},"modified":"2021-07-05T12:18:15","modified_gmt":"2021-07-05T12:18:15","slug":"conmemoraron-el-dia-internacional-de-las-cooperativas","status":"publish","type":"post","link":"http:\/\/www.produccion.jujuy.gob.ar\/?p=1001","title":{"rendered":"Conmemoraron el D\u00eda Internacional de las Cooperativas"},"content":{"rendered":"\n<p>El Gobierno renov\u00f3 el compromiso con las cooperativas y se\u00f1al\u00f3 que las mismas son fundamentales en pandemia.<\/p>\n\n\n\n<p>En el marco del acto por el D\u00eda Internacional de las Cooperativas que se realiz\u00f3 en el colegio Remedios de Escalada, el director de Acci\u00f3n Cooperativa del Ministerio de Desarrollo Econ\u00f3mico y Producci\u00f3n de Jujuy Facundo Luna, ratific\u00f3 el compromiso del Ejecutivo provincial en generar pol\u00edticas que fortalezcan al sector.<\/p>\n\n\n\n<p>&#8220;En el 2020 el mundo se vio atravesado por la pandemia para la cual nadie estaba preparado, pero fue el cooperativismo que decidi\u00f3 reinventarse y recrearse para afrontar estos inconvenientes&#8221;, ponder\u00f3 Luna.<\/p>\n\n\n\n<p>Remarc\u00f3 que desde la provincia se vienen implementando diferentes acciones destinadas a impulsar y fortalecer a las cooperativas de Jujuy &#8220;porque sabemos que cumplen un rol fundamental en la vida econ\u00f3mica de la comunidad&#8221;.<\/p>\n\n\n\n<p>En ese sentido, record\u00f3 el lema de la Alianza de las Cooperativas &#8220;reconstruir mejor juntos&#8221; y enfatiz\u00f3: &#8220;hoy m\u00e1s que nunca renovamos los lazos y nos comprometemos a seguir trabajando por pol\u00edticas p\u00fablicas que beneficien al sector&#8221;.<\/p>\n\n\n\n<p>&#8220;No hay duda que el sector cooperativo aporta mucho a la inclusi\u00f3n laboral, en materia productiva y educativa, por lo que nosotros queremos invitarlos a que sigamos trabajando y a continuar en esta labor porque el cooperativismo va a ser un eslab\u00f3n fundamental para superar esta crisis&#8221;, ponder\u00f3 el funcionario.<\/p>\n\n\n\n<p>&nbsp;Por su parte, la presidenta del Consejo de Administraci\u00f3n, Flavia Vargas, destac\u00f3 la visi\u00f3n de los impulsores del cooperativismo que &#8220;vieron la oportunidad de reunir recursos materiales, monetarios y humanos para trabajar juntos y acceder a una vida digna&#8221;.<\/p>\n\n\n\n<p>Remarc\u00f3 que las cooperativas est\u00e1n llamadas a ser protagonistas de los nuevos desaf\u00edos, &#8220;a\u00fan en los escenarios complejos como el que vivimos hoy en d\u00eda, donde tenemos que levantarnos y caminar juntos a la par&#8221;.<\/p>\n\n\n\n<p>&nbsp;A modo de cierre, invit\u00f3 a los cooperativistas a &#8220;renovar el compromiso de hacer todo lo que est\u00e9 a nuestro alcance para proteger a nuestros miembros&#8221;.<\/p>\n\n\n\n<p>\u00a0Acompa\u00f1aron el acto protocolar el secretario de Desarrollo Industrial y Comercial, Jos\u00e9 Rossetto; representantes de los colegios Nueva Generaci\u00f3n, Mayor Jujuy y directivos del Remedios de Escalada, Claudio Maman\u00ed y Carolina G\u00f3mez.<\/p>\n\n\n\n<figure class=\"wp-block-image size-large is-resized\"><img loading=\"lazy\" src=\"http:\/\/www.produccion.jujuy.gob.ar\/wp-content\/uploads\/2021\/07\/acto-dia-internacional-las-cooperativas-1-1024x576.jpg\" alt=\"\" class=\"wp-image-1003\" width=\"866\" height=\"487\" srcset=\"http:\/\/www.produccion.jujuy.gob.ar\/wp-content\/uploads\/2021\/07\/acto-dia-internacional-las-cooperativas-1-1024x576.jpg 1024w, http:\/\/www.produccion.jujuy.gob.ar\/wp-content\/uploads\/2021\/07\/acto-dia-internacional-las-cooperativas-1-300x169.jpg 300w, http:\/\/www.produccion.jujuy.gob.ar\/wp-content\/uploads\/2021\/07\/acto-dia-internacional-las-cooperativas-1-768x432.jpg 768w, http:\/\/www.produccion.jujuy.gob.ar\/wp-content\/uploads\/2021\/07\/acto-dia-internacional-las-cooperativas-1.jpg 1200w\" sizes=\"(max-width: 866px) 100vw, 866px\" \/><\/figure>\n","protected":false},"excerpt":{"rendered":"<p>El Gobierno renov\u00f3 el compromiso con las cooperativas y se\u00f1al\u00f3 que las mismas son fundamentales en pandemia. En el marco del acto por el D\u00eda Internacional de las Cooperativas que se realiz\u00f3<a class=\"moretag\" href=\"http:\/\/www.produccion.jujuy.gob.ar\/?p=1001\">Leer m\u00e1s&#8230;<\/a><\/p>\n","protected":false},"author":2,"featured_media":1002,"comment_status":"closed","ping_status":"open","sticky":false,"template":"","format":"standard","meta":[],"categories":[2],"tags":[],"yoast_head":"<!-- This site is optimized with the Yoast SEO plugin v18.3 - https:\/\/yoast.com\/wordpress\/plugins\/seo\/ -->\n<title>Conmemoraron el D\u00eda Internacional de las Cooperativas - Ministerio de Desarrollo Econ\u00f3mico y Producci\u00f3n<\/title>\n<meta name=\"robots\" content=\"index, follow, max-snippet:-1, max-image-preview:large, max-video-preview:-1\" \/>\n<link rel=\"canonical\" href=\"http:\/\/www.produccion.jujuy.gob.ar\/?p=1001\" \/>\n<meta property=\"og:locale\" content=\"es_ES\" \/>\n<meta property=\"og:type\" content=\"article\" \/>\n<meta property=\"og:title\" content=\"Conmemoraron el D\u00eda Internacional de las Cooperativas - Ministerio de Desarrollo Econ\u00f3mico y Producci\u00f3n\" \/>\n<meta property=\"og:description\" content=\"El Gobierno renov\u00f3 el compromiso con las cooperativas y se\u00f1al\u00f3 que las mismas son fundamentales en pandemia. En el marco del acto por el D\u00eda Internacional de las Cooperativas que se realiz\u00f3Leer m\u00e1s...\" \/>\n<meta property=\"og:url\" content=\"http:\/\/www.produccion.jujuy.gob.ar\/?p=1001\" \/>\n<meta property=\"og:site_name\" content=\"Ministerio de Desarrollo Econ\u00f3mico y Producci\u00f3n\" \/>\n<meta property=\"article:published_time\" content=\"2021-07-05T12:18:13+00:00\" \/>\n<meta property=\"article:modified_time\" content=\"2021-07-05T12:18:15+00:00\" \/>\n<meta property=\"og:image\" content=\"http:\/\/www.produccion.jujuy.gob.ar\/wp-content\/uploads\/2021\/07\/acto-dia-internacional-las-cooperativas.jpg\" \/>\n\t<meta property=\"og:image:width\" content=\"869\" \/>\n\t<meta property=\"og:image:height\" content=\"675\" \/>\n\t<meta property=\"og:image:type\" content=\"image\/jpeg\" \/>\n<meta name=\"twitter:card\" content=\"summary_large_image\" \/>\n<meta name=\"twitter:label1\" content=\"Escrito por\" \/>\n\t<meta name=\"twitter:data1\" content=\"prensa prensa\" \/>\n\t<meta name=\"twitter:label2\" content=\"Tiempo de lectura\" \/>\n\t<meta name=\"twitter:data2\" content=\"2 minutos\" \/>\n<script type=\"application\/ld+json\" class=\"yoast-schema-graph\">{\"@context\":\"https:\/\/schema.org\",\"@graph\":[{\"@type\":\"WebSite\",\"@id\":\"http:\/\/www.produccion.jujuy.gob.ar\/#website\",\"url\":\"http:\/\/www.produccion.jujuy.gob.ar\/\",\"name\":\"Ministerio de Desarrollo Econ\u00f3mico y Producci\u00f3n\",\"description\":\"\",\"potentialAction\":[{\"@type\":\"SearchAction\",\"target\":{\"@type\":\"EntryPoint\",\"urlTemplate\":\"http:\/\/www.produccion.jujuy.gob.ar\/?s={search_term_string}\"},\"query-input\":\"required name=search_term_string\"}],\"inLanguage\":\"es\"},{\"@type\":\"ImageObject\",\"@id\":\"http:\/\/www.produccion.jujuy.gob.ar\/?p=1001#primaryimage\",\"inLanguage\":\"es\",\"url\":\"http:\/\/www.produccion.jujuy.gob.ar\/wp-content\/uploads\/2021\/07\/acto-dia-internacional-las-cooperativas.jpg\",\"contentUrl\":\"http:\/\/www.produccion.jujuy.gob.ar\/wp-content\/uploads\/2021\/07\/acto-dia-internacional-las-cooperativas.jpg\",\"width\":869,\"height\":675},{\"@type\":\"WebPage\",\"@id\":\"http:\/\/www.produccion.jujuy.gob.ar\/?p=1001#webpage\",\"url\":\"http:\/\/www.produccion.jujuy.gob.ar\/?p=1001\",\"name\":\"Conmemoraron el D\u00eda Internacional de las Cooperativas - Ministerio de Desarrollo Econ\u00f3mico y Producci\u00f3n\",\"isPartOf\":{\"@id\":\"http:\/\/www.produccion.jujuy.gob.ar\/#website\"},\"primaryImageOfPage\":{\"@id\":\"http:\/\/www.produccion.jujuy.gob.ar\/?p=1001#primaryimage\"},\"datePublished\":\"2021-07-05T12:18:13+00:00\",\"dateModified\":\"2021-07-05T12:18:15+00:00\",\"author\":{\"@id\":\"http:\/\/www.produccion.jujuy.gob.ar\/#\/schema\/person\/4b22a01d694f4bbb88e5d19dca067d1d\"},\"breadcrumb\":{\"@id\":\"http:\/\/www.produccion.jujuy.gob.ar\/?p=1001#breadcrumb\"},\"inLanguage\":\"es\",\"potentialAction\":[{\"@type\":\"ReadAction\",\"target\":[\"http:\/\/www.produccion.jujuy.gob.ar\/?p=1001\"]}]},{\"@type\":\"BreadcrumbList\",\"@id\":\"http:\/\/www.produccion.jujuy.gob.ar\/?p=1001#breadcrumb\",\"itemListElement\":[{\"@type\":\"ListItem\",\"position\":1,\"name\":\"Portada\",\"item\":\"http:\/\/www.produccion.jujuy.gob.ar\/\"},{\"@type\":\"ListItem\",\"position\":2,\"name\":\"Conmemoraron el D\u00eda Internacional de las Cooperativas\"}]},{\"@type\":\"Person\",\"@id\":\"http:\/\/www.produccion.jujuy.gob.ar\/#\/schema\/person\/4b22a01d694f4bbb88e5d19dca067d1d\",\"name\":\"prensa prensa\",\"image\":{\"@type\":\"ImageObject\",\"@id\":\"http:\/\/www.produccion.jujuy.gob.ar\/#personlogo\",\"inLanguage\":\"es\",\"url\":\"http:\/\/2.gravatar.com\/avatar\/869d66de5c875fb1c978e5ff7404f639?s=96&d=mm&r=g\",\"contentUrl\":\"http:\/\/2.gravatar.com\/avatar\/869d66de5c875fb1c978e5ff7404f639?s=96&d=mm&r=g\",\"caption\":\"prensa prensa\"},\"url\":\"http:\/\/www.produccion.jujuy.gob.ar\/?author=2\"}]}<\/script>\n<!-- \/ Yoast SEO plugin. -->","yoast_head_json":{"title":"Conmemoraron el D\u00eda Internacional de las Cooperativas - Ministerio de Desarrollo Econ\u00f3mico y Producci\u00f3n","robots":{"index":"index","follow":"follow","max-snippet":"max-snippet:-1","max-image-preview":"max-image-preview:large","max-video-preview":"max-video-preview:-1"},"canonical":"http:\/\/www.produccion.jujuy.gob.ar\/?p=1001","og_locale":"es_ES","og_type":"article","og_title":"Conmemoraron el D\u00eda Internacional de las Cooperativas - Ministerio de Desarrollo Econ\u00f3mico y Producci\u00f3n","og_description":"El Gobierno renov\u00f3 el compromiso con las cooperativas y se\u00f1al\u00f3 que las mismas son fundamentales en pandemia. En el marco del acto por el D\u00eda Internacional de las Cooperativas que se realiz\u00f3Leer m\u00e1s...","og_url":"http:\/\/www.produccion.jujuy.gob.ar\/?p=1001","og_site_name":"Ministerio de Desarrollo Econ\u00f3mico y Producci\u00f3n","article_published_time":"2021-07-05T12:18:13+00:00","article_modified_time":"2021-07-05T12:18:15+00:00","og_image":[{"width":869,"height":675,"url":"http:\/\/www.produccion.jujuy.gob.ar\/wp-content\/uploads\/2021\/07\/acto-dia-internacional-las-cooperativas.jpg","type":"image\/jpeg"}],"twitter_card":"summary_large_image","twitter_misc":{"Escrito por":"prensa prensa","Tiempo de lectura":"2 minutos"},"schema":{"@context":"https:\/\/schema.org","@graph":[{"@type":"WebSite","@id":"http:\/\/www.produccion.jujuy.gob.ar\/#website","url":"http:\/\/www.produccion.jujuy.gob.ar\/","name":"Ministerio de Desarrollo Econ\u00f3mico y Producci\u00f3n","description":"","potentialAction":[{"@type":"SearchAction","target":{"@type":"EntryPoint","urlTemplate":"http:\/\/www.produccion.jujuy.gob.ar\/?s={search_term_string}"},"query-input":"required name=search_term_string"}],"inLanguage":"es"},{"@type":"ImageObject","@id":"http:\/\/www.produccion.jujuy.gob.ar\/?p=1001#primaryimage","inLanguage":"es","url":"http:\/\/www.produccion.jujuy.gob.ar\/wp-content\/uploads\/2021\/07\/acto-dia-internacional-las-cooperativas.jpg","contentUrl":"http:\/\/www.produccion.jujuy.gob.ar\/wp-content\/uploads\/2021\/07\/acto-dia-internacional-las-cooperativas.jpg","width":869,"height":675},{"@type":"WebPage","@id":"http:\/\/www.produccion.jujuy.gob.ar\/?p=1001#webpage","url":"http:\/\/www.produccion.jujuy.gob.ar\/?p=1001","name":"Conmemoraron el D\u00eda Internacional de las Cooperativas - Ministerio de Desarrollo Econ\u00f3mico y Producci\u00f3n","isPartOf":{"@id":"http:\/\/www.produccion.jujuy.gob.ar\/#website"},"primaryImageOfPage":{"@id":"http:\/\/www.produccion.jujuy.gob.ar\/?p=1001#primaryimage"},"datePublished":"2021-07-05T12:18:13+00:00","dateModified":"2021-07-05T12:18:15+00:00","author":{"@id":"http:\/\/www.produccion.jujuy.gob.ar\/#\/schema\/person\/4b22a01d694f4bbb88e5d19dca067d1d"},"breadcrumb":{"@id":"http:\/\/www.produccion.jujuy.gob.ar\/?p=1001#breadcrumb"},"inLanguage":"es","potentialAction":[{"@type":"ReadAction","target":["http:\/\/www.produccion.jujuy.gob.ar\/?p=1001"]}]},{"@type":"BreadcrumbList","@id":"http:\/\/www.produccion.jujuy.gob.ar\/?p=1001#breadcrumb","itemListElement":[{"@type":"ListItem","position":1,"name":"Portada","item":"http:\/\/www.produccion.jujuy.gob.ar\/"},{"@type":"ListItem","position":2,"name":"Conmemoraron el D\u00eda Internacional de las Cooperativas"}]},{"@type":"Person","@id":"http:\/\/www.produccion.jujuy.gob.ar\/#\/schema\/person\/4b22a01d694f4bbb88e5d19dca067d1d","name":"prensa prensa","image":{"@type":"ImageObject","@id":"http:\/\/www.produccion.jujuy.gob.ar\/#personlogo","inLanguage":"es","url":"http:\/\/2.gravatar.com\/avatar\/869d66de5c875fb1c978e5ff7404f639?s=96&d=mm&r=g","contentUrl":"http:\/\/2.gravatar.com\/avatar\/869d66de5c875fb1c978e5ff7404f639?s=96&d=mm&r=g","caption":"prensa prensa"},"url":"http:\/\/www.produccion.jujuy.gob.ar\/?author=2"}]}},"_links":{"self":[{"href":"http:\/\/www.produccion.jujuy.gob.ar\/index.php?rest_route=\/wp\/v2\/posts\/1001"}],"collection":[{"href":"http:\/\/www.produccion.jujuy.gob.ar\/index.php?rest_route=\/wp\/v2\/posts"}],"about":[{"href":"http:\/\/www.produccion.jujuy.gob.ar\/index.php?rest_route=\/wp\/v2\/types\/post"}],"author":[{"embeddable":true,"href":"http:\/\/www.produccion.jujuy.gob.ar\/index.php?rest_route=\/wp\/v2\/users\/2"}],"replies":[{"embeddable":true,"href":"http:\/\/www.produccion.jujuy.gob.ar\/index.php?rest_route=%2Fwp%2Fv2%2Fcomments&post=1001"}],"version-history":[{"count":1,"href":"http:\/\/www.produccion.jujuy.gob.ar\/index.php?rest_route=\/wp\/v2\/posts\/1001\/revisions"}],"predecessor-version":[{"id":1004,"href":"http:\/\/www.produccion.jujuy.gob.ar\/index.php?rest_route=\/wp\/v2\/posts\/1001\/revisions\/1004"}],"wp:featuredmedia":[{"embeddable":true,"href":"http:\/\/www.produccion.jujuy.gob.ar\/index.php?rest_route=\/wp\/v2\/media\/1002"}],"wp:attachment":[{"href":"http:\/\/www.produccion.jujuy.gob.ar\/index.php?rest_route=%2Fwp%2Fv2%2Fmedia&parent=1001"}],"wp:term":[{"taxonomy":"category","embeddable":true,"href":"http:\/\/www.produccion.jujuy.gob.ar\/index.php?rest_route=%2Fwp%2Fv2%2Fcategories&post=1001"},{"taxonomy":"post_tag","embeddable":true,"href":"http:\/\/www.produccion.jujuy.gob.ar\/index.php?rest_route=%2Fwp%2Fv2%2Ftags&post=1001"}],"curies":[{"name":"wp","href":"https:\/\/api.w.org\/{rel}","templated":true}]}}