{"id":1007,"date":"2021-07-07T15:45:32","date_gmt":"2021-07-07T15:45:32","guid":{"rendered":"http:\/\/www.produccion.jujuy.gob.ar\/?p=1007"},"modified":"2021-07-07T15:45:33","modified_gmt":"2021-07-07T15:45:33","slug":"plan-ganadero-gobierno-y-privados-avanzan-en-puntos-comunes","status":"publish","type":"post","link":"http:\/\/www.produccion.jujuy.gob.ar\/?p=1007","title":{"rendered":"Plan Ganadero: Gobierno y privados avanzan en puntos comunes"},"content":{"rendered":"\n<p>Se acordaron los primeros puntos para avanzar en la postura de la provincia de Jujuy en el marco del nuevo Plan Ganadero Norte Grande.<\/p>\n\n\n\n<p>En el marco de las reuniones que se vienen llevando a cabo para concretar un Plan Ganadero para el Norte Grande, el ministro de Desarrollo Econ\u00f3mico y Producci\u00f3n Exequiel Lello Ivacevich se reuni\u00f3 con las diferentes partes que componen este sector en la provincia.<\/p>\n\n\n\n<p>&nbsp;\u201cPlanteamos la realidad actual de la provincia y se propusieron seis puntos que nos interesa incluir en la ley Ganadera Nacional que est\u00e1 por ser tratada en las pr\u00f3ximas semanas\u201d, dijo el m\u00e1ximo referente de la cartera productiva.<\/p>\n\n\n\n<p>Uno de los puntos que se propusieron tienen que ver con l\u00edneas de financiamiento con tasas acordes y plazos ajustados a los tiempos de la actividad, otro de los puntos agregados es el financiamiento para implantaci\u00f3n de pasturas (labores, fertilizantes y semillas) y confecci\u00f3n de reservas forrajeras.<\/p>\n\n\n\n<p>&nbsp;Tambi\u00e9n se sum\u00f3 la incorporaci\u00f3n de biotecnolog\u00edas reproductivas y compra de reproductores, como punto 4 se propuso la mejora de los planes sanitarios para la prevenci\u00f3n de enfermedades infecciosas, parasitarias y carenciales del rodeo, asimismo se pedir\u00e1 inversiones en infraestructura que permitan mejorar el manejo del rodeo, el abastecimiento de agua, divisiones de potreros para lograr la mayor eficiencia en el pastoreo y mayor productividad.<\/p>\n\n\n\n<p>Adem\u00e1s, se plante\u00f3 la necesidad del fortalecimiento de las Plantas de Faena con financiamiento a tasas blandas para invertir en infraestructura.<\/p>\n\n\n\n<p>&nbsp;\u201cEstos puntos los hemos acordado con los representantes de los distintos sectores de la ganader\u00eda juje\u00f1a, en el transcurso de los d\u00edas nos van a acercar una propuesta que sumar\u00e1 a estos puntos ya planteados\u201d, expres\u00f3 el funcionario tras la reuni\u00f3n.<\/p>\n\n\n\n<p>Por \u00faltimo, el Ministro dijo que las propuestas buscan un horizonte de reglas estables y pol\u00edticas de fomento compatible con los plazos de la actividad.<\/p>\n\n\n\n<p>Estuvieron presentes la secretaria de Desarrollo Productivo Patricia R\u00edos, el director de Desarrollo Ganadero Juan Casasco, por la Sociedad Rural de Jujuy Carlos Zenarruza, Ernesto Echenique, Jorge Flores, Fernando Casares y Jos\u00e9 Echenique y los productores Roberto Hansen y Ricardo Hansen.<\/p>\n","protected":false},"excerpt":{"rendered":"<p>Se acordaron los primeros puntos para avanzar en la postura de la provincia de Jujuy en el marco del nuevo Plan Ganadero Norte Grande. En el marco de las reuniones que se<a class=\"moretag\" href=\"http:\/\/www.produccion.jujuy.gob.ar\/?p=1007\">Leer m\u00e1s&#8230;<\/a><\/p>\n","protected":false},"author":2,"featured_media":1008,"comment_status":"closed","ping_status":"open","sticky":false,"template":"","format":"standard","meta":[],"categories":[1],"tags":[],"yoast_head":"<!-- This site is optimized with the Yoast SEO plugin v18.3 - https:\/\/yoast.com\/wordpress\/plugins\/seo\/ -->\n<title>Plan Ganadero: Gobierno y privados avanzan en puntos comunes - Ministerio de Desarrollo Econ\u00f3mico y Producci\u00f3n<\/title>\n<meta name=\"robots\" content=\"index, follow, max-snippet:-1, max-image-preview:large, max-video-preview:-1\" \/>\n<link rel=\"canonical\" href=\"http:\/\/www.produccion.jujuy.gob.ar\/?p=1007\" \/>\n<meta property=\"og:locale\" content=\"es_ES\" \/>\n<meta property=\"og:type\" content=\"article\" \/>\n<meta property=\"og:title\" content=\"Plan Ganadero: Gobierno y privados avanzan en puntos comunes - Ministerio de Desarrollo Econ\u00f3mico y Producci\u00f3n\" \/>\n<meta property=\"og:description\" content=\"Se acordaron los primeros puntos para avanzar en la postura de la provincia de Jujuy en el marco del nuevo Plan Ganadero Norte Grande. En el marco de las reuniones que seLeer m\u00e1s...\" \/>\n<meta property=\"og:url\" content=\"http:\/\/www.produccion.jujuy.gob.ar\/?p=1007\" \/>\n<meta property=\"og:site_name\" content=\"Ministerio de Desarrollo Econ\u00f3mico y Producci\u00f3n\" \/>\n<meta property=\"article:published_time\" content=\"2021-07-07T15:45:32+00:00\" \/>\n<meta property=\"article:modified_time\" content=\"2021-07-07T15:45:33+00:00\" \/>\n<meta property=\"og:image\" content=\"http:\/\/www.produccion.jujuy.gob.ar\/wp-content\/uploads\/2021\/07\/whatsapp-image-2021-07-06-at-203106jpeg.jpeg\" \/>\n\t<meta property=\"og:image:width\" content=\"1152\" \/>\n\t<meta property=\"og:image:height\" content=\"648\" \/>\n\t<meta property=\"og:image:type\" content=\"image\/jpeg\" \/>\n<meta name=\"twitter:card\" content=\"summary_large_image\" \/>\n<meta name=\"twitter:label1\" content=\"Escrito por\" \/>\n\t<meta name=\"twitter:data1\" content=\"prensa prensa\" \/>\n\t<meta name=\"twitter:label2\" content=\"Tiempo de lectura\" \/>\n\t<meta name=\"twitter:data2\" content=\"2 minutos\" \/>\n<script type=\"application\/ld+json\" class=\"yoast-schema-graph\">{\"@context\":\"https:\/\/schema.org\",\"@graph\":[{\"@type\":\"WebSite\",\"@id\":\"http:\/\/www.produccion.jujuy.gob.ar\/#website\",\"url\":\"http:\/\/www.produccion.jujuy.gob.ar\/\",\"name\":\"Ministerio de Desarrollo Econ\u00f3mico y Producci\u00f3n\",\"description\":\"\",\"potentialAction\":[{\"@type\":\"SearchAction\",\"target\":{\"@type\":\"EntryPoint\",\"urlTemplate\":\"http:\/\/www.produccion.jujuy.gob.ar\/?s={search_term_string}\"},\"query-input\":\"required name=search_term_string\"}],\"inLanguage\":\"es\"},{\"@type\":\"ImageObject\",\"@id\":\"http:\/\/www.produccion.jujuy.gob.ar\/?p=1007#primaryimage\",\"inLanguage\":\"es\",\"url\":\"http:\/\/www.produccion.jujuy.gob.ar\/wp-content\/uploads\/2021\/07\/whatsapp-image-2021-07-06-at-203106jpeg.jpeg\",\"contentUrl\":\"http:\/\/www.produccion.jujuy.gob.ar\/wp-content\/uploads\/2021\/07\/whatsapp-image-2021-07-06-at-203106jpeg.jpeg\",\"width\":1152,\"height\":648},{\"@type\":\"WebPage\",\"@id\":\"http:\/\/www.produccion.jujuy.gob.ar\/?p=1007#webpage\",\"url\":\"http:\/\/www.produccion.jujuy.gob.ar\/?p=1007\",\"name\":\"Plan Ganadero: Gobierno y privados avanzan en puntos comunes - Ministerio de Desarrollo Econ\u00f3mico y Producci\u00f3n\",\"isPartOf\":{\"@id\":\"http:\/\/www.produccion.jujuy.gob.ar\/#website\"},\"primaryImageOfPage\":{\"@id\":\"http:\/\/www.produccion.jujuy.gob.ar\/?p=1007#primaryimage\"},\"datePublished\":\"2021-07-07T15:45:32+00:00\",\"dateModified\":\"2021-07-07T15:45:33+00:00\",\"author\":{\"@id\":\"http:\/\/www.produccion.jujuy.gob.ar\/#\/schema\/person\/4b22a01d694f4bbb88e5d19dca067d1d\"},\"breadcrumb\":{\"@id\":\"http:\/\/www.produccion.jujuy.gob.ar\/?p=1007#breadcrumb\"},\"inLanguage\":\"es\",\"potentialAction\":[{\"@type\":\"ReadAction\",\"target\":[\"http:\/\/www.produccion.jujuy.gob.ar\/?p=1007\"]}]},{\"@type\":\"BreadcrumbList\",\"@id\":\"http:\/\/www.produccion.jujuy.gob.ar\/?p=1007#breadcrumb\",\"itemListElement\":[{\"@type\":\"ListItem\",\"position\":1,\"name\":\"Portada\",\"item\":\"https:\/\/www.produccion.jujuy.gob.ar\/\"},{\"@type\":\"ListItem\",\"position\":2,\"name\":\"Plan Ganadero: Gobierno y privados avanzan en puntos comunes\"}]},{\"@type\":\"Person\",\"@id\":\"http:\/\/www.produccion.jujuy.gob.ar\/#\/schema\/person\/4b22a01d694f4bbb88e5d19dca067d1d\",\"name\":\"prensa prensa\",\"image\":{\"@type\":\"ImageObject\",\"@id\":\"http:\/\/www.produccion.jujuy.gob.ar\/#personlogo\",\"inLanguage\":\"es\",\"url\":\"http:\/\/2.gravatar.com\/avatar\/869d66de5c875fb1c978e5ff7404f639?s=96&d=mm&r=g\",\"contentUrl\":\"http:\/\/2.gravatar.com\/avatar\/869d66de5c875fb1c978e5ff7404f639?s=96&d=mm&r=g\",\"caption\":\"prensa prensa\"},\"url\":\"http:\/\/www.produccion.jujuy.gob.ar\/?author=2\"}]}<\/script>\n<!-- \/ Yoast SEO plugin. -->","yoast_head_json":{"title":"Plan Ganadero: Gobierno y privados avanzan en puntos comunes - Ministerio de Desarrollo Econ\u00f3mico y Producci\u00f3n","robots":{"index":"index","follow":"follow","max-snippet":"max-snippet:-1","max-image-preview":"max-image-preview:large","max-video-preview":"max-video-preview:-1"},"canonical":"http:\/\/www.produccion.jujuy.gob.ar\/?p=1007","og_locale":"es_ES","og_type":"article","og_title":"Plan Ganadero: Gobierno y privados avanzan en puntos comunes - Ministerio de Desarrollo Econ\u00f3mico y Producci\u00f3n","og_description":"Se acordaron los primeros puntos para avanzar en la postura de la provincia de Jujuy en el marco del nuevo Plan Ganadero Norte Grande. En el marco de las reuniones que seLeer m\u00e1s...","og_url":"http:\/\/www.produccion.jujuy.gob.ar\/?p=1007","og_site_name":"Ministerio de Desarrollo Econ\u00f3mico y Producci\u00f3n","article_published_time":"2021-07-07T15:45:32+00:00","article_modified_time":"2021-07-07T15:45:33+00:00","og_image":[{"width":1152,"height":648,"url":"http:\/\/www.produccion.jujuy.gob.ar\/wp-content\/uploads\/2021\/07\/whatsapp-image-2021-07-06-at-203106jpeg.jpeg","type":"image\/jpeg"}],"twitter_card":"summary_large_image","twitter_misc":{"Escrito por":"prensa prensa","Tiempo de lectura":"2 minutos"},"schema":{"@context":"https:\/\/schema.org","@graph":[{"@type":"WebSite","@id":"http:\/\/www.produccion.jujuy.gob.ar\/#website","url":"http:\/\/www.produccion.jujuy.gob.ar\/","name":"Ministerio de Desarrollo Econ\u00f3mico y Producci\u00f3n","description":"","potentialAction":[{"@type":"SearchAction","target":{"@type":"EntryPoint","urlTemplate":"http:\/\/www.produccion.jujuy.gob.ar\/?s={search_term_string}"},"query-input":"required name=search_term_string"}],"inLanguage":"es"},{"@type":"ImageObject","@id":"http:\/\/www.produccion.jujuy.gob.ar\/?p=1007#primaryimage","inLanguage":"es","url":"http:\/\/www.produccion.jujuy.gob.ar\/wp-content\/uploads\/2021\/07\/whatsapp-image-2021-07-06-at-203106jpeg.jpeg","contentUrl":"http:\/\/www.produccion.jujuy.gob.ar\/wp-content\/uploads\/2021\/07\/whatsapp-image-2021-07-06-at-203106jpeg.jpeg","width":1152,"height":648},{"@type":"WebPage","@id":"http:\/\/www.produccion.jujuy.gob.ar\/?p=1007#webpage","url":"http:\/\/www.produccion.jujuy.gob.ar\/?p=1007","name":"Plan Ganadero: Gobierno y privados avanzan en puntos comunes - Ministerio de Desarrollo Econ\u00f3mico y Producci\u00f3n","isPartOf":{"@id":"http:\/\/www.produccion.jujuy.gob.ar\/#website"},"primaryImageOfPage":{"@id":"http:\/\/www.produccion.jujuy.gob.ar\/?p=1007#primaryimage"},"datePublished":"2021-07-07T15:45:32+00:00","dateModified":"2021-07-07T15:45:33+00:00","author":{"@id":"http:\/\/www.produccion.jujuy.gob.ar\/#\/schema\/person\/4b22a01d694f4bbb88e5d19dca067d1d"},"breadcrumb":{"@id":"http:\/\/www.produccion.jujuy.gob.ar\/?p=1007#breadcrumb"},"inLanguage":"es","potentialAction":[{"@type":"ReadAction","target":["http:\/\/www.produccion.jujuy.gob.ar\/?p=1007"]}]},{"@type":"BreadcrumbList","@id":"http:\/\/www.produccion.jujuy.gob.ar\/?p=1007#breadcrumb","itemListElement":[{"@type":"ListItem","position":1,"name":"Portada","item":"https:\/\/www.produccion.jujuy.gob.ar\/"},{"@type":"ListItem","position":2,"name":"Plan Ganadero: Gobierno y privados avanzan en puntos comunes"}]},{"@type":"Person","@id":"http:\/\/www.produccion.jujuy.gob.ar\/#\/schema\/person\/4b22a01d694f4bbb88e5d19dca067d1d","name":"prensa prensa","image":{"@type":"ImageObject","@id":"http:\/\/www.produccion.jujuy.gob.ar\/#personlogo","inLanguage":"es","url":"http:\/\/2.gravatar.com\/avatar\/869d66de5c875fb1c978e5ff7404f639?s=96&d=mm&r=g","contentUrl":"http:\/\/2.gravatar.com\/avatar\/869d66de5c875fb1c978e5ff7404f639?s=96&d=mm&r=g","caption":"prensa prensa"},"url":"http:\/\/www.produccion.jujuy.gob.ar\/?author=2"}]}},"_links":{"self":[{"href":"http:\/\/www.produccion.jujuy.gob.ar\/index.php?rest_route=\/wp\/v2\/posts\/1007"}],"collection":[{"href":"http:\/\/www.produccion.jujuy.gob.ar\/index.php?rest_route=\/wp\/v2\/posts"}],"about":[{"href":"http:\/\/www.produccion.jujuy.gob.ar\/index.php?rest_route=\/wp\/v2\/types\/post"}],"author":[{"embeddable":true,"href":"http:\/\/www.produccion.jujuy.gob.ar\/index.php?rest_route=\/wp\/v2\/users\/2"}],"replies":[{"embeddable":true,"href":"http:\/\/www.produccion.jujuy.gob.ar\/index.php?rest_route=%2Fwp%2Fv2%2Fcomments&post=1007"}],"version-history":[{"count":1,"href":"http:\/\/www.produccion.jujuy.gob.ar\/index.php?rest_route=\/wp\/v2\/posts\/1007\/revisions"}],"predecessor-version":[{"id":1009,"href":"http:\/\/www.produccion.jujuy.gob.ar\/index.php?rest_route=\/wp\/v2\/posts\/1007\/revisions\/1009"}],"wp:featuredmedia":[{"embeddable":true,"href":"http:\/\/www.produccion.jujuy.gob.ar\/index.php?rest_route=\/wp\/v2\/media\/1008"}],"wp:attachment":[{"href":"http:\/\/www.produccion.jujuy.gob.ar\/index.php?rest_route=%2Fwp%2Fv2%2Fmedia&parent=1007"}],"wp:term":[{"taxonomy":"category","embeddable":true,"href":"http:\/\/www.produccion.jujuy.gob.ar\/index.php?rest_route=%2Fwp%2Fv2%2Fcategories&post=1007"},{"taxonomy":"post_tag","embeddable":true,"href":"http:\/\/www.produccion.jujuy.gob.ar\/index.php?rest_route=%2Fwp%2Fv2%2Ftags&post=1007"}],"curies":[{"name":"wp","href":"https:\/\/api.w.org\/{rel}","templated":true}]}}