{"id":1064,"date":"2021-07-26T12:40:02","date_gmt":"2021-07-26T12:40:02","guid":{"rendered":"http:\/\/www.produccion.jujuy.gob.ar\/?p=1064"},"modified":"2021-07-26T12:40:03","modified_gmt":"2021-07-26T12:40:03","slug":"fibra-de-vicuna-rumbo-a-la-industria-textil-de-italia","status":"publish","type":"post","link":"http:\/\/www.produccion.jujuy.gob.ar\/?p=1064","title":{"rendered":"Fibra de vicu\u00f1a rumbo a la industria textil de Italia"},"content":{"rendered":"\n<p>En busca de expandir la comercializaci\u00f3n de fibra de vicu\u00f1a se envi\u00f3 un vell\u00f3n en bruto a Italia para su an\u00e1lisis y evaluaci\u00f3n.<\/p>\n\n\n\n<p>El Ministerio de Desarrollo Econ\u00f3mico y Producci\u00f3n busca expandir la comercializaci\u00f3n de fibra de vicu\u00f1a, por ese motivo envi\u00f3 un vell\u00f3n en bruto a Italia para su an\u00e1lisis y evaluaci\u00f3n. La iniciativa consolidar\u00e1 la actividad en la regi\u00f3n y brindar\u00e1 a las comunidades la oportunidad de generar los ingresos necesarios para su progreso.<\/p>\n\n\n\n<p>El ministro de Desarrollo Econ\u00f3mico y Producci\u00f3n Exequiel Lello Ivacevich, indic\u00f3 que esa posibilidad de exportar se dio por una demanda de la industria textil de Italia, \u201chemos trabajado con el Ministerio de Ambiente a fin de tener los permisos y remitir una muestra de vell\u00f3n de fibra de vicu\u00f1a en bruto de 180 gramos para su an\u00e1lisis y evaluaci\u00f3n, para posteriormente consolidar el v\u00ednculo y las operaciones comerciales que de ella deriven\u201d.<\/p>\n\n\n\n<p>Adem\u00e1s, agreg\u00f3 que la semana pasada se llev\u00f3 a cabo una reuni\u00f3n virtual con el representante en Argentina de la empresa textil de Italia Carlos Bustamante para concluir el env\u00edo de la muestra de fibra de vicu\u00f1a para su an\u00e1lisis.<\/p>\n\n\n\n<p>En ese sentido expres\u00f3 que actualmente las comunidades de la provincia de Jujuy cuentan con un stock acopiado de fibra de vicu\u00f1a de aproximadamente 900 Kg., con potencialidad de comercializaci\u00f3n tanto en el mercado nacional como internacional. Participaron de la reuni\u00f3n los secretarios de Desarrollo Industrial y Comercial Jos\u00e9 Rossetto, de Biodiversidad y Desarrollo Sustentable del Ministerio de Ambiente Ver\u00f3nica Sato y la directora de Agencia de Comercializaci\u00f3n M\u00f3nica Salas.<\/p>\n","protected":false},"excerpt":{"rendered":"<p>En busca de expandir la comercializaci\u00f3n de fibra de vicu\u00f1a se envi\u00f3 un vell\u00f3n en bruto a Italia para su an\u00e1lisis y evaluaci\u00f3n. El Ministerio de Desarrollo Econ\u00f3mico y Producci\u00f3n busca expandir<a class=\"moretag\" href=\"http:\/\/www.produccion.jujuy.gob.ar\/?p=1064\">Leer m\u00e1s&#8230;<\/a><\/p>\n","protected":false},"author":2,"featured_media":1065,"comment_status":"closed","ping_status":"open","sticky":false,"template":"","format":"standard","meta":[],"categories":[1],"tags":[],"yoast_head":"<!-- This site is optimized with the Yoast SEO plugin v18.3 - https:\/\/yoast.com\/wordpress\/plugins\/seo\/ -->\n<title>Fibra de vicu\u00f1a rumbo a la industria textil de Italia - Ministerio de Desarrollo Econ\u00f3mico y Producci\u00f3n<\/title>\n<meta name=\"robots\" content=\"index, follow, max-snippet:-1, max-image-preview:large, max-video-preview:-1\" \/>\n<link rel=\"canonical\" href=\"http:\/\/www.produccion.jujuy.gob.ar\/?p=1064\" \/>\n<meta property=\"og:locale\" content=\"es_ES\" \/>\n<meta property=\"og:type\" content=\"article\" \/>\n<meta property=\"og:title\" content=\"Fibra de vicu\u00f1a rumbo a la industria textil de Italia - Ministerio de Desarrollo Econ\u00f3mico y Producci\u00f3n\" \/>\n<meta property=\"og:description\" content=\"En busca de expandir la comercializaci\u00f3n de fibra de vicu\u00f1a se envi\u00f3 un vell\u00f3n en bruto a Italia para su an\u00e1lisis y evaluaci\u00f3n. El Ministerio de Desarrollo Econ\u00f3mico y Producci\u00f3n busca expandirLeer m\u00e1s...\" \/>\n<meta property=\"og:url\" content=\"http:\/\/www.produccion.jujuy.gob.ar\/?p=1064\" \/>\n<meta property=\"og:site_name\" content=\"Ministerio de Desarrollo Econ\u00f3mico y Producci\u00f3n\" \/>\n<meta property=\"article:published_time\" content=\"2021-07-26T12:40:02+00:00\" \/>\n<meta property=\"article:modified_time\" content=\"2021-07-26T12:40:03+00:00\" \/>\n<meta property=\"og:image\" content=\"http:\/\/www.produccion.jujuy.gob.ar\/wp-content\/uploads\/2021\/07\/comercializacion-fibra-vicuna.jpeg\" \/>\n\t<meta property=\"og:image:width\" content=\"1200\" \/>\n\t<meta property=\"og:image:height\" content=\"675\" \/>\n\t<meta property=\"og:image:type\" content=\"image\/jpeg\" \/>\n<meta name=\"twitter:card\" content=\"summary_large_image\" \/>\n<meta name=\"twitter:label1\" content=\"Escrito por\" \/>\n\t<meta name=\"twitter:data1\" content=\"prensa prensa\" \/>\n\t<meta name=\"twitter:label2\" content=\"Tiempo de lectura\" \/>\n\t<meta name=\"twitter:data2\" content=\"1 minuto\" \/>\n<script type=\"application\/ld+json\" class=\"yoast-schema-graph\">{\"@context\":\"https:\/\/schema.org\",\"@graph\":[{\"@type\":\"WebSite\",\"@id\":\"http:\/\/www.produccion.jujuy.gob.ar\/#website\",\"url\":\"http:\/\/www.produccion.jujuy.gob.ar\/\",\"name\":\"Ministerio de Desarrollo Econ\u00f3mico y Producci\u00f3n\",\"description\":\"\",\"potentialAction\":[{\"@type\":\"SearchAction\",\"target\":{\"@type\":\"EntryPoint\",\"urlTemplate\":\"http:\/\/www.produccion.jujuy.gob.ar\/?s={search_term_string}\"},\"query-input\":\"required name=search_term_string\"}],\"inLanguage\":\"es\"},{\"@type\":\"ImageObject\",\"@id\":\"http:\/\/www.produccion.jujuy.gob.ar\/?p=1064#primaryimage\",\"inLanguage\":\"es\",\"url\":\"http:\/\/www.produccion.jujuy.gob.ar\/wp-content\/uploads\/2021\/07\/comercializacion-fibra-vicuna.jpeg\",\"contentUrl\":\"http:\/\/www.produccion.jujuy.gob.ar\/wp-content\/uploads\/2021\/07\/comercializacion-fibra-vicuna.jpeg\",\"width\":1200,\"height\":675},{\"@type\":\"WebPage\",\"@id\":\"http:\/\/www.produccion.jujuy.gob.ar\/?p=1064#webpage\",\"url\":\"http:\/\/www.produccion.jujuy.gob.ar\/?p=1064\",\"name\":\"Fibra de vicu\u00f1a rumbo a la industria textil de Italia - Ministerio de Desarrollo Econ\u00f3mico y Producci\u00f3n\",\"isPartOf\":{\"@id\":\"http:\/\/www.produccion.jujuy.gob.ar\/#website\"},\"primaryImageOfPage\":{\"@id\":\"http:\/\/www.produccion.jujuy.gob.ar\/?p=1064#primaryimage\"},\"datePublished\":\"2021-07-26T12:40:02+00:00\",\"dateModified\":\"2021-07-26T12:40:03+00:00\",\"author\":{\"@id\":\"http:\/\/www.produccion.jujuy.gob.ar\/#\/schema\/person\/4b22a01d694f4bbb88e5d19dca067d1d\"},\"breadcrumb\":{\"@id\":\"http:\/\/www.produccion.jujuy.gob.ar\/?p=1064#breadcrumb\"},\"inLanguage\":\"es\",\"potentialAction\":[{\"@type\":\"ReadAction\",\"target\":[\"http:\/\/www.produccion.jujuy.gob.ar\/?p=1064\"]}]},{\"@type\":\"BreadcrumbList\",\"@id\":\"http:\/\/www.produccion.jujuy.gob.ar\/?p=1064#breadcrumb\",\"itemListElement\":[{\"@type\":\"ListItem\",\"position\":1,\"name\":\"Portada\",\"item\":\"http:\/\/www.produccion.jujuy.gob.ar\/\"},{\"@type\":\"ListItem\",\"position\":2,\"name\":\"Fibra de vicu\u00f1a rumbo a la industria textil de Italia\"}]},{\"@type\":\"Person\",\"@id\":\"http:\/\/www.produccion.jujuy.gob.ar\/#\/schema\/person\/4b22a01d694f4bbb88e5d19dca067d1d\",\"name\":\"prensa prensa\",\"image\":{\"@type\":\"ImageObject\",\"@id\":\"http:\/\/www.produccion.jujuy.gob.ar\/#personlogo\",\"inLanguage\":\"es\",\"url\":\"http:\/\/2.gravatar.com\/avatar\/869d66de5c875fb1c978e5ff7404f639?s=96&d=mm&r=g\",\"contentUrl\":\"http:\/\/2.gravatar.com\/avatar\/869d66de5c875fb1c978e5ff7404f639?s=96&d=mm&r=g\",\"caption\":\"prensa prensa\"},\"url\":\"http:\/\/www.produccion.jujuy.gob.ar\/?author=2\"}]}<\/script>\n<!-- \/ Yoast SEO plugin. -->","yoast_head_json":{"title":"Fibra de vicu\u00f1a rumbo a la industria textil de Italia - Ministerio de Desarrollo Econ\u00f3mico y Producci\u00f3n","robots":{"index":"index","follow":"follow","max-snippet":"max-snippet:-1","max-image-preview":"max-image-preview:large","max-video-preview":"max-video-preview:-1"},"canonical":"http:\/\/www.produccion.jujuy.gob.ar\/?p=1064","og_locale":"es_ES","og_type":"article","og_title":"Fibra de vicu\u00f1a rumbo a la industria textil de Italia - Ministerio de Desarrollo Econ\u00f3mico y Producci\u00f3n","og_description":"En busca de expandir la comercializaci\u00f3n de fibra de vicu\u00f1a se envi\u00f3 un vell\u00f3n en bruto a Italia para su an\u00e1lisis y evaluaci\u00f3n. El Ministerio de Desarrollo Econ\u00f3mico y Producci\u00f3n busca expandirLeer m\u00e1s...","og_url":"http:\/\/www.produccion.jujuy.gob.ar\/?p=1064","og_site_name":"Ministerio de Desarrollo Econ\u00f3mico y Producci\u00f3n","article_published_time":"2021-07-26T12:40:02+00:00","article_modified_time":"2021-07-26T12:40:03+00:00","og_image":[{"width":1200,"height":675,"url":"http:\/\/www.produccion.jujuy.gob.ar\/wp-content\/uploads\/2021\/07\/comercializacion-fibra-vicuna.jpeg","type":"image\/jpeg"}],"twitter_card":"summary_large_image","twitter_misc":{"Escrito por":"prensa prensa","Tiempo de lectura":"1 minuto"},"schema":{"@context":"https:\/\/schema.org","@graph":[{"@type":"WebSite","@id":"http:\/\/www.produccion.jujuy.gob.ar\/#website","url":"http:\/\/www.produccion.jujuy.gob.ar\/","name":"Ministerio de Desarrollo Econ\u00f3mico y Producci\u00f3n","description":"","potentialAction":[{"@type":"SearchAction","target":{"@type":"EntryPoint","urlTemplate":"http:\/\/www.produccion.jujuy.gob.ar\/?s={search_term_string}"},"query-input":"required name=search_term_string"}],"inLanguage":"es"},{"@type":"ImageObject","@id":"http:\/\/www.produccion.jujuy.gob.ar\/?p=1064#primaryimage","inLanguage":"es","url":"http:\/\/www.produccion.jujuy.gob.ar\/wp-content\/uploads\/2021\/07\/comercializacion-fibra-vicuna.jpeg","contentUrl":"http:\/\/www.produccion.jujuy.gob.ar\/wp-content\/uploads\/2021\/07\/comercializacion-fibra-vicuna.jpeg","width":1200,"height":675},{"@type":"WebPage","@id":"http:\/\/www.produccion.jujuy.gob.ar\/?p=1064#webpage","url":"http:\/\/www.produccion.jujuy.gob.ar\/?p=1064","name":"Fibra de vicu\u00f1a rumbo a la industria textil de Italia - Ministerio de Desarrollo Econ\u00f3mico y Producci\u00f3n","isPartOf":{"@id":"http:\/\/www.produccion.jujuy.gob.ar\/#website"},"primaryImageOfPage":{"@id":"http:\/\/www.produccion.jujuy.gob.ar\/?p=1064#primaryimage"},"datePublished":"2021-07-26T12:40:02+00:00","dateModified":"2021-07-26T12:40:03+00:00","author":{"@id":"http:\/\/www.produccion.jujuy.gob.ar\/#\/schema\/person\/4b22a01d694f4bbb88e5d19dca067d1d"},"breadcrumb":{"@id":"http:\/\/www.produccion.jujuy.gob.ar\/?p=1064#breadcrumb"},"inLanguage":"es","potentialAction":[{"@type":"ReadAction","target":["http:\/\/www.produccion.jujuy.gob.ar\/?p=1064"]}]},{"@type":"BreadcrumbList","@id":"http:\/\/www.produccion.jujuy.gob.ar\/?p=1064#breadcrumb","itemListElement":[{"@type":"ListItem","position":1,"name":"Portada","item":"http:\/\/www.produccion.jujuy.gob.ar\/"},{"@type":"ListItem","position":2,"name":"Fibra de vicu\u00f1a rumbo a la industria textil de Italia"}]},{"@type":"Person","@id":"http:\/\/www.produccion.jujuy.gob.ar\/#\/schema\/person\/4b22a01d694f4bbb88e5d19dca067d1d","name":"prensa prensa","image":{"@type":"ImageObject","@id":"http:\/\/www.produccion.jujuy.gob.ar\/#personlogo","inLanguage":"es","url":"http:\/\/2.gravatar.com\/avatar\/869d66de5c875fb1c978e5ff7404f639?s=96&d=mm&r=g","contentUrl":"http:\/\/2.gravatar.com\/avatar\/869d66de5c875fb1c978e5ff7404f639?s=96&d=mm&r=g","caption":"prensa prensa"},"url":"http:\/\/www.produccion.jujuy.gob.ar\/?author=2"}]}},"_links":{"self":[{"href":"http:\/\/www.produccion.jujuy.gob.ar\/index.php?rest_route=\/wp\/v2\/posts\/1064"}],"collection":[{"href":"http:\/\/www.produccion.jujuy.gob.ar\/index.php?rest_route=\/wp\/v2\/posts"}],"about":[{"href":"http:\/\/www.produccion.jujuy.gob.ar\/index.php?rest_route=\/wp\/v2\/types\/post"}],"author":[{"embeddable":true,"href":"http:\/\/www.produccion.jujuy.gob.ar\/index.php?rest_route=\/wp\/v2\/users\/2"}],"replies":[{"embeddable":true,"href":"http:\/\/www.produccion.jujuy.gob.ar\/index.php?rest_route=%2Fwp%2Fv2%2Fcomments&post=1064"}],"version-history":[{"count":1,"href":"http:\/\/www.produccion.jujuy.gob.ar\/index.php?rest_route=\/wp\/v2\/posts\/1064\/revisions"}],"predecessor-version":[{"id":1066,"href":"http:\/\/www.produccion.jujuy.gob.ar\/index.php?rest_route=\/wp\/v2\/posts\/1064\/revisions\/1066"}],"wp:featuredmedia":[{"embeddable":true,"href":"http:\/\/www.produccion.jujuy.gob.ar\/index.php?rest_route=\/wp\/v2\/media\/1065"}],"wp:attachment":[{"href":"http:\/\/www.produccion.jujuy.gob.ar\/index.php?rest_route=%2Fwp%2Fv2%2Fmedia&parent=1064"}],"wp:term":[{"taxonomy":"category","embeddable":true,"href":"http:\/\/www.produccion.jujuy.gob.ar\/index.php?rest_route=%2Fwp%2Fv2%2Fcategories&post=1064"},{"taxonomy":"post_tag","embeddable":true,"href":"http:\/\/www.produccion.jujuy.gob.ar\/index.php?rest_route=%2Fwp%2Fv2%2Ftags&post=1064"}],"curies":[{"name":"wp","href":"https:\/\/api.w.org\/{rel}","templated":true}]}}