{"id":1067,"date":"2021-07-26T12:42:02","date_gmt":"2021-07-26T12:42:02","guid":{"rendered":"http:\/\/www.produccion.jujuy.gob.ar\/?p=1067"},"modified":"2021-07-26T12:42:03","modified_gmt":"2021-07-26T12:42:03","slug":"participacion-activa-de-jujuy-en-busca-de-un-plan-ganadero-federal","status":"publish","type":"post","link":"http:\/\/www.produccion.jujuy.gob.ar\/?p=1067","title":{"rendered":"Participaci\u00f3n activa de Jujuy en busca de un Plan Ganadero Federal"},"content":{"rendered":"\n<p>La provincia de Jujuy particip\u00f3 de la mesa t\u00e9cnica nacional que busca consolidar un Plan Ganadero Federal.<\/p>\n\n\n\n<p>Con el objetivo de avanzar en un Plan Ganadero Federal, el ministro de Desarrollo Econ\u00f3mico y Producci\u00f3n Exequiel Lello Ivacevich particip\u00f3 de la mesa t\u00e9cnica regional precedida por el ministro de Agricultura de Naci\u00f3n Luis Basterra.<\/p>\n\n\n\n<p>De la reuni\u00f3n participaron ministros de las carteras productivas de las provincias del Norte Grande, autoridades de INTI y SENASA, en la misma se avanz\u00f3 sobre los lineamientos comunes solicitados por todas las provincias que integran el bloque, \u201cel gran desaf\u00edo es llegar a todos los objetivos planteados y consensuar con los beneficiados del Plan Ganadero porque si no dif\u00edcilmente pueda ser sostenible en el tiempo, por eso es muy bueno trabajarlos desde las provincias con los productores y que se formule de abajo hacia arriba que es la forma m\u00e1s federal de construcci\u00f3n\u201d, expuso Lello Ivacevich.<\/p>\n\n\n\n<p>En este contexto agreg\u00f3 que la cadena de cam\u00e9lidos no se incluy\u00f3 en el acta \u201cen el marco de la diversificaci\u00f3n de la ganader\u00eda argentina y con una proyecci\u00f3n a mercados exteriores, la carne de cam\u00e9lidos tiene un gran potencial para poder exportarse, as\u00ed que se tendr\u00eda que contemplar\u201d.<\/p>\n\n\n\n<p>Asimismo, dijo que \u201cdesde Jujuy se viene trabajando con SENASA en el matadero de Cieneguillas que tendr\u00e1 tr\u00e1nsito federal de cam\u00e9lidos, con esta decisi\u00f3n le podremos proporcionar un mercado a nuestros productores de la Puna\u201d.<\/p>\n\n\n\n<p>&nbsp;Destac\u00f3 que desde la provincia con los programas PROCANOR y GIRSAR se llevan adelante pol\u00edticas para un plan ganadero provincial que apunta a la infraestructura de mataderos.<\/p>\n\n\n\n<p>Durante el c\u00f3nclave present\u00f3 dos requerimientos puntuales, uno de ellos fue la disponibilidad de l\u00edneas de financiamiento con tasas acordes y plazos ajustados a los tiempos de la actividad ganadera, \u201ctenemos un 80% que son peque\u00f1os productores que les cuesta cumplir con requisitos bancarios, nosotros desde la provincia estamos avanzando en forma asociativa, pero ser\u00eda muy bueno que se contemple conocer la realidad\u201d, agregando que en Jujuy el 42% son mujeres sostenes de hogar.<\/p>\n\n\n\n<p>\u201cEn nuestra provincia de la agricultura dependen muchas familias y tendr\u00edamos que apuntalar ese sector que es el que va a llevar la recuperaci\u00f3n argentina de la periferia al centro y no al rev\u00e9s\u201d enfatiz\u00f3.<\/p>\n\n\n\n<p>&nbsp;El segundo pedido fue en referencia a cupificar los cr\u00e9ditos, \u201cporque muchas veces pasa que las provincias tienen mayor capacidad de formulaci\u00f3n de proyectos y ocupan todas las l\u00edneas de financiamiento y las provincias con menos capacidad t\u00e9cnicas no llegan ni a presentar carpetas\u201d.<\/p>\n\n\n\n<p>Acompa\u00f1aron al ministro en el encuentro, la secretaria de Desarrollo Productivo Patricia R\u00edos y el director de Desarrollo Ganadero Juan Casasco.<\/p>\n","protected":false},"excerpt":{"rendered":"<p>La provincia de Jujuy particip\u00f3 de la mesa t\u00e9cnica nacional que busca consolidar un Plan Ganadero Federal. Con el objetivo de avanzar en un Plan Ganadero Federal, el ministro de Desarrollo Econ\u00f3mico<a class=\"moretag\" href=\"http:\/\/www.produccion.jujuy.gob.ar\/?p=1067\">Leer m\u00e1s&#8230;<\/a><\/p>\n","protected":false},"author":2,"featured_media":1068,"comment_status":"closed","ping_status":"open","sticky":false,"template":"","format":"standard","meta":[],"categories":[1],"tags":[],"yoast_head":"<!-- This site is optimized with the Yoast SEO plugin v18.3 - https:\/\/yoast.com\/wordpress\/plugins\/seo\/ -->\n<title>Participaci\u00f3n activa de Jujuy en busca de un Plan Ganadero Federal - Ministerio de Desarrollo Econ\u00f3mico y Producci\u00f3n<\/title>\n<meta name=\"robots\" content=\"index, follow, max-snippet:-1, max-image-preview:large, max-video-preview:-1\" \/>\n<link rel=\"canonical\" href=\"http:\/\/www.produccion.jujuy.gob.ar\/?p=1067\" \/>\n<meta property=\"og:locale\" content=\"es_ES\" \/>\n<meta property=\"og:type\" content=\"article\" \/>\n<meta property=\"og:title\" content=\"Participaci\u00f3n activa de Jujuy en busca de un Plan Ganadero Federal - Ministerio de Desarrollo Econ\u00f3mico y Producci\u00f3n\" \/>\n<meta property=\"og:description\" content=\"La provincia de Jujuy particip\u00f3 de la mesa t\u00e9cnica nacional que busca consolidar un Plan Ganadero Federal. Con el objetivo de avanzar en un Plan Ganadero Federal, el ministro de Desarrollo Econ\u00f3micoLeer m\u00e1s...\" \/>\n<meta property=\"og:url\" content=\"http:\/\/www.produccion.jujuy.gob.ar\/?p=1067\" \/>\n<meta property=\"og:site_name\" content=\"Ministerio de Desarrollo Econ\u00f3mico y Producci\u00f3n\" \/>\n<meta property=\"article:published_time\" content=\"2021-07-26T12:42:02+00:00\" \/>\n<meta property=\"article:modified_time\" content=\"2021-07-26T12:42:03+00:00\" \/>\n<meta property=\"og:image\" content=\"http:\/\/www.produccion.jujuy.gob.ar\/wp-content\/uploads\/2021\/07\/mesa-tecnica-regional.jpg\" \/>\n\t<meta property=\"og:image:width\" content=\"1061\" \/>\n\t<meta property=\"og:image:height\" content=\"675\" \/>\n\t<meta property=\"og:image:type\" content=\"image\/jpeg\" \/>\n<meta name=\"twitter:card\" content=\"summary_large_image\" \/>\n<meta name=\"twitter:label1\" content=\"Escrito por\" \/>\n\t<meta name=\"twitter:data1\" content=\"prensa prensa\" \/>\n\t<meta name=\"twitter:label2\" content=\"Tiempo de lectura\" \/>\n\t<meta name=\"twitter:data2\" content=\"2 minutos\" \/>\n<script type=\"application\/ld+json\" class=\"yoast-schema-graph\">{\"@context\":\"https:\/\/schema.org\",\"@graph\":[{\"@type\":\"WebSite\",\"@id\":\"http:\/\/www.produccion.jujuy.gob.ar\/#website\",\"url\":\"http:\/\/www.produccion.jujuy.gob.ar\/\",\"name\":\"Ministerio de Desarrollo Econ\u00f3mico y Producci\u00f3n\",\"description\":\"\",\"potentialAction\":[{\"@type\":\"SearchAction\",\"target\":{\"@type\":\"EntryPoint\",\"urlTemplate\":\"http:\/\/www.produccion.jujuy.gob.ar\/?s={search_term_string}\"},\"query-input\":\"required name=search_term_string\"}],\"inLanguage\":\"es\"},{\"@type\":\"ImageObject\",\"@id\":\"http:\/\/www.produccion.jujuy.gob.ar\/?p=1067#primaryimage\",\"inLanguage\":\"es\",\"url\":\"http:\/\/www.produccion.jujuy.gob.ar\/wp-content\/uploads\/2021\/07\/mesa-tecnica-regional.jpg\",\"contentUrl\":\"http:\/\/www.produccion.jujuy.gob.ar\/wp-content\/uploads\/2021\/07\/mesa-tecnica-regional.jpg\",\"width\":1061,\"height\":675},{\"@type\":\"WebPage\",\"@id\":\"http:\/\/www.produccion.jujuy.gob.ar\/?p=1067#webpage\",\"url\":\"http:\/\/www.produccion.jujuy.gob.ar\/?p=1067\",\"name\":\"Participaci\u00f3n activa de Jujuy en busca de un Plan Ganadero Federal - Ministerio de Desarrollo Econ\u00f3mico y Producci\u00f3n\",\"isPartOf\":{\"@id\":\"http:\/\/www.produccion.jujuy.gob.ar\/#website\"},\"primaryImageOfPage\":{\"@id\":\"http:\/\/www.produccion.jujuy.gob.ar\/?p=1067#primaryimage\"},\"datePublished\":\"2021-07-26T12:42:02+00:00\",\"dateModified\":\"2021-07-26T12:42:03+00:00\",\"author\":{\"@id\":\"http:\/\/www.produccion.jujuy.gob.ar\/#\/schema\/person\/4b22a01d694f4bbb88e5d19dca067d1d\"},\"breadcrumb\":{\"@id\":\"http:\/\/www.produccion.jujuy.gob.ar\/?p=1067#breadcrumb\"},\"inLanguage\":\"es\",\"potentialAction\":[{\"@type\":\"ReadAction\",\"target\":[\"http:\/\/www.produccion.jujuy.gob.ar\/?p=1067\"]}]},{\"@type\":\"BreadcrumbList\",\"@id\":\"http:\/\/www.produccion.jujuy.gob.ar\/?p=1067#breadcrumb\",\"itemListElement\":[{\"@type\":\"ListItem\",\"position\":1,\"name\":\"Portada\",\"item\":\"http:\/\/www.produccion.jujuy.gob.ar\/\"},{\"@type\":\"ListItem\",\"position\":2,\"name\":\"Participaci\u00f3n activa de Jujuy en busca de un Plan Ganadero Federal\"}]},{\"@type\":\"Person\",\"@id\":\"http:\/\/www.produccion.jujuy.gob.ar\/#\/schema\/person\/4b22a01d694f4bbb88e5d19dca067d1d\",\"name\":\"prensa prensa\",\"image\":{\"@type\":\"ImageObject\",\"@id\":\"http:\/\/www.produccion.jujuy.gob.ar\/#personlogo\",\"inLanguage\":\"es\",\"url\":\"http:\/\/2.gravatar.com\/avatar\/869d66de5c875fb1c978e5ff7404f639?s=96&d=mm&r=g\",\"contentUrl\":\"http:\/\/2.gravatar.com\/avatar\/869d66de5c875fb1c978e5ff7404f639?s=96&d=mm&r=g\",\"caption\":\"prensa prensa\"},\"url\":\"http:\/\/www.produccion.jujuy.gob.ar\/?author=2\"}]}<\/script>\n<!-- \/ Yoast SEO plugin. -->","yoast_head_json":{"title":"Participaci\u00f3n activa de Jujuy en busca de un Plan Ganadero Federal - Ministerio de Desarrollo Econ\u00f3mico y Producci\u00f3n","robots":{"index":"index","follow":"follow","max-snippet":"max-snippet:-1","max-image-preview":"max-image-preview:large","max-video-preview":"max-video-preview:-1"},"canonical":"http:\/\/www.produccion.jujuy.gob.ar\/?p=1067","og_locale":"es_ES","og_type":"article","og_title":"Participaci\u00f3n activa de Jujuy en busca de un Plan Ganadero Federal - Ministerio de Desarrollo Econ\u00f3mico y Producci\u00f3n","og_description":"La provincia de Jujuy particip\u00f3 de la mesa t\u00e9cnica nacional que busca consolidar un Plan Ganadero Federal. Con el objetivo de avanzar en un Plan Ganadero Federal, el ministro de Desarrollo Econ\u00f3micoLeer m\u00e1s...","og_url":"http:\/\/www.produccion.jujuy.gob.ar\/?p=1067","og_site_name":"Ministerio de Desarrollo Econ\u00f3mico y Producci\u00f3n","article_published_time":"2021-07-26T12:42:02+00:00","article_modified_time":"2021-07-26T12:42:03+00:00","og_image":[{"width":1061,"height":675,"url":"http:\/\/www.produccion.jujuy.gob.ar\/wp-content\/uploads\/2021\/07\/mesa-tecnica-regional.jpg","type":"image\/jpeg"}],"twitter_card":"summary_large_image","twitter_misc":{"Escrito por":"prensa prensa","Tiempo de lectura":"2 minutos"},"schema":{"@context":"https:\/\/schema.org","@graph":[{"@type":"WebSite","@id":"http:\/\/www.produccion.jujuy.gob.ar\/#website","url":"http:\/\/www.produccion.jujuy.gob.ar\/","name":"Ministerio de Desarrollo Econ\u00f3mico y Producci\u00f3n","description":"","potentialAction":[{"@type":"SearchAction","target":{"@type":"EntryPoint","urlTemplate":"http:\/\/www.produccion.jujuy.gob.ar\/?s={search_term_string}"},"query-input":"required name=search_term_string"}],"inLanguage":"es"},{"@type":"ImageObject","@id":"http:\/\/www.produccion.jujuy.gob.ar\/?p=1067#primaryimage","inLanguage":"es","url":"http:\/\/www.produccion.jujuy.gob.ar\/wp-content\/uploads\/2021\/07\/mesa-tecnica-regional.jpg","contentUrl":"http:\/\/www.produccion.jujuy.gob.ar\/wp-content\/uploads\/2021\/07\/mesa-tecnica-regional.jpg","width":1061,"height":675},{"@type":"WebPage","@id":"http:\/\/www.produccion.jujuy.gob.ar\/?p=1067#webpage","url":"http:\/\/www.produccion.jujuy.gob.ar\/?p=1067","name":"Participaci\u00f3n activa de Jujuy en busca de un Plan Ganadero Federal - Ministerio de Desarrollo Econ\u00f3mico y Producci\u00f3n","isPartOf":{"@id":"http:\/\/www.produccion.jujuy.gob.ar\/#website"},"primaryImageOfPage":{"@id":"http:\/\/www.produccion.jujuy.gob.ar\/?p=1067#primaryimage"},"datePublished":"2021-07-26T12:42:02+00:00","dateModified":"2021-07-26T12:42:03+00:00","author":{"@id":"http:\/\/www.produccion.jujuy.gob.ar\/#\/schema\/person\/4b22a01d694f4bbb88e5d19dca067d1d"},"breadcrumb":{"@id":"http:\/\/www.produccion.jujuy.gob.ar\/?p=1067#breadcrumb"},"inLanguage":"es","potentialAction":[{"@type":"ReadAction","target":["http:\/\/www.produccion.jujuy.gob.ar\/?p=1067"]}]},{"@type":"BreadcrumbList","@id":"http:\/\/www.produccion.jujuy.gob.ar\/?p=1067#breadcrumb","itemListElement":[{"@type":"ListItem","position":1,"name":"Portada","item":"http:\/\/www.produccion.jujuy.gob.ar\/"},{"@type":"ListItem","position":2,"name":"Participaci\u00f3n activa de Jujuy en busca de un Plan Ganadero Federal"}]},{"@type":"Person","@id":"http:\/\/www.produccion.jujuy.gob.ar\/#\/schema\/person\/4b22a01d694f4bbb88e5d19dca067d1d","name":"prensa prensa","image":{"@type":"ImageObject","@id":"http:\/\/www.produccion.jujuy.gob.ar\/#personlogo","inLanguage":"es","url":"http:\/\/2.gravatar.com\/avatar\/869d66de5c875fb1c978e5ff7404f639?s=96&d=mm&r=g","contentUrl":"http:\/\/2.gravatar.com\/avatar\/869d66de5c875fb1c978e5ff7404f639?s=96&d=mm&r=g","caption":"prensa prensa"},"url":"http:\/\/www.produccion.jujuy.gob.ar\/?author=2"}]}},"_links":{"self":[{"href":"http:\/\/www.produccion.jujuy.gob.ar\/index.php?rest_route=\/wp\/v2\/posts\/1067"}],"collection":[{"href":"http:\/\/www.produccion.jujuy.gob.ar\/index.php?rest_route=\/wp\/v2\/posts"}],"about":[{"href":"http:\/\/www.produccion.jujuy.gob.ar\/index.php?rest_route=\/wp\/v2\/types\/post"}],"author":[{"embeddable":true,"href":"http:\/\/www.produccion.jujuy.gob.ar\/index.php?rest_route=\/wp\/v2\/users\/2"}],"replies":[{"embeddable":true,"href":"http:\/\/www.produccion.jujuy.gob.ar\/index.php?rest_route=%2Fwp%2Fv2%2Fcomments&post=1067"}],"version-history":[{"count":1,"href":"http:\/\/www.produccion.jujuy.gob.ar\/index.php?rest_route=\/wp\/v2\/posts\/1067\/revisions"}],"predecessor-version":[{"id":1069,"href":"http:\/\/www.produccion.jujuy.gob.ar\/index.php?rest_route=\/wp\/v2\/posts\/1067\/revisions\/1069"}],"wp:featuredmedia":[{"embeddable":true,"href":"http:\/\/www.produccion.jujuy.gob.ar\/index.php?rest_route=\/wp\/v2\/media\/1068"}],"wp:attachment":[{"href":"http:\/\/www.produccion.jujuy.gob.ar\/index.php?rest_route=%2Fwp%2Fv2%2Fmedia&parent=1067"}],"wp:term":[{"taxonomy":"category","embeddable":true,"href":"http:\/\/www.produccion.jujuy.gob.ar\/index.php?rest_route=%2Fwp%2Fv2%2Fcategories&post=1067"},{"taxonomy":"post_tag","embeddable":true,"href":"http:\/\/www.produccion.jujuy.gob.ar\/index.php?rest_route=%2Fwp%2Fv2%2Ftags&post=1067"}],"curies":[{"name":"wp","href":"https:\/\/api.w.org\/{rel}","templated":true}]}}