{"id":1077,"date":"2021-07-27T13:27:48","date_gmt":"2021-07-27T13:27:48","guid":{"rendered":"http:\/\/www.produccion.jujuy.gob.ar\/?p=1077"},"modified":"2021-07-27T13:27:51","modified_gmt":"2021-07-27T13:27:51","slug":"reunion-con-la-comunidad-aborigen-de-santo-domingo","status":"publish","type":"post","link":"http:\/\/www.produccion.jujuy.gob.ar\/?p=1077","title":{"rendered":"Reuni\u00f3n con la comunidad aborigen de Santo Domingo"},"content":{"rendered":"\n<p>Amplia participaci\u00f3n del Gobierno en la Asamblea Comunitaria aborigen de Santo Domingo para revisar los antecedentes de di\u00e1logo entre la comunidad y SSR Puna Mining.<\/p>\n\n\n\n<p>El secretario de Miner\u00eda e Hidrocarburos del Ministerio de Desarrollo Econ\u00f3mico y producci\u00f3n Miguel Soler, particip\u00f3 de la Asamblea Comunitaria que se llev\u00f3 a cabo en la comunidad aborigen de Santo Domingo para revisar los antecedentes de di\u00e1logo entre la comunidad y SSR Puna Mining.<\/p>\n\n\n\n<p>Soler se\u00f1al\u00f3 que en el c\u00f3nclave se fij\u00f3 una agenda de trabajo, revisando las pautas de convivencia entre todas las partes interesadas durante la vida \u00fatil de la mina, etapa de cierre de mina y postcierre, que se pudo realizar gracias al trabajo y compromiso de di\u00e1logo genuino de todos los actores participantes.<\/p>\n\n\n\n<p>Asimismo, indic\u00f3 que el Gobierno seguir\u00e1 acompa\u00f1ando la gesti\u00f3n ambiental minera para fomentar la generaci\u00f3n de trabajo y el desarrollo comunitario y provincial, a trav\u00e9s de la atracci\u00f3n de nuevas inversiones en exploraci\u00f3n para lograr la generaci\u00f3n de nuevas oportunidades de apertura de emprendimientos mineros.<\/p>\n\n\n\n<p>La agenda se planific\u00f3 bajo diversos puntos, en los que se incluyeron todos los antecedentes previos, y la revisi\u00f3n de dudas y\/o aclaraciones de entendimiento entre todas las partes intervinientes (\u00c1reas de Gobierno Provincial de Cultura, Pueblos Ind\u00edgenas y Miner\u00eda; Empresa&nbsp; y Comunidad). Entre los temas de agenda que se trabaj\u00f3 estuvieron contemplados aspectos culturales, patrimonio arqueol\u00f3gico, ambientales, revisi\u00f3n de acuerdos propuestos y alcanzados por MPSA y la comunidad de Santo Domingo en materia de sustentabilidad social, econ\u00f3mica y ambiental y los mecanismos de consulta y di\u00e1logo entre las partes interesadas.<\/p>\n\n\n\n<p>Participaron de la Asamblea Comunitaria oriundos y residentes de Santo Domingo, miembros de la Comisi\u00f3n Directiva integrada por Nilda Zerda, Rodolfo Apaza, Nancy Llampa, Mario Sumbaino, Emilio Sumbaino; representantes de SSR Puna, gerente de RRHH y RRCC Edgardo Volpi, gerente de Medio Ambiente C\u00e9sar Caleau, Superintendente de Relaciones Comunitarias Telma Zemplin, Coordinador Mario Palma Godoy. En representaci\u00f3n del Gobierno de Jujuy el director Provincial de Miner\u00eda, Jos\u00e9 G\u00f3mez; la secretaria de Pueblos Ind\u00edgenas, Yolanda Cruz; en representaci\u00f3n de la Direcci\u00f3n de Cultura, Jos\u00e9 Luis Tolaba y Cristian Cari y la arque\u00f3loga Natalia Flores de la Consultora Arqueo Ambiental, a cargo del Plan de Gesti\u00f3n Arqueol\u00f3gica.<\/p>\n","protected":false},"excerpt":{"rendered":"<p>Amplia participaci\u00f3n del Gobierno en la Asamblea Comunitaria aborigen de Santo Domingo para revisar los antecedentes de di\u00e1logo entre la comunidad y SSR Puna Mining. El secretario de Miner\u00eda e Hidrocarburos del<a class=\"moretag\" href=\"http:\/\/www.produccion.jujuy.gob.ar\/?p=1077\">Leer m\u00e1s&#8230;<\/a><\/p>\n","protected":false},"author":2,"featured_media":1078,"comment_status":"closed","ping_status":"open","sticky":false,"template":"","format":"standard","meta":[],"categories":[2],"tags":[14,6],"yoast_head":"<!-- This site is optimized with the Yoast SEO plugin v18.3 - https:\/\/yoast.com\/wordpress\/plugins\/seo\/ -->\n<title>Reuni\u00f3n con la comunidad aborigen de Santo Domingo - Ministerio de Desarrollo Econ\u00f3mico y Producci\u00f3n<\/title>\n<meta name=\"robots\" content=\"index, follow, max-snippet:-1, max-image-preview:large, max-video-preview:-1\" \/>\n<link rel=\"canonical\" href=\"http:\/\/www.produccion.jujuy.gob.ar\/?p=1077\" \/>\n<meta property=\"og:locale\" content=\"es_ES\" \/>\n<meta property=\"og:type\" content=\"article\" \/>\n<meta property=\"og:title\" content=\"Reuni\u00f3n con la comunidad aborigen de Santo Domingo - Ministerio de Desarrollo Econ\u00f3mico y Producci\u00f3n\" \/>\n<meta property=\"og:description\" content=\"Amplia participaci\u00f3n del Gobierno en la Asamblea Comunitaria aborigen de Santo Domingo para revisar los antecedentes de di\u00e1logo entre la comunidad y SSR Puna Mining. El secretario de Miner\u00eda e Hidrocarburos delLeer m\u00e1s...\" \/>\n<meta property=\"og:url\" content=\"http:\/\/www.produccion.jujuy.gob.ar\/?p=1077\" \/>\n<meta property=\"og:site_name\" content=\"Ministerio de Desarrollo Econ\u00f3mico y Producci\u00f3n\" \/>\n<meta property=\"article:published_time\" content=\"2021-07-27T13:27:48+00:00\" \/>\n<meta property=\"article:modified_time\" content=\"2021-07-27T13:27:51+00:00\" \/>\n<meta property=\"og:image\" content=\"http:\/\/www.produccion.jujuy.gob.ar\/wp-content\/uploads\/2021\/07\/WhatsApp-Image-2021-07-27-at-10.19.04.jpeg\" \/>\n\t<meta property=\"og:image:width\" content=\"963\" \/>\n\t<meta property=\"og:image:height\" content=\"568\" \/>\n\t<meta property=\"og:image:type\" content=\"image\/jpeg\" \/>\n<meta name=\"twitter:card\" content=\"summary_large_image\" \/>\n<meta name=\"twitter:label1\" content=\"Escrito por\" \/>\n\t<meta name=\"twitter:data1\" content=\"prensa prensa\" \/>\n\t<meta name=\"twitter:label2\" content=\"Tiempo de lectura\" \/>\n\t<meta name=\"twitter:data2\" content=\"2 minutos\" \/>\n<script type=\"application\/ld+json\" class=\"yoast-schema-graph\">{\"@context\":\"https:\/\/schema.org\",\"@graph\":[{\"@type\":\"WebSite\",\"@id\":\"http:\/\/www.produccion.jujuy.gob.ar\/#website\",\"url\":\"http:\/\/www.produccion.jujuy.gob.ar\/\",\"name\":\"Ministerio de Desarrollo Econ\u00f3mico y Producci\u00f3n\",\"description\":\"\",\"potentialAction\":[{\"@type\":\"SearchAction\",\"target\":{\"@type\":\"EntryPoint\",\"urlTemplate\":\"http:\/\/www.produccion.jujuy.gob.ar\/?s={search_term_string}\"},\"query-input\":\"required name=search_term_string\"}],\"inLanguage\":\"es\"},{\"@type\":\"ImageObject\",\"@id\":\"http:\/\/www.produccion.jujuy.gob.ar\/?p=1077#primaryimage\",\"inLanguage\":\"es\",\"url\":\"http:\/\/www.produccion.jujuy.gob.ar\/wp-content\/uploads\/2021\/07\/WhatsApp-Image-2021-07-27-at-10.19.04.jpeg\",\"contentUrl\":\"http:\/\/www.produccion.jujuy.gob.ar\/wp-content\/uploads\/2021\/07\/WhatsApp-Image-2021-07-27-at-10.19.04.jpeg\",\"width\":963,\"height\":568},{\"@type\":\"WebPage\",\"@id\":\"http:\/\/www.produccion.jujuy.gob.ar\/?p=1077#webpage\",\"url\":\"http:\/\/www.produccion.jujuy.gob.ar\/?p=1077\",\"name\":\"Reuni\u00f3n con la comunidad aborigen de Santo Domingo - Ministerio de Desarrollo Econ\u00f3mico y Producci\u00f3n\",\"isPartOf\":{\"@id\":\"http:\/\/www.produccion.jujuy.gob.ar\/#website\"},\"primaryImageOfPage\":{\"@id\":\"http:\/\/www.produccion.jujuy.gob.ar\/?p=1077#primaryimage\"},\"datePublished\":\"2021-07-27T13:27:48+00:00\",\"dateModified\":\"2021-07-27T13:27:51+00:00\",\"author\":{\"@id\":\"http:\/\/www.produccion.jujuy.gob.ar\/#\/schema\/person\/4b22a01d694f4bbb88e5d19dca067d1d\"},\"breadcrumb\":{\"@id\":\"http:\/\/www.produccion.jujuy.gob.ar\/?p=1077#breadcrumb\"},\"inLanguage\":\"es\",\"potentialAction\":[{\"@type\":\"ReadAction\",\"target\":[\"http:\/\/www.produccion.jujuy.gob.ar\/?p=1077\"]}]},{\"@type\":\"BreadcrumbList\",\"@id\":\"http:\/\/www.produccion.jujuy.gob.ar\/?p=1077#breadcrumb\",\"itemListElement\":[{\"@type\":\"ListItem\",\"position\":1,\"name\":\"Portada\",\"item\":\"http:\/\/www.produccion.jujuy.gob.ar\/\"},{\"@type\":\"ListItem\",\"position\":2,\"name\":\"Reuni\u00f3n con la comunidad aborigen de Santo Domingo\"}]},{\"@type\":\"Person\",\"@id\":\"http:\/\/www.produccion.jujuy.gob.ar\/#\/schema\/person\/4b22a01d694f4bbb88e5d19dca067d1d\",\"name\":\"prensa prensa\",\"image\":{\"@type\":\"ImageObject\",\"@id\":\"http:\/\/www.produccion.jujuy.gob.ar\/#personlogo\",\"inLanguage\":\"es\",\"url\":\"http:\/\/2.gravatar.com\/avatar\/869d66de5c875fb1c978e5ff7404f639?s=96&d=mm&r=g\",\"contentUrl\":\"http:\/\/2.gravatar.com\/avatar\/869d66de5c875fb1c978e5ff7404f639?s=96&d=mm&r=g\",\"caption\":\"prensa prensa\"},\"url\":\"http:\/\/www.produccion.jujuy.gob.ar\/?author=2\"}]}<\/script>\n<!-- \/ Yoast SEO plugin. -->","yoast_head_json":{"title":"Reuni\u00f3n con la comunidad aborigen de Santo Domingo - Ministerio de Desarrollo Econ\u00f3mico y Producci\u00f3n","robots":{"index":"index","follow":"follow","max-snippet":"max-snippet:-1","max-image-preview":"max-image-preview:large","max-video-preview":"max-video-preview:-1"},"canonical":"http:\/\/www.produccion.jujuy.gob.ar\/?p=1077","og_locale":"es_ES","og_type":"article","og_title":"Reuni\u00f3n con la comunidad aborigen de Santo Domingo - Ministerio de Desarrollo Econ\u00f3mico y Producci\u00f3n","og_description":"Amplia participaci\u00f3n del Gobierno en la Asamblea Comunitaria aborigen de Santo Domingo para revisar los antecedentes de di\u00e1logo entre la comunidad y SSR Puna Mining. El secretario de Miner\u00eda e Hidrocarburos delLeer m\u00e1s...","og_url":"http:\/\/www.produccion.jujuy.gob.ar\/?p=1077","og_site_name":"Ministerio de Desarrollo Econ\u00f3mico y Producci\u00f3n","article_published_time":"2021-07-27T13:27:48+00:00","article_modified_time":"2021-07-27T13:27:51+00:00","og_image":[{"width":963,"height":568,"url":"http:\/\/www.produccion.jujuy.gob.ar\/wp-content\/uploads\/2021\/07\/WhatsApp-Image-2021-07-27-at-10.19.04.jpeg","type":"image\/jpeg"}],"twitter_card":"summary_large_image","twitter_misc":{"Escrito por":"prensa prensa","Tiempo de lectura":"2 minutos"},"schema":{"@context":"https:\/\/schema.org","@graph":[{"@type":"WebSite","@id":"http:\/\/www.produccion.jujuy.gob.ar\/#website","url":"http:\/\/www.produccion.jujuy.gob.ar\/","name":"Ministerio de Desarrollo Econ\u00f3mico y Producci\u00f3n","description":"","potentialAction":[{"@type":"SearchAction","target":{"@type":"EntryPoint","urlTemplate":"http:\/\/www.produccion.jujuy.gob.ar\/?s={search_term_string}"},"query-input":"required name=search_term_string"}],"inLanguage":"es"},{"@type":"ImageObject","@id":"http:\/\/www.produccion.jujuy.gob.ar\/?p=1077#primaryimage","inLanguage":"es","url":"http:\/\/www.produccion.jujuy.gob.ar\/wp-content\/uploads\/2021\/07\/WhatsApp-Image-2021-07-27-at-10.19.04.jpeg","contentUrl":"http:\/\/www.produccion.jujuy.gob.ar\/wp-content\/uploads\/2021\/07\/WhatsApp-Image-2021-07-27-at-10.19.04.jpeg","width":963,"height":568},{"@type":"WebPage","@id":"http:\/\/www.produccion.jujuy.gob.ar\/?p=1077#webpage","url":"http:\/\/www.produccion.jujuy.gob.ar\/?p=1077","name":"Reuni\u00f3n con la comunidad aborigen de Santo Domingo - Ministerio de Desarrollo Econ\u00f3mico y Producci\u00f3n","isPartOf":{"@id":"http:\/\/www.produccion.jujuy.gob.ar\/#website"},"primaryImageOfPage":{"@id":"http:\/\/www.produccion.jujuy.gob.ar\/?p=1077#primaryimage"},"datePublished":"2021-07-27T13:27:48+00:00","dateModified":"2021-07-27T13:27:51+00:00","author":{"@id":"http:\/\/www.produccion.jujuy.gob.ar\/#\/schema\/person\/4b22a01d694f4bbb88e5d19dca067d1d"},"breadcrumb":{"@id":"http:\/\/www.produccion.jujuy.gob.ar\/?p=1077#breadcrumb"},"inLanguage":"es","potentialAction":[{"@type":"ReadAction","target":["http:\/\/www.produccion.jujuy.gob.ar\/?p=1077"]}]},{"@type":"BreadcrumbList","@id":"http:\/\/www.produccion.jujuy.gob.ar\/?p=1077#breadcrumb","itemListElement":[{"@type":"ListItem","position":1,"name":"Portada","item":"http:\/\/www.produccion.jujuy.gob.ar\/"},{"@type":"ListItem","position":2,"name":"Reuni\u00f3n con la comunidad aborigen de Santo Domingo"}]},{"@type":"Person","@id":"http:\/\/www.produccion.jujuy.gob.ar\/#\/schema\/person\/4b22a01d694f4bbb88e5d19dca067d1d","name":"prensa prensa","image":{"@type":"ImageObject","@id":"http:\/\/www.produccion.jujuy.gob.ar\/#personlogo","inLanguage":"es","url":"http:\/\/2.gravatar.com\/avatar\/869d66de5c875fb1c978e5ff7404f639?s=96&d=mm&r=g","contentUrl":"http:\/\/2.gravatar.com\/avatar\/869d66de5c875fb1c978e5ff7404f639?s=96&d=mm&r=g","caption":"prensa prensa"},"url":"http:\/\/www.produccion.jujuy.gob.ar\/?author=2"}]}},"_links":{"self":[{"href":"http:\/\/www.produccion.jujuy.gob.ar\/index.php?rest_route=\/wp\/v2\/posts\/1077"}],"collection":[{"href":"http:\/\/www.produccion.jujuy.gob.ar\/index.php?rest_route=\/wp\/v2\/posts"}],"about":[{"href":"http:\/\/www.produccion.jujuy.gob.ar\/index.php?rest_route=\/wp\/v2\/types\/post"}],"author":[{"embeddable":true,"href":"http:\/\/www.produccion.jujuy.gob.ar\/index.php?rest_route=\/wp\/v2\/users\/2"}],"replies":[{"embeddable":true,"href":"http:\/\/www.produccion.jujuy.gob.ar\/index.php?rest_route=%2Fwp%2Fv2%2Fcomments&post=1077"}],"version-history":[{"count":1,"href":"http:\/\/www.produccion.jujuy.gob.ar\/index.php?rest_route=\/wp\/v2\/posts\/1077\/revisions"}],"predecessor-version":[{"id":1079,"href":"http:\/\/www.produccion.jujuy.gob.ar\/index.php?rest_route=\/wp\/v2\/posts\/1077\/revisions\/1079"}],"wp:featuredmedia":[{"embeddable":true,"href":"http:\/\/www.produccion.jujuy.gob.ar\/index.php?rest_route=\/wp\/v2\/media\/1078"}],"wp:attachment":[{"href":"http:\/\/www.produccion.jujuy.gob.ar\/index.php?rest_route=%2Fwp%2Fv2%2Fmedia&parent=1077"}],"wp:term":[{"taxonomy":"category","embeddable":true,"href":"http:\/\/www.produccion.jujuy.gob.ar\/index.php?rest_route=%2Fwp%2Fv2%2Fcategories&post=1077"},{"taxonomy":"post_tag","embeddable":true,"href":"http:\/\/www.produccion.jujuy.gob.ar\/index.php?rest_route=%2Fwp%2Fv2%2Ftags&post=1077"}],"curies":[{"name":"wp","href":"https:\/\/api.w.org\/{rel}","templated":true}]}}