{"id":1149,"date":"2021-08-17T12:44:25","date_gmt":"2021-08-17T12:44:25","guid":{"rendered":"http:\/\/www.produccion.jujuy.gob.ar\/?p=1149"},"modified":"2021-08-17T12:44:27","modified_gmt":"2021-08-17T12:44:27","slug":"jujuy-presente-en-el-xxix-congreso-aapresid","status":"publish","type":"post","link":"http:\/\/www.produccion.jujuy.gob.ar\/?p=1149","title":{"rendered":"Jujuy presente en el XXIX Congreso Aapresid"},"content":{"rendered":"\n<p>En la ocasi\u00f3n, los funcionarios presentes firmaron una carta compromiso para trabajar por el desarrollo sustentable de Argentina.<\/p>\n\n\n\n<p>Con el objeto de actualizar las metodolog\u00edas y herramientas vigentes en el mundo de la agricultura, el Ministerio de Desarrollo Econ\u00f3mico y Producci\u00f3n, a trav\u00e9s del director de Desarrollo Ganadero de Jujuy, Juan Casasco, particip\u00f3 del XXIX Congreso Aapresid.<\/p>\n\n\n\n<p>El evento que ya cuenta con un reconocimiento nacional e internacional, es organizado por la Asociaci\u00f3n Argentina de Productores en Siembra Directa (Aapresid), y se llev\u00f3 a cabo con un formato h\u00edbrido, entre virtual y presencial y bajo el lema \u201cSiempre Vivo, Siempre Diverso\u201d.<\/p>\n\n\n\n<p>El Congreso re\u00fane las principales personalidades del sector agropecuario del momento en una sucesi\u00f3n de conferencias magistrales, disertaciones, mesas de intercambio, paneles y talleres tem\u00e1ticos.<\/p>\n\n\n\n<p>\u201cEs un honor ser parte de este evento que a\u00f1o a a\u00f1o convoca a una gran cantidad de especialistas y personas del rubro, con el fin de confluir en nuevas realidades y seguir evolucionando con respuestas en lo econ\u00f3mico, productivo, ambiental y social\u201d, sostuvo Casasco, luego de participar del acto inaugural del que tambi\u00e9n participaron funcionarios de las provincias de Chaco, Corrientes, Catamarca, Santiago del Estero, Buenos Aires, C\u00f3rdoba, Santa Fe y Formosa.<\/p>\n\n\n\n<p>&nbsp;Explic\u00f3 que, en la ocasi\u00f3n, se realiz\u00f3 una reuni\u00f3n virtual donde las provincias participantes junto con la comisi\u00f3n de AAPRESID \u201ccompartimos experiencias y visiones con el objetivo de un fin com\u00fan para del desarrollo sustentable\u201d. Dicho encuentro, acot\u00f3 el director, culmin\u00f3 con la firma de un acta acuerdo en pos del desarrollo sustentable de Argentina.<\/p>\n\n\n\n<p>&nbsp;\u201cEs una iniciativa muy importante, ya que vivimos un a\u00f1o terrible donde se puso los riesgos del cambio clim\u00e1tico, de la p\u00e9rdida de biodiversidad y del deterioro ambiental, y la necesidad de generar sistemas productivos diferentes, que tengan en cuenta no solo el volumen de producci\u00f3n sino c\u00f3mo y bajo qu\u00e9 condiciones se realiza la misma\u201d, expres\u00f3.<\/p>\n\n\n\n<p>&nbsp;En ese sentido, Casasco ponder\u00f3 la uni\u00f3n entre los funcionarios de las diferentes provincias, quienes aunaron criterios para trabajar por el desarrollo sustentable del pa\u00eds, entendiendo que este desarrollo tiene que ir de la mano de proyectos de triple impacto, en los que los ejes social, ambiental y econ\u00f3mico necesariamente tienen que estar balanceados.<\/p>\n\n\n\n<p>&nbsp;\u201cFue un hecho trascendental porque nos comprometimos a sostener el dialogo respetuoso, abierto, basado en el conocimiento cient\u00edfico en pos de promover el desarrollo sustentable de las personas, los territorios y de la naci\u00f3n\u201d, sentenci\u00f3.<\/p>\n","protected":false},"excerpt":{"rendered":"<p>En la ocasi\u00f3n, los funcionarios presentes firmaron una carta compromiso para trabajar por el desarrollo sustentable de Argentina. Con el objeto de actualizar las metodolog\u00edas y herramientas vigentes en el mundo de<a class=\"moretag\" href=\"http:\/\/www.produccion.jujuy.gob.ar\/?p=1149\">Leer m\u00e1s&#8230;<\/a><\/p>\n","protected":false},"author":2,"featured_media":1150,"comment_status":"closed","ping_status":"open","sticky":false,"template":"","format":"standard","meta":[],"categories":[2],"tags":[],"yoast_head":"<!-- This site is optimized with the Yoast SEO plugin v18.3 - https:\/\/yoast.com\/wordpress\/plugins\/seo\/ -->\n<title>Jujuy presente en el XXIX Congreso Aapresid - Ministerio de Desarrollo Econ\u00f3mico y Producci\u00f3n<\/title>\n<meta name=\"robots\" content=\"index, follow, max-snippet:-1, max-image-preview:large, max-video-preview:-1\" \/>\n<link rel=\"canonical\" href=\"http:\/\/www.produccion.jujuy.gob.ar\/?p=1149\" \/>\n<meta property=\"og:locale\" content=\"es_ES\" \/>\n<meta property=\"og:type\" content=\"article\" \/>\n<meta property=\"og:title\" content=\"Jujuy presente en el XXIX Congreso Aapresid - Ministerio de Desarrollo Econ\u00f3mico y Producci\u00f3n\" \/>\n<meta property=\"og:description\" content=\"En la ocasi\u00f3n, los funcionarios presentes firmaron una carta compromiso para trabajar por el desarrollo sustentable de Argentina. Con el objeto de actualizar las metodolog\u00edas y herramientas vigentes en el mundo deLeer m\u00e1s...\" \/>\n<meta property=\"og:url\" content=\"http:\/\/www.produccion.jujuy.gob.ar\/?p=1149\" \/>\n<meta property=\"og:site_name\" content=\"Ministerio de Desarrollo Econ\u00f3mico y Producci\u00f3n\" \/>\n<meta property=\"article:published_time\" content=\"2021-08-17T12:44:25+00:00\" \/>\n<meta property=\"article:modified_time\" content=\"2021-08-17T12:44:27+00:00\" \/>\n<meta property=\"og:image\" content=\"http:\/\/www.produccion.jujuy.gob.ar\/wp-content\/uploads\/2021\/08\/jujuy-presente-el-xxix-congreso-aapresid-.jpeg\" \/>\n\t<meta property=\"og:image:width\" content=\"900\" \/>\n\t<meta property=\"og:image:height\" content=\"675\" \/>\n\t<meta property=\"og:image:type\" content=\"image\/jpeg\" \/>\n<meta name=\"twitter:card\" content=\"summary_large_image\" \/>\n<meta name=\"twitter:label1\" content=\"Escrito por\" \/>\n\t<meta name=\"twitter:data1\" content=\"prensa prensa\" \/>\n\t<meta name=\"twitter:label2\" content=\"Tiempo de lectura\" \/>\n\t<meta name=\"twitter:data2\" content=\"2 minutos\" \/>\n<script type=\"application\/ld+json\" class=\"yoast-schema-graph\">{\"@context\":\"https:\/\/schema.org\",\"@graph\":[{\"@type\":\"WebSite\",\"@id\":\"http:\/\/www.produccion.jujuy.gob.ar\/#website\",\"url\":\"http:\/\/www.produccion.jujuy.gob.ar\/\",\"name\":\"Ministerio de Desarrollo Econ\u00f3mico y Producci\u00f3n\",\"description\":\"\",\"potentialAction\":[{\"@type\":\"SearchAction\",\"target\":{\"@type\":\"EntryPoint\",\"urlTemplate\":\"http:\/\/www.produccion.jujuy.gob.ar\/?s={search_term_string}\"},\"query-input\":\"required name=search_term_string\"}],\"inLanguage\":\"es\"},{\"@type\":\"ImageObject\",\"@id\":\"http:\/\/www.produccion.jujuy.gob.ar\/?p=1149#primaryimage\",\"inLanguage\":\"es\",\"url\":\"http:\/\/www.produccion.jujuy.gob.ar\/wp-content\/uploads\/2021\/08\/jujuy-presente-el-xxix-congreso-aapresid-.jpeg\",\"contentUrl\":\"http:\/\/www.produccion.jujuy.gob.ar\/wp-content\/uploads\/2021\/08\/jujuy-presente-el-xxix-congreso-aapresid-.jpeg\",\"width\":900,\"height\":675},{\"@type\":\"WebPage\",\"@id\":\"http:\/\/www.produccion.jujuy.gob.ar\/?p=1149#webpage\",\"url\":\"http:\/\/www.produccion.jujuy.gob.ar\/?p=1149\",\"name\":\"Jujuy presente en el XXIX Congreso Aapresid - Ministerio de Desarrollo Econ\u00f3mico y Producci\u00f3n\",\"isPartOf\":{\"@id\":\"http:\/\/www.produccion.jujuy.gob.ar\/#website\"},\"primaryImageOfPage\":{\"@id\":\"http:\/\/www.produccion.jujuy.gob.ar\/?p=1149#primaryimage\"},\"datePublished\":\"2021-08-17T12:44:25+00:00\",\"dateModified\":\"2021-08-17T12:44:27+00:00\",\"author\":{\"@id\":\"http:\/\/www.produccion.jujuy.gob.ar\/#\/schema\/person\/4b22a01d694f4bbb88e5d19dca067d1d\"},\"breadcrumb\":{\"@id\":\"http:\/\/www.produccion.jujuy.gob.ar\/?p=1149#breadcrumb\"},\"inLanguage\":\"es\",\"potentialAction\":[{\"@type\":\"ReadAction\",\"target\":[\"http:\/\/www.produccion.jujuy.gob.ar\/?p=1149\"]}]},{\"@type\":\"BreadcrumbList\",\"@id\":\"http:\/\/www.produccion.jujuy.gob.ar\/?p=1149#breadcrumb\",\"itemListElement\":[{\"@type\":\"ListItem\",\"position\":1,\"name\":\"Portada\",\"item\":\"http:\/\/www.produccion.jujuy.gob.ar\/\"},{\"@type\":\"ListItem\",\"position\":2,\"name\":\"Jujuy presente en el XXIX Congreso Aapresid\"}]},{\"@type\":\"Person\",\"@id\":\"http:\/\/www.produccion.jujuy.gob.ar\/#\/schema\/person\/4b22a01d694f4bbb88e5d19dca067d1d\",\"name\":\"prensa prensa\",\"image\":{\"@type\":\"ImageObject\",\"@id\":\"http:\/\/www.produccion.jujuy.gob.ar\/#personlogo\",\"inLanguage\":\"es\",\"url\":\"http:\/\/2.gravatar.com\/avatar\/869d66de5c875fb1c978e5ff7404f639?s=96&d=mm&r=g\",\"contentUrl\":\"http:\/\/2.gravatar.com\/avatar\/869d66de5c875fb1c978e5ff7404f639?s=96&d=mm&r=g\",\"caption\":\"prensa prensa\"},\"url\":\"http:\/\/www.produccion.jujuy.gob.ar\/?author=2\"}]}<\/script>\n<!-- \/ Yoast SEO plugin. -->","yoast_head_json":{"title":"Jujuy presente en el XXIX Congreso Aapresid - Ministerio de Desarrollo Econ\u00f3mico y Producci\u00f3n","robots":{"index":"index","follow":"follow","max-snippet":"max-snippet:-1","max-image-preview":"max-image-preview:large","max-video-preview":"max-video-preview:-1"},"canonical":"http:\/\/www.produccion.jujuy.gob.ar\/?p=1149","og_locale":"es_ES","og_type":"article","og_title":"Jujuy presente en el XXIX Congreso Aapresid - Ministerio de Desarrollo Econ\u00f3mico y Producci\u00f3n","og_description":"En la ocasi\u00f3n, los funcionarios presentes firmaron una carta compromiso para trabajar por el desarrollo sustentable de Argentina. Con el objeto de actualizar las metodolog\u00edas y herramientas vigentes en el mundo deLeer m\u00e1s...","og_url":"http:\/\/www.produccion.jujuy.gob.ar\/?p=1149","og_site_name":"Ministerio de Desarrollo Econ\u00f3mico y Producci\u00f3n","article_published_time":"2021-08-17T12:44:25+00:00","article_modified_time":"2021-08-17T12:44:27+00:00","og_image":[{"width":900,"height":675,"url":"http:\/\/www.produccion.jujuy.gob.ar\/wp-content\/uploads\/2021\/08\/jujuy-presente-el-xxix-congreso-aapresid-.jpeg","type":"image\/jpeg"}],"twitter_card":"summary_large_image","twitter_misc":{"Escrito por":"prensa prensa","Tiempo de lectura":"2 minutos"},"schema":{"@context":"https:\/\/schema.org","@graph":[{"@type":"WebSite","@id":"http:\/\/www.produccion.jujuy.gob.ar\/#website","url":"http:\/\/www.produccion.jujuy.gob.ar\/","name":"Ministerio de Desarrollo Econ\u00f3mico y Producci\u00f3n","description":"","potentialAction":[{"@type":"SearchAction","target":{"@type":"EntryPoint","urlTemplate":"http:\/\/www.produccion.jujuy.gob.ar\/?s={search_term_string}"},"query-input":"required name=search_term_string"}],"inLanguage":"es"},{"@type":"ImageObject","@id":"http:\/\/www.produccion.jujuy.gob.ar\/?p=1149#primaryimage","inLanguage":"es","url":"http:\/\/www.produccion.jujuy.gob.ar\/wp-content\/uploads\/2021\/08\/jujuy-presente-el-xxix-congreso-aapresid-.jpeg","contentUrl":"http:\/\/www.produccion.jujuy.gob.ar\/wp-content\/uploads\/2021\/08\/jujuy-presente-el-xxix-congreso-aapresid-.jpeg","width":900,"height":675},{"@type":"WebPage","@id":"http:\/\/www.produccion.jujuy.gob.ar\/?p=1149#webpage","url":"http:\/\/www.produccion.jujuy.gob.ar\/?p=1149","name":"Jujuy presente en el XXIX Congreso Aapresid - Ministerio de Desarrollo Econ\u00f3mico y Producci\u00f3n","isPartOf":{"@id":"http:\/\/www.produccion.jujuy.gob.ar\/#website"},"primaryImageOfPage":{"@id":"http:\/\/www.produccion.jujuy.gob.ar\/?p=1149#primaryimage"},"datePublished":"2021-08-17T12:44:25+00:00","dateModified":"2021-08-17T12:44:27+00:00","author":{"@id":"http:\/\/www.produccion.jujuy.gob.ar\/#\/schema\/person\/4b22a01d694f4bbb88e5d19dca067d1d"},"breadcrumb":{"@id":"http:\/\/www.produccion.jujuy.gob.ar\/?p=1149#breadcrumb"},"inLanguage":"es","potentialAction":[{"@type":"ReadAction","target":["http:\/\/www.produccion.jujuy.gob.ar\/?p=1149"]}]},{"@type":"BreadcrumbList","@id":"http:\/\/www.produccion.jujuy.gob.ar\/?p=1149#breadcrumb","itemListElement":[{"@type":"ListItem","position":1,"name":"Portada","item":"http:\/\/www.produccion.jujuy.gob.ar\/"},{"@type":"ListItem","position":2,"name":"Jujuy presente en el XXIX Congreso Aapresid"}]},{"@type":"Person","@id":"http:\/\/www.produccion.jujuy.gob.ar\/#\/schema\/person\/4b22a01d694f4bbb88e5d19dca067d1d","name":"prensa prensa","image":{"@type":"ImageObject","@id":"http:\/\/www.produccion.jujuy.gob.ar\/#personlogo","inLanguage":"es","url":"http:\/\/2.gravatar.com\/avatar\/869d66de5c875fb1c978e5ff7404f639?s=96&d=mm&r=g","contentUrl":"http:\/\/2.gravatar.com\/avatar\/869d66de5c875fb1c978e5ff7404f639?s=96&d=mm&r=g","caption":"prensa prensa"},"url":"http:\/\/www.produccion.jujuy.gob.ar\/?author=2"}]}},"_links":{"self":[{"href":"http:\/\/www.produccion.jujuy.gob.ar\/index.php?rest_route=\/wp\/v2\/posts\/1149"}],"collection":[{"href":"http:\/\/www.produccion.jujuy.gob.ar\/index.php?rest_route=\/wp\/v2\/posts"}],"about":[{"href":"http:\/\/www.produccion.jujuy.gob.ar\/index.php?rest_route=\/wp\/v2\/types\/post"}],"author":[{"embeddable":true,"href":"http:\/\/www.produccion.jujuy.gob.ar\/index.php?rest_route=\/wp\/v2\/users\/2"}],"replies":[{"embeddable":true,"href":"http:\/\/www.produccion.jujuy.gob.ar\/index.php?rest_route=%2Fwp%2Fv2%2Fcomments&post=1149"}],"version-history":[{"count":1,"href":"http:\/\/www.produccion.jujuy.gob.ar\/index.php?rest_route=\/wp\/v2\/posts\/1149\/revisions"}],"predecessor-version":[{"id":1151,"href":"http:\/\/www.produccion.jujuy.gob.ar\/index.php?rest_route=\/wp\/v2\/posts\/1149\/revisions\/1151"}],"wp:featuredmedia":[{"embeddable":true,"href":"http:\/\/www.produccion.jujuy.gob.ar\/index.php?rest_route=\/wp\/v2\/media\/1150"}],"wp:attachment":[{"href":"http:\/\/www.produccion.jujuy.gob.ar\/index.php?rest_route=%2Fwp%2Fv2%2Fmedia&parent=1149"}],"wp:term":[{"taxonomy":"category","embeddable":true,"href":"http:\/\/www.produccion.jujuy.gob.ar\/index.php?rest_route=%2Fwp%2Fv2%2Fcategories&post=1149"},{"taxonomy":"post_tag","embeddable":true,"href":"http:\/\/www.produccion.jujuy.gob.ar\/index.php?rest_route=%2Fwp%2Fv2%2Ftags&post=1149"}],"curies":[{"name":"wp","href":"https:\/\/api.w.org\/{rel}","templated":true}]}}