{"id":1484,"date":"2021-09-20T14:09:18","date_gmt":"2021-09-20T14:09:18","guid":{"rendered":"http:\/\/www.produccion.jujuy.gob.ar\/?p=1484"},"modified":"2021-09-20T14:09:19","modified_gmt":"2021-09-20T14:09:19","slug":"perico-humahuaca-abra-pampa-y-la-quiaca-tendran-oficinas-de-defensa-del-consumidor","status":"publish","type":"post","link":"http:\/\/www.produccion.jujuy.gob.ar\/?p=1484","title":{"rendered":"Perico, Humahuaca, Abra Pampa y La Quiaca tendr\u00e1n oficinas de Defensa del Consumidor"},"content":{"rendered":"\n<p>A partir de un acuerdo con la Defensor\u00eda del Pueblo de Jujuy, los consumidores de dichas ciudades, podr\u00e1n realizar los tr\u00e1mites correspondientes a Defensa del Consumidor.<\/p>\n\n\n\n<p>En el marco del plan de descentralizaci\u00f3n impulsado por el ministro de Desarrollo Econ\u00f3mico y Producci\u00f3n, Exequiel Lello Ivacevich, se rubric\u00f3 un convenio con el defensor del Pueblo de Jujuy, Javier de Bedia, para la creaci\u00f3n de oficinas de enlace de Defensa del Consumidor en las oficinas que tiene la Defensor\u00eda del Pueblo en Perico, Humahuaca, Abra Pampa y La Quiaca.<\/p>\n\n\n\n<p>\u201cEsto es fundamental porque va a permitir que las personas que quieran hacer un reclamo o tengan problemas con un producto o servicio, no tengan que venir hasta la ciudad para hacer la denuncia\u201d, sostuvo tras la r\u00fabrica director de Asuntos Jur\u00eddicos, Sebasti\u00e1n Albesa.<\/p>\n\n\n\n<p>Precis\u00f3 que el acuerdo de asistencia y colaboraci\u00f3n tiene como finalidad la creaci\u00f3n de oficinas de enlace de Defensa del Consumidor en las sedes de la Defensor\u00eda del Pueblo, en las ciudades de Perico, Humahuaca, Abra Pampa y La Quiaca.<\/p>\n\n\n\n<p>Las mismas estar\u00e1n habilitadas para proporcionar informaci\u00f3n sobre los derechos de los usuarios y\/o consumidores, como as\u00ed tambi\u00e9n los requisitos y tr\u00e1mites necesarios para la presentaci\u00f3n de las denuncias.<\/p>\n\n\n\n<p>&nbsp;Tambi\u00e9n, estar\u00e1n autorizadas a recibir las denuncias y toda la documentaci\u00f3n soporte para iniciar el tr\u00e1mite administrativo y se podr\u00e1n concretar las audiencias de conciliaci\u00f3n en estas oficinas, sin que los usuarios y\/o consumidores deban trasladarse a San Salvador de Jujuy.<\/p>\n\n\n\n<p>&nbsp;\u201cEsto no solo va a beneficiar a los consumidores en el tema del traslado, sino que adem\u00e1s va a permitir agilizar los tr\u00e1mites y que los casos tengan resoluciones m\u00e1s r\u00e1pidas, de esta manera estamos dando soluciones concretas a los juje\u00f1os\u201d, ponder\u00f3 Albesa.<\/p>\n\n\n\n<p>Finalmente, De Bedia asegur\u00f3 que desde el organismo a su cargo \u201cnos comprometemos a colaborar en todo lo que nos competa para que la gente puede tener un buen servicio\u201d.<\/p>\n\n\n\n<p>\u201cVamos a trabajar articuladamente con Defensa del Consumidor, de manera que todos los procedimientos se agilicen\u201d, complet\u00f3. Cabe mencionar que acompa\u00f1\u00f3 la firma el defensor Adjunto, Pablo Zurueta.<\/p>\n\n\n\n<figure class=\"wp-block-image size-large\"><img loading=\"lazy\" width=\"1012\" height=\"674\" src=\"http:\/\/www.produccion.jujuy.gob.ar\/wp-content\/uploads\/2021\/09\/perico-humahuaca-abra-pampa-y-la-quiaca-tendran-oficinas-defensa-del-consumidor.jpg\" alt=\"\" class=\"wp-image-1485\" srcset=\"http:\/\/www.produccion.jujuy.gob.ar\/wp-content\/uploads\/2021\/09\/perico-humahuaca-abra-pampa-y-la-quiaca-tendran-oficinas-defensa-del-consumidor.jpg 1012w, http:\/\/www.produccion.jujuy.gob.ar\/wp-content\/uploads\/2021\/09\/perico-humahuaca-abra-pampa-y-la-quiaca-tendran-oficinas-defensa-del-consumidor-300x200.jpg 300w, http:\/\/www.produccion.jujuy.gob.ar\/wp-content\/uploads\/2021\/09\/perico-humahuaca-abra-pampa-y-la-quiaca-tendran-oficinas-defensa-del-consumidor-768x511.jpg 768w, http:\/\/www.produccion.jujuy.gob.ar\/wp-content\/uploads\/2021\/09\/perico-humahuaca-abra-pampa-y-la-quiaca-tendran-oficinas-defensa-del-consumidor-272x182.jpg 272w\" sizes=\"(max-width: 1012px) 100vw, 1012px\" \/><\/figure>\n","protected":false},"excerpt":{"rendered":"<p>A partir de un acuerdo con la Defensor\u00eda del Pueblo de Jujuy, los consumidores de dichas ciudades, podr\u00e1n realizar los tr\u00e1mites correspondientes a Defensa del Consumidor. En el marco del plan de<a class=\"moretag\" href=\"http:\/\/www.produccion.jujuy.gob.ar\/?p=1484\">Leer m\u00e1s&#8230;<\/a><\/p>\n","protected":false},"author":2,"featured_media":1486,"comment_status":"closed","ping_status":"open","sticky":false,"template":"","format":"standard","meta":[],"categories":[2],"tags":[],"yoast_head":"<!-- This site is optimized with the Yoast SEO plugin v18.3 - https:\/\/yoast.com\/wordpress\/plugins\/seo\/ -->\n<title>Perico, Humahuaca, Abra Pampa y La Quiaca tendr\u00e1n oficinas de Defensa del Consumidor - Ministerio de Desarrollo Econ\u00f3mico y Producci\u00f3n<\/title>\n<meta name=\"robots\" content=\"index, follow, max-snippet:-1, max-image-preview:large, max-video-preview:-1\" \/>\n<link rel=\"canonical\" href=\"http:\/\/www.produccion.jujuy.gob.ar\/?p=1484\" \/>\n<meta property=\"og:locale\" content=\"es_ES\" \/>\n<meta property=\"og:type\" content=\"article\" \/>\n<meta property=\"og:title\" content=\"Perico, Humahuaca, Abra Pampa y La Quiaca tendr\u00e1n oficinas de Defensa del Consumidor - Ministerio de Desarrollo Econ\u00f3mico y Producci\u00f3n\" \/>\n<meta property=\"og:description\" content=\"A partir de un acuerdo con la Defensor\u00eda del Pueblo de Jujuy, los consumidores de dichas ciudades, podr\u00e1n realizar los tr\u00e1mites correspondientes a Defensa del Consumidor. En el marco del plan deLeer m\u00e1s...\" \/>\n<meta property=\"og:url\" content=\"http:\/\/www.produccion.jujuy.gob.ar\/?p=1484\" \/>\n<meta property=\"og:site_name\" content=\"Ministerio de Desarrollo Econ\u00f3mico y Producci\u00f3n\" \/>\n<meta property=\"article:published_time\" content=\"2021-09-20T14:09:18+00:00\" \/>\n<meta property=\"article:modified_time\" content=\"2021-09-20T14:09:19+00:00\" \/>\n<meta property=\"og:image\" content=\"http:\/\/www.produccion.jujuy.gob.ar\/wp-content\/uploads\/2021\/09\/perico-humahuaca-abra-pampa-y-la-quiaca-tendran-oficinas-defensa-del-consumidor-1.jpg\" \/>\n\t<meta property=\"og:image:width\" content=\"1012\" \/>\n\t<meta property=\"og:image:height\" content=\"674\" \/>\n\t<meta property=\"og:image:type\" content=\"image\/jpeg\" \/>\n<meta name=\"twitter:card\" content=\"summary_large_image\" \/>\n<meta name=\"twitter:label1\" content=\"Escrito por\" \/>\n\t<meta name=\"twitter:data1\" content=\"prensa prensa\" \/>\n\t<meta name=\"twitter:label2\" content=\"Tiempo de lectura\" \/>\n\t<meta name=\"twitter:data2\" content=\"2 minutos\" \/>\n<script type=\"application\/ld+json\" class=\"yoast-schema-graph\">{\"@context\":\"https:\/\/schema.org\",\"@graph\":[{\"@type\":\"WebSite\",\"@id\":\"http:\/\/www.produccion.jujuy.gob.ar\/#website\",\"url\":\"http:\/\/www.produccion.jujuy.gob.ar\/\",\"name\":\"Ministerio de Desarrollo Econ\u00f3mico y Producci\u00f3n\",\"description\":\"\",\"potentialAction\":[{\"@type\":\"SearchAction\",\"target\":{\"@type\":\"EntryPoint\",\"urlTemplate\":\"http:\/\/www.produccion.jujuy.gob.ar\/?s={search_term_string}\"},\"query-input\":\"required name=search_term_string\"}],\"inLanguage\":\"es\"},{\"@type\":\"ImageObject\",\"@id\":\"http:\/\/www.produccion.jujuy.gob.ar\/?p=1484#primaryimage\",\"inLanguage\":\"es\",\"url\":\"http:\/\/www.produccion.jujuy.gob.ar\/wp-content\/uploads\/2021\/09\/perico-humahuaca-abra-pampa-y-la-quiaca-tendran-oficinas-defensa-del-consumidor-1.jpg\",\"contentUrl\":\"http:\/\/www.produccion.jujuy.gob.ar\/wp-content\/uploads\/2021\/09\/perico-humahuaca-abra-pampa-y-la-quiaca-tendran-oficinas-defensa-del-consumidor-1.jpg\",\"width\":1012,\"height\":674},{\"@type\":\"WebPage\",\"@id\":\"http:\/\/www.produccion.jujuy.gob.ar\/?p=1484#webpage\",\"url\":\"http:\/\/www.produccion.jujuy.gob.ar\/?p=1484\",\"name\":\"Perico, Humahuaca, Abra Pampa y La Quiaca tendr\u00e1n oficinas de Defensa del Consumidor - Ministerio de Desarrollo Econ\u00f3mico y Producci\u00f3n\",\"isPartOf\":{\"@id\":\"http:\/\/www.produccion.jujuy.gob.ar\/#website\"},\"primaryImageOfPage\":{\"@id\":\"http:\/\/www.produccion.jujuy.gob.ar\/?p=1484#primaryimage\"},\"datePublished\":\"2021-09-20T14:09:18+00:00\",\"dateModified\":\"2021-09-20T14:09:19+00:00\",\"author\":{\"@id\":\"http:\/\/www.produccion.jujuy.gob.ar\/#\/schema\/person\/4b22a01d694f4bbb88e5d19dca067d1d\"},\"breadcrumb\":{\"@id\":\"http:\/\/www.produccion.jujuy.gob.ar\/?p=1484#breadcrumb\"},\"inLanguage\":\"es\",\"potentialAction\":[{\"@type\":\"ReadAction\",\"target\":[\"http:\/\/www.produccion.jujuy.gob.ar\/?p=1484\"]}]},{\"@type\":\"BreadcrumbList\",\"@id\":\"http:\/\/www.produccion.jujuy.gob.ar\/?p=1484#breadcrumb\",\"itemListElement\":[{\"@type\":\"ListItem\",\"position\":1,\"name\":\"Portada\",\"item\":\"http:\/\/www.produccion.jujuy.gob.ar\/\"},{\"@type\":\"ListItem\",\"position\":2,\"name\":\"Perico, Humahuaca, Abra Pampa y La Quiaca tendr\u00e1n oficinas de Defensa del Consumidor\"}]},{\"@type\":\"Person\",\"@id\":\"http:\/\/www.produccion.jujuy.gob.ar\/#\/schema\/person\/4b22a01d694f4bbb88e5d19dca067d1d\",\"name\":\"prensa prensa\",\"image\":{\"@type\":\"ImageObject\",\"@id\":\"http:\/\/www.produccion.jujuy.gob.ar\/#personlogo\",\"inLanguage\":\"es\",\"url\":\"http:\/\/2.gravatar.com\/avatar\/869d66de5c875fb1c978e5ff7404f639?s=96&d=mm&r=g\",\"contentUrl\":\"http:\/\/2.gravatar.com\/avatar\/869d66de5c875fb1c978e5ff7404f639?s=96&d=mm&r=g\",\"caption\":\"prensa prensa\"},\"url\":\"http:\/\/www.produccion.jujuy.gob.ar\/?author=2\"}]}<\/script>\n<!-- \/ Yoast SEO plugin. -->","yoast_head_json":{"title":"Perico, Humahuaca, Abra Pampa y La Quiaca tendr\u00e1n oficinas de Defensa del Consumidor - Ministerio de Desarrollo Econ\u00f3mico y Producci\u00f3n","robots":{"index":"index","follow":"follow","max-snippet":"max-snippet:-1","max-image-preview":"max-image-preview:large","max-video-preview":"max-video-preview:-1"},"canonical":"http:\/\/www.produccion.jujuy.gob.ar\/?p=1484","og_locale":"es_ES","og_type":"article","og_title":"Perico, Humahuaca, Abra Pampa y La Quiaca tendr\u00e1n oficinas de Defensa del Consumidor - Ministerio de Desarrollo Econ\u00f3mico y Producci\u00f3n","og_description":"A partir de un acuerdo con la Defensor\u00eda del Pueblo de Jujuy, los consumidores de dichas ciudades, podr\u00e1n realizar los tr\u00e1mites correspondientes a Defensa del Consumidor. En el marco del plan deLeer m\u00e1s...","og_url":"http:\/\/www.produccion.jujuy.gob.ar\/?p=1484","og_site_name":"Ministerio de Desarrollo Econ\u00f3mico y Producci\u00f3n","article_published_time":"2021-09-20T14:09:18+00:00","article_modified_time":"2021-09-20T14:09:19+00:00","og_image":[{"width":1012,"height":674,"url":"http:\/\/www.produccion.jujuy.gob.ar\/wp-content\/uploads\/2021\/09\/perico-humahuaca-abra-pampa-y-la-quiaca-tendran-oficinas-defensa-del-consumidor-1.jpg","type":"image\/jpeg"}],"twitter_card":"summary_large_image","twitter_misc":{"Escrito por":"prensa prensa","Tiempo de lectura":"2 minutos"},"schema":{"@context":"https:\/\/schema.org","@graph":[{"@type":"WebSite","@id":"http:\/\/www.produccion.jujuy.gob.ar\/#website","url":"http:\/\/www.produccion.jujuy.gob.ar\/","name":"Ministerio de Desarrollo Econ\u00f3mico y Producci\u00f3n","description":"","potentialAction":[{"@type":"SearchAction","target":{"@type":"EntryPoint","urlTemplate":"http:\/\/www.produccion.jujuy.gob.ar\/?s={search_term_string}"},"query-input":"required name=search_term_string"}],"inLanguage":"es"},{"@type":"ImageObject","@id":"http:\/\/www.produccion.jujuy.gob.ar\/?p=1484#primaryimage","inLanguage":"es","url":"http:\/\/www.produccion.jujuy.gob.ar\/wp-content\/uploads\/2021\/09\/perico-humahuaca-abra-pampa-y-la-quiaca-tendran-oficinas-defensa-del-consumidor-1.jpg","contentUrl":"http:\/\/www.produccion.jujuy.gob.ar\/wp-content\/uploads\/2021\/09\/perico-humahuaca-abra-pampa-y-la-quiaca-tendran-oficinas-defensa-del-consumidor-1.jpg","width":1012,"height":674},{"@type":"WebPage","@id":"http:\/\/www.produccion.jujuy.gob.ar\/?p=1484#webpage","url":"http:\/\/www.produccion.jujuy.gob.ar\/?p=1484","name":"Perico, Humahuaca, Abra Pampa y La Quiaca tendr\u00e1n oficinas de Defensa del Consumidor - Ministerio de Desarrollo Econ\u00f3mico y Producci\u00f3n","isPartOf":{"@id":"http:\/\/www.produccion.jujuy.gob.ar\/#website"},"primaryImageOfPage":{"@id":"http:\/\/www.produccion.jujuy.gob.ar\/?p=1484#primaryimage"},"datePublished":"2021-09-20T14:09:18+00:00","dateModified":"2021-09-20T14:09:19+00:00","author":{"@id":"http:\/\/www.produccion.jujuy.gob.ar\/#\/schema\/person\/4b22a01d694f4bbb88e5d19dca067d1d"},"breadcrumb":{"@id":"http:\/\/www.produccion.jujuy.gob.ar\/?p=1484#breadcrumb"},"inLanguage":"es","potentialAction":[{"@type":"ReadAction","target":["http:\/\/www.produccion.jujuy.gob.ar\/?p=1484"]}]},{"@type":"BreadcrumbList","@id":"http:\/\/www.produccion.jujuy.gob.ar\/?p=1484#breadcrumb","itemListElement":[{"@type":"ListItem","position":1,"name":"Portada","item":"http:\/\/www.produccion.jujuy.gob.ar\/"},{"@type":"ListItem","position":2,"name":"Perico, Humahuaca, Abra Pampa y La Quiaca tendr\u00e1n oficinas de Defensa del Consumidor"}]},{"@type":"Person","@id":"http:\/\/www.produccion.jujuy.gob.ar\/#\/schema\/person\/4b22a01d694f4bbb88e5d19dca067d1d","name":"prensa prensa","image":{"@type":"ImageObject","@id":"http:\/\/www.produccion.jujuy.gob.ar\/#personlogo","inLanguage":"es","url":"http:\/\/2.gravatar.com\/avatar\/869d66de5c875fb1c978e5ff7404f639?s=96&d=mm&r=g","contentUrl":"http:\/\/2.gravatar.com\/avatar\/869d66de5c875fb1c978e5ff7404f639?s=96&d=mm&r=g","caption":"prensa prensa"},"url":"http:\/\/www.produccion.jujuy.gob.ar\/?author=2"}]}},"_links":{"self":[{"href":"http:\/\/www.produccion.jujuy.gob.ar\/index.php?rest_route=\/wp\/v2\/posts\/1484"}],"collection":[{"href":"http:\/\/www.produccion.jujuy.gob.ar\/index.php?rest_route=\/wp\/v2\/posts"}],"about":[{"href":"http:\/\/www.produccion.jujuy.gob.ar\/index.php?rest_route=\/wp\/v2\/types\/post"}],"author":[{"embeddable":true,"href":"http:\/\/www.produccion.jujuy.gob.ar\/index.php?rest_route=\/wp\/v2\/users\/2"}],"replies":[{"embeddable":true,"href":"http:\/\/www.produccion.jujuy.gob.ar\/index.php?rest_route=%2Fwp%2Fv2%2Fcomments&post=1484"}],"version-history":[{"count":1,"href":"http:\/\/www.produccion.jujuy.gob.ar\/index.php?rest_route=\/wp\/v2\/posts\/1484\/revisions"}],"predecessor-version":[{"id":1487,"href":"http:\/\/www.produccion.jujuy.gob.ar\/index.php?rest_route=\/wp\/v2\/posts\/1484\/revisions\/1487"}],"wp:featuredmedia":[{"embeddable":true,"href":"http:\/\/www.produccion.jujuy.gob.ar\/index.php?rest_route=\/wp\/v2\/media\/1486"}],"wp:attachment":[{"href":"http:\/\/www.produccion.jujuy.gob.ar\/index.php?rest_route=%2Fwp%2Fv2%2Fmedia&parent=1484"}],"wp:term":[{"taxonomy":"category","embeddable":true,"href":"http:\/\/www.produccion.jujuy.gob.ar\/index.php?rest_route=%2Fwp%2Fv2%2Fcategories&post=1484"},{"taxonomy":"post_tag","embeddable":true,"href":"http:\/\/www.produccion.jujuy.gob.ar\/index.php?rest_route=%2Fwp%2Fv2%2Ftags&post=1484"}],"curies":[{"name":"wp","href":"https:\/\/api.w.org\/{rel}","templated":true}]}}