{"id":1970,"date":"2021-10-14T12:33:27","date_gmt":"2021-10-14T12:33:27","guid":{"rendered":"http:\/\/www.produccion.jujuy.gob.ar\/?p=1970"},"modified":"2021-10-14T12:33:29","modified_gmt":"2021-10-14T12:33:29","slug":"jujuy-al-mundo-acompana-a-empresas-jujenas-a-exportar","status":"publish","type":"post","link":"http:\/\/www.produccion.jujuy.gob.ar\/?p=1970","title":{"rendered":"Jujuy al Mundo acompa\u00f1a a empresas juje\u00f1as a exportar"},"content":{"rendered":"\n<p>La plataforma &#8220;Jujuy al Mundo&#8221; est\u00e1 destinada al acompa\u00f1amiento integral de empresas exportadoras y con potencial exportador radicadas en la provincia.<\/p>\n\n\n\n<p>El ministro de Desarrollo Econ\u00f3mico y Producci\u00f3n, Exequiel Lello Ivacevich, realiz\u00f3 la presentaci\u00f3n oficial de la plataforma \u201cJujuy al mundo\u201d, destinada al acompa\u00f1amiento integral de empresas exportadoras y con potencial exportador radicadas el territorio juje\u00f1o.<\/p>\n\n\n\n<p>\u201cSab\u00edamos que ten\u00edamos que trabajar una herramienta que contenga a los exportadores de la provincia, no solamente a quienes hoy exportan, sino a quienes tienen la voluntad de exportar y as\u00ed naci\u00f3 Jujuy al Mundo como una plataforma digital que va a estar colgada en la p\u00e1gina de producci\u00f3n, pero que adem\u00e1s por detr\u00e1s tiene una concepci\u00f3n que es el trabajo de equipos t\u00e9cnicos que hemos capacitado durante la pandemia para poder asesorar a las pymes en los procesos de exportaci\u00f3n\u201d, sostuvo el ministro luego del acto de lanzamiento de la plataforma, que tuvo lugar en las instalaciones de la empresa Exincor.<\/p>\n\n\n\n<p>La iniciativa promueve una serie de acuerdos y convenios con organismos descentralizados, c\u00e1maras empresariales y gestores de pol\u00edticas p\u00fablicas, los cuales fortalecen el ecosistema exportador juje\u00f1o. Por eso, en la ocasi\u00f3n se firm\u00f3 un convenio con el Centro de Despachantes de Aduana \u2013 Corresponsal\u00eda Jujuy y la Uni\u00f3n de Empresarios de Jujuy (UEJ).<\/p>\n\n\n\n<p>La plataforma, precis\u00f3 el ministro, pone a disposici\u00f3n de empresarios ya exportadores o que deseen iniciarse en la operatoria: demandas internacionales en tiempo real a fin que los empresarios conozcan lo que el mundo precisa; acceder a todas las capacitaciones, meetings y entrenamientos existentes; contar con asesoramiento especializado; conocer los v\u00ednculos comerciales existentes: ferias internacionales, rondas de negocios y planes de exportaci\u00f3n sectoriales.<\/p>\n\n\n\n<p>Destac\u00f3 que la herramienta forma parte de la cadena de fortalecimiento de la producci\u00f3n de Jujuy, dado que se complementa con la certificaci\u00f3n de calidad \u201cSello Origen Jujuy Energ\u00eda Viva\u201d, la gesti\u00f3n de C\u00f3digo de Barras y el Registro de Marca Empresarial.<\/p>\n\n\n\n<p>En ese punto, remarc\u00f3 que junto al Ministerio de Ganader\u00eda y Pesca, se encuentran trabajando para que las empresas que cuentan con el Sello Origen y est\u00e9n en condiciones de exportar, accedan a la devoluci\u00f3n del 0,5% de las retenciones que tienen las exportaciones.<\/p>\n\n\n\n<p>\u201cEsto puede ser muy importante para varios de los productos primarios que tienen las econom\u00edas regionales, que tienen retenciones y creemos que eso le va a dar un plus de competitividad a nuestros productos para salir al mercado exterior\u201d, afirm\u00f3 Lello Ivacevich.<\/p>\n\n\n\n<figure class=\"wp-block-image size-large\"><img loading=\"lazy\" width=\"1024\" height=\"576\" src=\"http:\/\/www.produccion.jujuy.gob.ar\/wp-content\/uploads\/2021\/10\/8cd2eb5d-dcba-4ab9-a4fa-e0a709069876jpg-1024x576.jpg\" alt=\"\" class=\"wp-image-1972\" srcset=\"http:\/\/www.produccion.jujuy.gob.ar\/wp-content\/uploads\/2021\/10\/8cd2eb5d-dcba-4ab9-a4fa-e0a709069876jpg-1024x576.jpg 1024w, http:\/\/www.produccion.jujuy.gob.ar\/wp-content\/uploads\/2021\/10\/8cd2eb5d-dcba-4ab9-a4fa-e0a709069876jpg-300x169.jpg 300w, http:\/\/www.produccion.jujuy.gob.ar\/wp-content\/uploads\/2021\/10\/8cd2eb5d-dcba-4ab9-a4fa-e0a709069876jpg-768x432.jpg 768w, http:\/\/www.produccion.jujuy.gob.ar\/wp-content\/uploads\/2021\/10\/8cd2eb5d-dcba-4ab9-a4fa-e0a709069876jpg.jpg 1200w\" sizes=\"(max-width: 1024px) 100vw, 1024px\" \/><\/figure>\n\n\n\n<p>\u201cJujuy tiene una gran diversidad productiva y hay muchos mercados que lo requiere, por eso el concepto de Jujuy al Mundo es vincular la demanda internacional con la oferta de nuestros productos y de esa manera tambi\u00e9n permitirle a nuestras pymes que han estado golpeadas, la posibilidad de generar divisas que permitan sostener las empresas, volver a pensar en crecer, generar empleo en la provincia\u201d, ponder\u00f3 el m\u00e1ximo referente de la cadena de producci\u00f3n.<\/p>\n\n\n\n<p>Por su parte, Rub\u00e9n Tapia, administrador de Aduana Jujuy, expres\u00f3 \u201cestamos a disposici\u00f3n de todo este nuevo renacer en materia de exportaci\u00f3n y colaborar en todo lo que se pueda en el marco de la cooperaci\u00f3n, agilizaci\u00f3n y facilitaci\u00f3n para que el comercio de Jujuy tenga un impulso y una direcci\u00f3n hacia el exterior, con vista a un crecimiento y desarrollo de la provincia\u201d.<\/p>\n\n\n\n<p>&nbsp;Finalmente, Viviana Reymundo de Exincor destac\u00f3 el compromiso del Gobierno de Jujuy durante el proceso de internacionalizaci\u00f3n de la empresa y enfatiz\u00f3 \u201clos empresarios estamos acostumbrados a generar y potenciar, pero qu\u00e9 importante es cuando el sector p\u00fablico puede acompa\u00f1ar esta capacidad\u201d.<\/p>\n\n\n\n<figure class=\"wp-block-image size-large\"><img loading=\"lazy\" width=\"1024\" height=\"576\" src=\"http:\/\/www.produccion.jujuy.gob.ar\/wp-content\/uploads\/2021\/10\/1714438c-463e-4ef7-968f-31bf964f26c2jpg-1024x576.jpg\" alt=\"\" class=\"wp-image-1973\" srcset=\"http:\/\/www.produccion.jujuy.gob.ar\/wp-content\/uploads\/2021\/10\/1714438c-463e-4ef7-968f-31bf964f26c2jpg-1024x576.jpg 1024w, http:\/\/www.produccion.jujuy.gob.ar\/wp-content\/uploads\/2021\/10\/1714438c-463e-4ef7-968f-31bf964f26c2jpg-300x169.jpg 300w, http:\/\/www.produccion.jujuy.gob.ar\/wp-content\/uploads\/2021\/10\/1714438c-463e-4ef7-968f-31bf964f26c2jpg-768x432.jpg 768w, http:\/\/www.produccion.jujuy.gob.ar\/wp-content\/uploads\/2021\/10\/1714438c-463e-4ef7-968f-31bf964f26c2jpg.jpg 1200w\" sizes=\"(max-width: 1024px) 100vw, 1024px\" \/><\/figure>\n\n\n\n<p>\u201cSolo queremos agradecer por apoyarnos en este camino y nos comprometemos a seguir apostando por nuestra provincia\u201d, cerr\u00f3.<\/p>\n\n\n\n<p>Acompa\u00f1aron el evento los secretarios de Desarrollo Industrial y Comercial, Jos\u00e9 Rossetto; de Desarrollo Productivo, Patricia R\u00edos; los directores de Agencia de Comercializaci\u00f3n, M\u00f3nica Salas; de Desarrollo Industrial y Comercial, Jimena Cabezas; de Acci\u00f3n Cooperativa, Facundo Luna; de Agricultura Familiar, Rodrigo Corbalan; las coordinadoras de Parques Industriales, Celeste Ballari; y T\u00e9cnico Administrativo, M\u00f3nica Tais.<\/p>\n\n\n\n<p>Los interesados podr\u00e1n acceder a www.produccion.jujuy.gob.ar para obtener m\u00e1s informaci\u00f3n.<\/p>\n","protected":false},"excerpt":{"rendered":"<p>La plataforma &#8220;Jujuy al Mundo&#8221; est\u00e1 destinada al acompa\u00f1amiento integral de empresas exportadoras y con potencial exportador radicadas en la provincia. El ministro de Desarrollo Econ\u00f3mico y Producci\u00f3n, Exequiel Lello Ivacevich, realiz\u00f3<a class=\"moretag\" href=\"http:\/\/www.produccion.jujuy.gob.ar\/?p=1970\">Leer m\u00e1s&#8230;<\/a><\/p>\n","protected":false},"author":2,"featured_media":1971,"comment_status":"closed","ping_status":"open","sticky":false,"template":"","format":"standard","meta":[],"categories":[2],"tags":[],"yoast_head":"<!-- This site is optimized with the Yoast SEO plugin v18.3 - https:\/\/yoast.com\/wordpress\/plugins\/seo\/ -->\n<title>Jujuy al Mundo acompa\u00f1a a empresas juje\u00f1as a exportar - Ministerio de Desarrollo Econ\u00f3mico y Producci\u00f3n<\/title>\n<meta name=\"robots\" content=\"index, follow, max-snippet:-1, max-image-preview:large, max-video-preview:-1\" \/>\n<link rel=\"canonical\" href=\"http:\/\/www.produccion.jujuy.gob.ar\/?p=1970\" \/>\n<meta property=\"og:locale\" content=\"es_ES\" \/>\n<meta property=\"og:type\" content=\"article\" \/>\n<meta property=\"og:title\" content=\"Jujuy al Mundo acompa\u00f1a a empresas juje\u00f1as a exportar - Ministerio de Desarrollo Econ\u00f3mico y Producci\u00f3n\" \/>\n<meta property=\"og:description\" content=\"La plataforma &#8220;Jujuy al Mundo&#8221; est\u00e1 destinada al acompa\u00f1amiento integral de empresas exportadoras y con potencial exportador radicadas en la provincia. El ministro de Desarrollo Econ\u00f3mico y Producci\u00f3n, Exequiel Lello Ivacevich, realiz\u00f3Leer m\u00e1s...\" \/>\n<meta property=\"og:url\" content=\"http:\/\/www.produccion.jujuy.gob.ar\/?p=1970\" \/>\n<meta property=\"og:site_name\" content=\"Ministerio de Desarrollo Econ\u00f3mico y Producci\u00f3n\" \/>\n<meta property=\"article:published_time\" content=\"2021-10-14T12:33:27+00:00\" \/>\n<meta property=\"article:modified_time\" content=\"2021-10-14T12:33:29+00:00\" \/>\n<meta property=\"og:image\" content=\"http:\/\/www.produccion.jujuy.gob.ar\/wp-content\/uploads\/2021\/10\/presentacion-jujuy-al-mundo.jpg\" \/>\n\t<meta property=\"og:image:width\" content=\"993\" \/>\n\t<meta property=\"og:image:height\" content=\"647\" \/>\n\t<meta property=\"og:image:type\" content=\"image\/jpeg\" \/>\n<meta name=\"twitter:card\" content=\"summary_large_image\" \/>\n<meta name=\"twitter:label1\" content=\"Escrito por\" \/>\n\t<meta name=\"twitter:data1\" content=\"prensa prensa\" \/>\n\t<meta name=\"twitter:label2\" content=\"Tiempo de lectura\" \/>\n\t<meta name=\"twitter:data2\" content=\"4 minutos\" \/>\n<script type=\"application\/ld+json\" class=\"yoast-schema-graph\">{\"@context\":\"https:\/\/schema.org\",\"@graph\":[{\"@type\":\"WebSite\",\"@id\":\"http:\/\/www.produccion.jujuy.gob.ar\/#website\",\"url\":\"http:\/\/www.produccion.jujuy.gob.ar\/\",\"name\":\"Ministerio de Desarrollo Econ\u00f3mico y Producci\u00f3n\",\"description\":\"\",\"potentialAction\":[{\"@type\":\"SearchAction\",\"target\":{\"@type\":\"EntryPoint\",\"urlTemplate\":\"http:\/\/www.produccion.jujuy.gob.ar\/?s={search_term_string}\"},\"query-input\":\"required name=search_term_string\"}],\"inLanguage\":\"es\"},{\"@type\":\"ImageObject\",\"@id\":\"http:\/\/www.produccion.jujuy.gob.ar\/?p=1970#primaryimage\",\"inLanguage\":\"es\",\"url\":\"http:\/\/www.produccion.jujuy.gob.ar\/wp-content\/uploads\/2021\/10\/presentacion-jujuy-al-mundo.jpg\",\"contentUrl\":\"http:\/\/www.produccion.jujuy.gob.ar\/wp-content\/uploads\/2021\/10\/presentacion-jujuy-al-mundo.jpg\",\"width\":993,\"height\":647},{\"@type\":\"WebPage\",\"@id\":\"http:\/\/www.produccion.jujuy.gob.ar\/?p=1970#webpage\",\"url\":\"http:\/\/www.produccion.jujuy.gob.ar\/?p=1970\",\"name\":\"Jujuy al Mundo acompa\u00f1a a empresas juje\u00f1as a exportar - Ministerio de Desarrollo Econ\u00f3mico y Producci\u00f3n\",\"isPartOf\":{\"@id\":\"http:\/\/www.produccion.jujuy.gob.ar\/#website\"},\"primaryImageOfPage\":{\"@id\":\"http:\/\/www.produccion.jujuy.gob.ar\/?p=1970#primaryimage\"},\"datePublished\":\"2021-10-14T12:33:27+00:00\",\"dateModified\":\"2021-10-14T12:33:29+00:00\",\"author\":{\"@id\":\"http:\/\/www.produccion.jujuy.gob.ar\/#\/schema\/person\/4b22a01d694f4bbb88e5d19dca067d1d\"},\"breadcrumb\":{\"@id\":\"http:\/\/www.produccion.jujuy.gob.ar\/?p=1970#breadcrumb\"},\"inLanguage\":\"es\",\"potentialAction\":[{\"@type\":\"ReadAction\",\"target\":[\"http:\/\/www.produccion.jujuy.gob.ar\/?p=1970\"]}]},{\"@type\":\"BreadcrumbList\",\"@id\":\"http:\/\/www.produccion.jujuy.gob.ar\/?p=1970#breadcrumb\",\"itemListElement\":[{\"@type\":\"ListItem\",\"position\":1,\"name\":\"Portada\",\"item\":\"http:\/\/www.produccion.jujuy.gob.ar\/\"},{\"@type\":\"ListItem\",\"position\":2,\"name\":\"Jujuy al Mundo acompa\u00f1a a empresas juje\u00f1as a exportar\"}]},{\"@type\":\"Person\",\"@id\":\"http:\/\/www.produccion.jujuy.gob.ar\/#\/schema\/person\/4b22a01d694f4bbb88e5d19dca067d1d\",\"name\":\"prensa prensa\",\"image\":{\"@type\":\"ImageObject\",\"@id\":\"http:\/\/www.produccion.jujuy.gob.ar\/#personlogo\",\"inLanguage\":\"es\",\"url\":\"http:\/\/2.gravatar.com\/avatar\/869d66de5c875fb1c978e5ff7404f639?s=96&d=mm&r=g\",\"contentUrl\":\"http:\/\/2.gravatar.com\/avatar\/869d66de5c875fb1c978e5ff7404f639?s=96&d=mm&r=g\",\"caption\":\"prensa prensa\"},\"url\":\"http:\/\/www.produccion.jujuy.gob.ar\/?author=2\"}]}<\/script>\n<!-- \/ Yoast SEO plugin. -->","yoast_head_json":{"title":"Jujuy al Mundo acompa\u00f1a a empresas juje\u00f1as a exportar - Ministerio de Desarrollo Econ\u00f3mico y Producci\u00f3n","robots":{"index":"index","follow":"follow","max-snippet":"max-snippet:-1","max-image-preview":"max-image-preview:large","max-video-preview":"max-video-preview:-1"},"canonical":"http:\/\/www.produccion.jujuy.gob.ar\/?p=1970","og_locale":"es_ES","og_type":"article","og_title":"Jujuy al Mundo acompa\u00f1a a empresas juje\u00f1as a exportar - Ministerio de Desarrollo Econ\u00f3mico y Producci\u00f3n","og_description":"La plataforma &#8220;Jujuy al Mundo&#8221; est\u00e1 destinada al acompa\u00f1amiento integral de empresas exportadoras y con potencial exportador radicadas en la provincia. El ministro de Desarrollo Econ\u00f3mico y Producci\u00f3n, Exequiel Lello Ivacevich, realiz\u00f3Leer m\u00e1s...","og_url":"http:\/\/www.produccion.jujuy.gob.ar\/?p=1970","og_site_name":"Ministerio de Desarrollo Econ\u00f3mico y Producci\u00f3n","article_published_time":"2021-10-14T12:33:27+00:00","article_modified_time":"2021-10-14T12:33:29+00:00","og_image":[{"width":993,"height":647,"url":"http:\/\/www.produccion.jujuy.gob.ar\/wp-content\/uploads\/2021\/10\/presentacion-jujuy-al-mundo.jpg","type":"image\/jpeg"}],"twitter_card":"summary_large_image","twitter_misc":{"Escrito por":"prensa prensa","Tiempo de lectura":"4 minutos"},"schema":{"@context":"https:\/\/schema.org","@graph":[{"@type":"WebSite","@id":"http:\/\/www.produccion.jujuy.gob.ar\/#website","url":"http:\/\/www.produccion.jujuy.gob.ar\/","name":"Ministerio de Desarrollo Econ\u00f3mico y Producci\u00f3n","description":"","potentialAction":[{"@type":"SearchAction","target":{"@type":"EntryPoint","urlTemplate":"http:\/\/www.produccion.jujuy.gob.ar\/?s={search_term_string}"},"query-input":"required name=search_term_string"}],"inLanguage":"es"},{"@type":"ImageObject","@id":"http:\/\/www.produccion.jujuy.gob.ar\/?p=1970#primaryimage","inLanguage":"es","url":"http:\/\/www.produccion.jujuy.gob.ar\/wp-content\/uploads\/2021\/10\/presentacion-jujuy-al-mundo.jpg","contentUrl":"http:\/\/www.produccion.jujuy.gob.ar\/wp-content\/uploads\/2021\/10\/presentacion-jujuy-al-mundo.jpg","width":993,"height":647},{"@type":"WebPage","@id":"http:\/\/www.produccion.jujuy.gob.ar\/?p=1970#webpage","url":"http:\/\/www.produccion.jujuy.gob.ar\/?p=1970","name":"Jujuy al Mundo acompa\u00f1a a empresas juje\u00f1as a exportar - Ministerio de Desarrollo Econ\u00f3mico y Producci\u00f3n","isPartOf":{"@id":"http:\/\/www.produccion.jujuy.gob.ar\/#website"},"primaryImageOfPage":{"@id":"http:\/\/www.produccion.jujuy.gob.ar\/?p=1970#primaryimage"},"datePublished":"2021-10-14T12:33:27+00:00","dateModified":"2021-10-14T12:33:29+00:00","author":{"@id":"http:\/\/www.produccion.jujuy.gob.ar\/#\/schema\/person\/4b22a01d694f4bbb88e5d19dca067d1d"},"breadcrumb":{"@id":"http:\/\/www.produccion.jujuy.gob.ar\/?p=1970#breadcrumb"},"inLanguage":"es","potentialAction":[{"@type":"ReadAction","target":["http:\/\/www.produccion.jujuy.gob.ar\/?p=1970"]}]},{"@type":"BreadcrumbList","@id":"http:\/\/www.produccion.jujuy.gob.ar\/?p=1970#breadcrumb","itemListElement":[{"@type":"ListItem","position":1,"name":"Portada","item":"http:\/\/www.produccion.jujuy.gob.ar\/"},{"@type":"ListItem","position":2,"name":"Jujuy al Mundo acompa\u00f1a a empresas juje\u00f1as a exportar"}]},{"@type":"Person","@id":"http:\/\/www.produccion.jujuy.gob.ar\/#\/schema\/person\/4b22a01d694f4bbb88e5d19dca067d1d","name":"prensa prensa","image":{"@type":"ImageObject","@id":"http:\/\/www.produccion.jujuy.gob.ar\/#personlogo","inLanguage":"es","url":"http:\/\/2.gravatar.com\/avatar\/869d66de5c875fb1c978e5ff7404f639?s=96&d=mm&r=g","contentUrl":"http:\/\/2.gravatar.com\/avatar\/869d66de5c875fb1c978e5ff7404f639?s=96&d=mm&r=g","caption":"prensa prensa"},"url":"http:\/\/www.produccion.jujuy.gob.ar\/?author=2"}]}},"_links":{"self":[{"href":"http:\/\/www.produccion.jujuy.gob.ar\/index.php?rest_route=\/wp\/v2\/posts\/1970"}],"collection":[{"href":"http:\/\/www.produccion.jujuy.gob.ar\/index.php?rest_route=\/wp\/v2\/posts"}],"about":[{"href":"http:\/\/www.produccion.jujuy.gob.ar\/index.php?rest_route=\/wp\/v2\/types\/post"}],"author":[{"embeddable":true,"href":"http:\/\/www.produccion.jujuy.gob.ar\/index.php?rest_route=\/wp\/v2\/users\/2"}],"replies":[{"embeddable":true,"href":"http:\/\/www.produccion.jujuy.gob.ar\/index.php?rest_route=%2Fwp%2Fv2%2Fcomments&post=1970"}],"version-history":[{"count":1,"href":"http:\/\/www.produccion.jujuy.gob.ar\/index.php?rest_route=\/wp\/v2\/posts\/1970\/revisions"}],"predecessor-version":[{"id":1974,"href":"http:\/\/www.produccion.jujuy.gob.ar\/index.php?rest_route=\/wp\/v2\/posts\/1970\/revisions\/1974"}],"wp:featuredmedia":[{"embeddable":true,"href":"http:\/\/www.produccion.jujuy.gob.ar\/index.php?rest_route=\/wp\/v2\/media\/1971"}],"wp:attachment":[{"href":"http:\/\/www.produccion.jujuy.gob.ar\/index.php?rest_route=%2Fwp%2Fv2%2Fmedia&parent=1970"}],"wp:term":[{"taxonomy":"category","embeddable":true,"href":"http:\/\/www.produccion.jujuy.gob.ar\/index.php?rest_route=%2Fwp%2Fv2%2Fcategories&post=1970"},{"taxonomy":"post_tag","embeddable":true,"href":"http:\/\/www.produccion.jujuy.gob.ar\/index.php?rest_route=%2Fwp%2Fv2%2Ftags&post=1970"}],"curies":[{"name":"wp","href":"https:\/\/api.w.org\/{rel}","templated":true}]}}