{"id":1997,"date":"2021-10-19T13:05:28","date_gmt":"2021-10-19T13:05:28","guid":{"rendered":"http:\/\/www.produccion.jujuy.gob.ar\/?p=1997"},"modified":"2021-10-19T13:05:30","modified_gmt":"2021-10-19T13:05:30","slug":"se-presento-el-programa-proveedores-de-cadenas-comerciales","status":"publish","type":"post","link":"http:\/\/www.produccion.jujuy.gob.ar\/?p=1997","title":{"rendered":"Se present\u00f3 el Programa Proveedores de Cadenas Comerciales"},"content":{"rendered":"\n<p>El Gobernador de la Provincia, Gerardo Morales, encabez\u00f3 junto al Ministro de Desarrollo Econ\u00f3mico y Producci\u00f3n, Exequiel Lello Ivacevich, el acto de lanzamiento del Programa Proveedores de Cadenas Comerciales. La finalidad del mismo es potenciar la participaci\u00f3n de las empresas y emprendedores juje\u00f1os, en los distintos canales de comercializaci\u00f3n locales, regionales y nacionales.<\/p>\n\n\n\n<p>El Gobernador Morales agradeci\u00f3 la respuesta de c\u00e1maras empresarias, representantes de empresas, supermercados, cadenas comerciales, que acudieron a la convocatoria, siendo muy importante la participaci\u00f3n de los mismos en este escenario.<\/p>\n\n\n\n<p>Ponder\u00f3 el trabajo que se viene haciendo desde la cartera a cargo de Lello Ivacevich para fortalecer la calidad de la producci\u00f3n, la oferta productiva de los proveedores locales, a trav\u00e9s de distintos lineamientos que apoyan su crecimiento, como la Ley de Promoci\u00f3n de Inversiones, sistemas de cr\u00e9ditos, de acompa\u00f1amiento en procesos formativos, cr\u00e9ditos del Consejo de la Microempresa, entre otras herramientas financieras.<\/p>\n\n\n\n<p>Morales explic\u00f3 que estas acciones se determinan para fortalecer la calidad del sello Origen Jujuy, que a su vez se complementa con plataformas en las que los proveedores locales tienen la oportunidad de poder comerciar mejor, siempre en el marco de los requisitos que las cadenas comerciales tengan y que son est\u00e1ndares que se deben alcanzar para tener una inserci\u00f3n positiva.<\/p>\n\n\n\n<p>Indic\u00f3 que existen procesos formativos para la mejora en la etapa de producci\u00f3n que pueden ser herramientas v\u00e1lidas, no solo para los proveedores locales, sino tambi\u00e9n para las cadenas comerciales, con la expectativa de mejorar el precio, la calidad.<\/p>\n\n\n\n<p>Morales consider\u00f3 que un escenario as\u00ed, significan mejores oportunidades, que conllevan a tener m\u00e1s oportunidades de trabajo en el territorio.<\/p>\n\n\n\n<p>El Mandatario provincial puso de relieve que \u201cJujuy es una provincia que va a seguir creciendo, que est\u00e1 cambiando su matriz productiva, buscando nuevas alternativas de producci\u00f3n, recordando que se puso en marcha un plan maestro que va a derramar y generar trabajo, m\u00e1s riqueza, potenciando as\u00ed las posibilidades de comercializar, tanto de las cadenas comerciales como de los proveedores locales\u201d.<\/p>\n\n\n\n<figure class=\"wp-block-image size-large\"><img loading=\"lazy\" width=\"1024\" height=\"683\" src=\"http:\/\/www.produccion.jujuy.gob.ar\/wp-content\/uploads\/2021\/10\/gm-produccion-2-1024x683.jpg\" alt=\"\" class=\"wp-image-1999\" srcset=\"http:\/\/www.produccion.jujuy.gob.ar\/wp-content\/uploads\/2021\/10\/gm-produccion-2-1024x683.jpg 1024w, http:\/\/www.produccion.jujuy.gob.ar\/wp-content\/uploads\/2021\/10\/gm-produccion-2-300x200.jpg 300w, http:\/\/www.produccion.jujuy.gob.ar\/wp-content\/uploads\/2021\/10\/gm-produccion-2-768x512.jpg 768w, http:\/\/www.produccion.jujuy.gob.ar\/wp-content\/uploads\/2021\/10\/gm-produccion-2-272x182.jpg 272w, http:\/\/www.produccion.jujuy.gob.ar\/wp-content\/uploads\/2021\/10\/gm-produccion-2.jpg 1200w\" sizes=\"(max-width: 1024px) 100vw, 1024px\" \/><\/figure>\n\n\n\n<p>&nbsp;Por \u00faltimo, felicit\u00f3 al equipo de trabajo de la cartera de Desarrollo Econ\u00f3mico y Producci\u00f3n por la iniciativa que se present\u00f3. En tanto, el Ministro Exequiel Lello Ivacevich, expres\u00f3 que \u201ces un programa complementario del Sello Origen Jujuy, que tiene por objeto poder vincular la oferta productiva con las cadenas comerciales de todo el pa\u00eds. Esto nos permite ampliar las fronteras y el horizonte de nuestras producciones hacia el mercado regional, hacia el mercado nacional\u201d.<\/p>\n\n\n\n<p>El funcionario provincial explic\u00f3 \u201chicimos este trabajo en articulaci\u00f3n con cadenas nacionales de supermercados, con la cadena local tambi\u00e9n y con todas las c\u00e1maras para poder detectar cu\u00e1les son las producciones que tienen posibilidades de ingresar a las distintas superficies en todo el pa\u00eds. \u201cA partir de ah\u00ed, definir un acuerdo que permita generarles condiciones de pago favorables a nuestras empresas, que muchas veces esas condiciones son las que las alejan de los supermercados de las grandes superficies\u201d, profundiz\u00f3 en la idea Lello Ivacevich.<\/p>\n\n\n\n<p>\u201cY, por otro lado, hacer el acompa\u00f1amiento de los productos que hoy no est\u00e1n en condiciones de ser comercializados en una superficie como \u00e9sta, pero que podemos a trav\u00e9s del ministerio acompa\u00f1arlos con diversas herramientas para dejarlos en condiciones y que puedan participar de esta propuesta de proveedores de cadenas comerciales\u201d, finaliz\u00f3 el ministro.<\/p>\n\n\n\n<p>&nbsp;Consider\u00f3, por \u00faltimo, como muy positivo que se generen desde el Estado diversas herramientas para crear condiciones propicias para el crecimiento del sector productivo. Adem\u00e1s de los mencionados estuvieron presentes el Secretario de Desarrollo Industrial y Comercial, Jos\u00e9 Rossetto; el Secretario de Miner\u00eda e Hidrocarburos, Miguel Soler; la Directora de Planeamiento Estrat\u00e9gico del Ministerio de Ambiente Estefania S\u00e1nchez Cuartielles; la Directora de Agencia de Comercializaci\u00f3n, M\u00f3nica Salas; el Director de Desarrollo Ganadero Juan Casasco; el titular de Cannava S.E., Gast\u00f3n Morales; el Presidente de la Uni\u00f3n de Empresarios de Jujuy, Luis Alonso; la Presidenta de la C\u00e1mara de Comercio y Servicios, Claudia Armata; la C\u00e1mara de Hoteles y Afines de Jujuy, representada por Christi\u00e1n Boglione; Elvio Marquez, gerente de la C\u00e1mara Pyme; y representantes de Vea, Changomas, Alberdi y Yaguar.<\/p>\n\n\n\n<p>&nbsp;Sobre el Programa<\/p>\n\n\n\n<p>Este plan de acci\u00f3n, permitir\u00e1 vincular a los productores Juje\u00f1os con TODOS los centros y puntos de ventas comerciales habilitados en la provincia, su inserci\u00f3n en la regi\u00f3n y en todo el territorio de la Naci\u00f3n Argentina. Se trata de un Programa con mayor alcance a la denominada \u201cLey de G\u00f3ndolas \u201c, que permitir\u00e1: Que las Cadenas comerciales cuenten con informaci\u00f3n precisa sobre productores locales que puedan convertirse en proveedores.<\/p>\n\n\n\n<p>Aprovechar y aplicar las legislaciones vigentes (nacionales y Provinciales). Lograr la cooperaci\u00f3n entre empresas y Estado Provincial (Ministerio de Desarrollo Econ\u00f3mico y Producci\u00f3n) para gestionar conjuntamente el desarrollo de proveedores.<\/p>\n\n\n\n<p>&nbsp;Promover el comercio interno, regional y nacional, de los productos locales.<\/p>\n\n\n\n<p>Poner en valor, para el consumidor, la producci\u00f3n local.<\/p>\n\n\n\n<p>Fortalecer la trazabilidad de los productos de la Provincia, mediante el programa de acompa\u00f1amiento del Ministerio de Desarrollo Econ\u00f3mico y Producci\u00f3n.<\/p>\n","protected":false},"excerpt":{"rendered":"<p>El Gobernador de la Provincia, Gerardo Morales, encabez\u00f3 junto al Ministro de Desarrollo Econ\u00f3mico y Producci\u00f3n, Exequiel Lello Ivacevich, el acto de lanzamiento del Programa Proveedores de Cadenas Comerciales. La finalidad del<a class=\"moretag\" href=\"http:\/\/www.produccion.jujuy.gob.ar\/?p=1997\">Leer m\u00e1s&#8230;<\/a><\/p>\n","protected":false},"author":2,"featured_media":1998,"comment_status":"closed","ping_status":"open","sticky":false,"template":"","format":"standard","meta":[],"categories":[2],"tags":[],"yoast_head":"<!-- This site is optimized with the Yoast SEO plugin v18.3 - https:\/\/yoast.com\/wordpress\/plugins\/seo\/ -->\n<title>Se present\u00f3 el Programa Proveedores de Cadenas Comerciales - Ministerio de Desarrollo Econ\u00f3mico y Producci\u00f3n<\/title>\n<meta name=\"robots\" content=\"index, follow, max-snippet:-1, max-image-preview:large, max-video-preview:-1\" \/>\n<link rel=\"canonical\" href=\"http:\/\/www.produccion.jujuy.gob.ar\/?p=1997\" \/>\n<meta property=\"og:locale\" content=\"es_ES\" \/>\n<meta property=\"og:type\" content=\"article\" \/>\n<meta property=\"og:title\" content=\"Se present\u00f3 el Programa Proveedores de Cadenas Comerciales - Ministerio de Desarrollo Econ\u00f3mico y Producci\u00f3n\" \/>\n<meta property=\"og:description\" content=\"El Gobernador de la Provincia, Gerardo Morales, encabez\u00f3 junto al Ministro de Desarrollo Econ\u00f3mico y Producci\u00f3n, Exequiel Lello Ivacevich, el acto de lanzamiento del Programa Proveedores de Cadenas Comerciales. La finalidad delLeer m\u00e1s...\" \/>\n<meta property=\"og:url\" content=\"http:\/\/www.produccion.jujuy.gob.ar\/?p=1997\" \/>\n<meta property=\"og:site_name\" content=\"Ministerio de Desarrollo Econ\u00f3mico y Producci\u00f3n\" \/>\n<meta property=\"article:published_time\" content=\"2021-10-19T13:05:28+00:00\" \/>\n<meta property=\"article:modified_time\" content=\"2021-10-19T13:05:30+00:00\" \/>\n<meta property=\"og:image\" content=\"http:\/\/www.produccion.jujuy.gob.ar\/wp-content\/uploads\/2021\/10\/gm-produccion.jpg\" \/>\n\t<meta property=\"og:image:width\" content=\"1012\" \/>\n\t<meta property=\"og:image:height\" content=\"675\" \/>\n\t<meta property=\"og:image:type\" content=\"image\/jpeg\" \/>\n<meta name=\"twitter:card\" content=\"summary_large_image\" \/>\n<meta name=\"twitter:label1\" content=\"Escrito por\" \/>\n\t<meta name=\"twitter:data1\" content=\"prensa prensa\" \/>\n\t<meta name=\"twitter:label2\" content=\"Tiempo de lectura\" \/>\n\t<meta name=\"twitter:data2\" content=\"4 minutos\" \/>\n<script type=\"application\/ld+json\" class=\"yoast-schema-graph\">{\"@context\":\"https:\/\/schema.org\",\"@graph\":[{\"@type\":\"WebSite\",\"@id\":\"http:\/\/www.produccion.jujuy.gob.ar\/#website\",\"url\":\"http:\/\/www.produccion.jujuy.gob.ar\/\",\"name\":\"Ministerio de Desarrollo Econ\u00f3mico y Producci\u00f3n\",\"description\":\"\",\"potentialAction\":[{\"@type\":\"SearchAction\",\"target\":{\"@type\":\"EntryPoint\",\"urlTemplate\":\"http:\/\/www.produccion.jujuy.gob.ar\/?s={search_term_string}\"},\"query-input\":\"required name=search_term_string\"}],\"inLanguage\":\"es\"},{\"@type\":\"ImageObject\",\"@id\":\"http:\/\/www.produccion.jujuy.gob.ar\/?p=1997#primaryimage\",\"inLanguage\":\"es\",\"url\":\"http:\/\/www.produccion.jujuy.gob.ar\/wp-content\/uploads\/2021\/10\/gm-produccion.jpg\",\"contentUrl\":\"http:\/\/www.produccion.jujuy.gob.ar\/wp-content\/uploads\/2021\/10\/gm-produccion.jpg\",\"width\":1012,\"height\":675},{\"@type\":\"WebPage\",\"@id\":\"http:\/\/www.produccion.jujuy.gob.ar\/?p=1997#webpage\",\"url\":\"http:\/\/www.produccion.jujuy.gob.ar\/?p=1997\",\"name\":\"Se present\u00f3 el Programa Proveedores de Cadenas Comerciales - Ministerio de Desarrollo Econ\u00f3mico y Producci\u00f3n\",\"isPartOf\":{\"@id\":\"http:\/\/www.produccion.jujuy.gob.ar\/#website\"},\"primaryImageOfPage\":{\"@id\":\"http:\/\/www.produccion.jujuy.gob.ar\/?p=1997#primaryimage\"},\"datePublished\":\"2021-10-19T13:05:28+00:00\",\"dateModified\":\"2021-10-19T13:05:30+00:00\",\"author\":{\"@id\":\"http:\/\/www.produccion.jujuy.gob.ar\/#\/schema\/person\/4b22a01d694f4bbb88e5d19dca067d1d\"},\"breadcrumb\":{\"@id\":\"http:\/\/www.produccion.jujuy.gob.ar\/?p=1997#breadcrumb\"},\"inLanguage\":\"es\",\"potentialAction\":[{\"@type\":\"ReadAction\",\"target\":[\"http:\/\/www.produccion.jujuy.gob.ar\/?p=1997\"]}]},{\"@type\":\"BreadcrumbList\",\"@id\":\"http:\/\/www.produccion.jujuy.gob.ar\/?p=1997#breadcrumb\",\"itemListElement\":[{\"@type\":\"ListItem\",\"position\":1,\"name\":\"Portada\",\"item\":\"http:\/\/www.produccion.jujuy.gob.ar\/\"},{\"@type\":\"ListItem\",\"position\":2,\"name\":\"Se present\u00f3 el Programa Proveedores de Cadenas Comerciales\"}]},{\"@type\":\"Person\",\"@id\":\"http:\/\/www.produccion.jujuy.gob.ar\/#\/schema\/person\/4b22a01d694f4bbb88e5d19dca067d1d\",\"name\":\"prensa prensa\",\"image\":{\"@type\":\"ImageObject\",\"@id\":\"http:\/\/www.produccion.jujuy.gob.ar\/#personlogo\",\"inLanguage\":\"es\",\"url\":\"http:\/\/2.gravatar.com\/avatar\/869d66de5c875fb1c978e5ff7404f639?s=96&d=mm&r=g\",\"contentUrl\":\"http:\/\/2.gravatar.com\/avatar\/869d66de5c875fb1c978e5ff7404f639?s=96&d=mm&r=g\",\"caption\":\"prensa prensa\"},\"url\":\"http:\/\/www.produccion.jujuy.gob.ar\/?author=2\"}]}<\/script>\n<!-- \/ Yoast SEO plugin. -->","yoast_head_json":{"title":"Se present\u00f3 el Programa Proveedores de Cadenas Comerciales - Ministerio de Desarrollo Econ\u00f3mico y Producci\u00f3n","robots":{"index":"index","follow":"follow","max-snippet":"max-snippet:-1","max-image-preview":"max-image-preview:large","max-video-preview":"max-video-preview:-1"},"canonical":"http:\/\/www.produccion.jujuy.gob.ar\/?p=1997","og_locale":"es_ES","og_type":"article","og_title":"Se present\u00f3 el Programa Proveedores de Cadenas Comerciales - Ministerio de Desarrollo Econ\u00f3mico y Producci\u00f3n","og_description":"El Gobernador de la Provincia, Gerardo Morales, encabez\u00f3 junto al Ministro de Desarrollo Econ\u00f3mico y Producci\u00f3n, Exequiel Lello Ivacevich, el acto de lanzamiento del Programa Proveedores de Cadenas Comerciales. La finalidad delLeer m\u00e1s...","og_url":"http:\/\/www.produccion.jujuy.gob.ar\/?p=1997","og_site_name":"Ministerio de Desarrollo Econ\u00f3mico y Producci\u00f3n","article_published_time":"2021-10-19T13:05:28+00:00","article_modified_time":"2021-10-19T13:05:30+00:00","og_image":[{"width":1012,"height":675,"url":"http:\/\/www.produccion.jujuy.gob.ar\/wp-content\/uploads\/2021\/10\/gm-produccion.jpg","type":"image\/jpeg"}],"twitter_card":"summary_large_image","twitter_misc":{"Escrito por":"prensa prensa","Tiempo de lectura":"4 minutos"},"schema":{"@context":"https:\/\/schema.org","@graph":[{"@type":"WebSite","@id":"http:\/\/www.produccion.jujuy.gob.ar\/#website","url":"http:\/\/www.produccion.jujuy.gob.ar\/","name":"Ministerio de Desarrollo Econ\u00f3mico y Producci\u00f3n","description":"","potentialAction":[{"@type":"SearchAction","target":{"@type":"EntryPoint","urlTemplate":"http:\/\/www.produccion.jujuy.gob.ar\/?s={search_term_string}"},"query-input":"required name=search_term_string"}],"inLanguage":"es"},{"@type":"ImageObject","@id":"http:\/\/www.produccion.jujuy.gob.ar\/?p=1997#primaryimage","inLanguage":"es","url":"http:\/\/www.produccion.jujuy.gob.ar\/wp-content\/uploads\/2021\/10\/gm-produccion.jpg","contentUrl":"http:\/\/www.produccion.jujuy.gob.ar\/wp-content\/uploads\/2021\/10\/gm-produccion.jpg","width":1012,"height":675},{"@type":"WebPage","@id":"http:\/\/www.produccion.jujuy.gob.ar\/?p=1997#webpage","url":"http:\/\/www.produccion.jujuy.gob.ar\/?p=1997","name":"Se present\u00f3 el Programa Proveedores de Cadenas Comerciales - Ministerio de Desarrollo Econ\u00f3mico y Producci\u00f3n","isPartOf":{"@id":"http:\/\/www.produccion.jujuy.gob.ar\/#website"},"primaryImageOfPage":{"@id":"http:\/\/www.produccion.jujuy.gob.ar\/?p=1997#primaryimage"},"datePublished":"2021-10-19T13:05:28+00:00","dateModified":"2021-10-19T13:05:30+00:00","author":{"@id":"http:\/\/www.produccion.jujuy.gob.ar\/#\/schema\/person\/4b22a01d694f4bbb88e5d19dca067d1d"},"breadcrumb":{"@id":"http:\/\/www.produccion.jujuy.gob.ar\/?p=1997#breadcrumb"},"inLanguage":"es","potentialAction":[{"@type":"ReadAction","target":["http:\/\/www.produccion.jujuy.gob.ar\/?p=1997"]}]},{"@type":"BreadcrumbList","@id":"http:\/\/www.produccion.jujuy.gob.ar\/?p=1997#breadcrumb","itemListElement":[{"@type":"ListItem","position":1,"name":"Portada","item":"http:\/\/www.produccion.jujuy.gob.ar\/"},{"@type":"ListItem","position":2,"name":"Se present\u00f3 el Programa Proveedores de Cadenas Comerciales"}]},{"@type":"Person","@id":"http:\/\/www.produccion.jujuy.gob.ar\/#\/schema\/person\/4b22a01d694f4bbb88e5d19dca067d1d","name":"prensa prensa","image":{"@type":"ImageObject","@id":"http:\/\/www.produccion.jujuy.gob.ar\/#personlogo","inLanguage":"es","url":"http:\/\/2.gravatar.com\/avatar\/869d66de5c875fb1c978e5ff7404f639?s=96&d=mm&r=g","contentUrl":"http:\/\/2.gravatar.com\/avatar\/869d66de5c875fb1c978e5ff7404f639?s=96&d=mm&r=g","caption":"prensa prensa"},"url":"http:\/\/www.produccion.jujuy.gob.ar\/?author=2"}]}},"_links":{"self":[{"href":"http:\/\/www.produccion.jujuy.gob.ar\/index.php?rest_route=\/wp\/v2\/posts\/1997"}],"collection":[{"href":"http:\/\/www.produccion.jujuy.gob.ar\/index.php?rest_route=\/wp\/v2\/posts"}],"about":[{"href":"http:\/\/www.produccion.jujuy.gob.ar\/index.php?rest_route=\/wp\/v2\/types\/post"}],"author":[{"embeddable":true,"href":"http:\/\/www.produccion.jujuy.gob.ar\/index.php?rest_route=\/wp\/v2\/users\/2"}],"replies":[{"embeddable":true,"href":"http:\/\/www.produccion.jujuy.gob.ar\/index.php?rest_route=%2Fwp%2Fv2%2Fcomments&post=1997"}],"version-history":[{"count":1,"href":"http:\/\/www.produccion.jujuy.gob.ar\/index.php?rest_route=\/wp\/v2\/posts\/1997\/revisions"}],"predecessor-version":[{"id":2000,"href":"http:\/\/www.produccion.jujuy.gob.ar\/index.php?rest_route=\/wp\/v2\/posts\/1997\/revisions\/2000"}],"wp:featuredmedia":[{"embeddable":true,"href":"http:\/\/www.produccion.jujuy.gob.ar\/index.php?rest_route=\/wp\/v2\/media\/1998"}],"wp:attachment":[{"href":"http:\/\/www.produccion.jujuy.gob.ar\/index.php?rest_route=%2Fwp%2Fv2%2Fmedia&parent=1997"}],"wp:term":[{"taxonomy":"category","embeddable":true,"href":"http:\/\/www.produccion.jujuy.gob.ar\/index.php?rest_route=%2Fwp%2Fv2%2Fcategories&post=1997"},{"taxonomy":"post_tag","embeddable":true,"href":"http:\/\/www.produccion.jujuy.gob.ar\/index.php?rest_route=%2Fwp%2Fv2%2Ftags&post=1997"}],"curies":[{"name":"wp","href":"https:\/\/api.w.org\/{rel}","templated":true}]}}