{"id":2096,"date":"2021-10-27T13:35:04","date_gmt":"2021-10-27T13:35:04","guid":{"rendered":"http:\/\/www.produccion.jujuy.gob.ar\/?p=2096"},"modified":"2021-10-27T13:35:05","modified_gmt":"2021-10-27T13:35:05","slug":"jujuy-busca-fortalecer-a-su-sector-vitivinicola","status":"publish","type":"post","link":"http:\/\/www.produccion.jujuy.gob.ar\/?p=2096","title":{"rendered":"Jujuy busca fortalecer a su sector vitivin\u00edcola"},"content":{"rendered":"\n<p>Ser\u00e1 a trav\u00e9s de un convenio con Coviar, el cual favorecer\u00e1 el desarrollo de investigaciones en Jujuy.<\/p>\n\n\n\n<p>El ministro de Desarrollo Econ\u00f3mico y Producci\u00f3n, Exequiel Lello Ivacevich, rubric\u00f3 un convenio con la Corporaci\u00f3n Vitivin\u00edcola Argentina (Coviar) para fortalecer a productores de vino de la provincia de Jujuy.<\/p>\n\n\n\n<p>\u201cTenemos a los mejores vinos de altura, por eso es importante generar pol\u00edticas que fortalezcan al sector y permita posicionarnos como una provincia vitivin\u00edcola\u201d, enfatiz\u00f3 el ministro tras la r\u00fabrica del acuerdo.<\/p>\n\n\n\n<p>Explic\u00f3 que Jujuy es nuevo en materia vitinvin\u00edcola, por lo que es necesario impulsar estudios e investigaciones que permitan tener datos espec\u00edficos de caracterizaci\u00f3n para el desarrollo de la actividad vitivin\u00edcola, de manera que \u201ccontemos con datos concretos y con informaci\u00f3n homogeneizada, que permitan incrementar la competitividad y productividad del sector\u201d.<\/p>\n\n\n\n<p>En ese sentido, record\u00f3 que Coviar es beneficiaria de la Cooperaci\u00f3n T\u00e9cnica \u201cPrograma de Vitivinicultura Inteligente\u201d con el Banco Interamericano de Desarrollo (BID), cuyo objetivo es contribuir a incrementar la competitividad y productividad del sector vitivin\u00edcola en Argentina.<\/p>\n\n\n\n<p>Para ello, se realizar\u00e1n estudios en los principales oasis vitivin\u00edcolas de Mendoza, San Juan, y Salta que generen la caracterizaci\u00f3n de factores f\u00edsico-ambientales (clima, suelo, relieve, paisaje, recurso h\u00eddrico, geosituaci\u00f3n). A partir del convenio, explic\u00f3 el ministro, se buscar\u00e1 que Jujuy integre este programa de manera que \u201cpodamos tener una caracterizaci\u00f3n de las zonas vitivin\u00edcolas particularmente en la geolocalizaci\u00f3n morfol\u00f3gica de suelo y tambi\u00e9n la caracterizaci\u00f3n socio cultural de las zonas vitivin\u00edcolas\u201d.<\/p>\n\n\n\n<p>Por su parte, la secretaria de Vitivinicultura de Jujuy, Ver\u00f3nica Sata dijo \u201ceste acuerdo es muy importante porque va a acompa\u00f1ar a todos los sectores vitivin\u00edcolas en una caracterizaci\u00f3n que les proporcionar\u00e1n caracter\u00edsticas diferentes y distintivas de cada lugar\u201d.<\/p>\n\n\n\n<p>&nbsp;El convenio, detall\u00f3, tiene por objeto regular las relaciones entre COVIAR y la provincia para la elaboraci\u00f3n del \u201cEstudio para la caracterizaci\u00f3n de las regiones vitivin\u00edcolas de Jujuy. As\u00ed, la provincia aportar\u00e1 los recursos financieros necesarios para la elaboraci\u00f3n del estudio, en tanto que la Corporaci\u00f3n aportar\u00e1 los recursos t\u00e9cnicos de coordinaci\u00f3n general del estudio y la incorporaci\u00f3n de los resultados del mismo a los resultados y productos generados en el \u201cPrograma de Vitivinicultura Inteligente\u201d.<\/p>\n\n\n\n<p>Finalmente, Jos\u00e9 Zuccardi, presidente de la Coviar, destac\u00f3 la configuraci\u00f3n geogr\u00e1fica de Jujuy y remarc\u00f3 \u201ccuenta con una variaci\u00f3n de suelo, clima muy especial y una corriente tur\u00edstica que le da un plus m\u00e1s que establece el v\u00ednculo con los productores y el turista\u201d.<\/p>\n\n\n\n<p>\u201cEstas caracter\u00edsticas son fundamentales, ya que interactuar con los que compran el vino achica la distancia de la comercializaci\u00f3n. Y adem\u00e1s potenciar el turismo y el desarrollo de econom\u00eda regional\u201d, ponder\u00f3 Zuccardi y asegur\u00f3 que continuar\u00e1n trabajando articuladamente con el ejecutivo provincial para lograr el desarrollo del sector.<\/p>\n","protected":false},"excerpt":{"rendered":"<p>Ser\u00e1 a trav\u00e9s de un convenio con Coviar, el cual favorecer\u00e1 el desarrollo de investigaciones en Jujuy. El ministro de Desarrollo Econ\u00f3mico y Producci\u00f3n, Exequiel Lello Ivacevich, rubric\u00f3 un convenio con la<a class=\"moretag\" href=\"http:\/\/www.produccion.jujuy.gob.ar\/?p=2096\">Leer m\u00e1s&#8230;<\/a><\/p>\n","protected":false},"author":2,"featured_media":2097,"comment_status":"closed","ping_status":"open","sticky":false,"template":"","format":"standard","meta":[],"categories":[2],"tags":[],"yoast_head":"<!-- This site is optimized with the Yoast SEO plugin v18.3 - https:\/\/yoast.com\/wordpress\/plugins\/seo\/ -->\n<title>Jujuy busca fortalecer a su sector vitivin\u00edcola - Ministerio de Desarrollo Econ\u00f3mico y Producci\u00f3n<\/title>\n<meta name=\"robots\" content=\"index, follow, max-snippet:-1, max-image-preview:large, max-video-preview:-1\" \/>\n<link rel=\"canonical\" href=\"http:\/\/www.produccion.jujuy.gob.ar\/?p=2096\" \/>\n<meta property=\"og:locale\" content=\"es_ES\" \/>\n<meta property=\"og:type\" content=\"article\" \/>\n<meta property=\"og:title\" content=\"Jujuy busca fortalecer a su sector vitivin\u00edcola - Ministerio de Desarrollo Econ\u00f3mico y Producci\u00f3n\" \/>\n<meta property=\"og:description\" content=\"Ser\u00e1 a trav\u00e9s de un convenio con Coviar, el cual favorecer\u00e1 el desarrollo de investigaciones en Jujuy. El ministro de Desarrollo Econ\u00f3mico y Producci\u00f3n, Exequiel Lello Ivacevich, rubric\u00f3 un convenio con laLeer m\u00e1s...\" \/>\n<meta property=\"og:url\" content=\"http:\/\/www.produccion.jujuy.gob.ar\/?p=2096\" \/>\n<meta property=\"og:site_name\" content=\"Ministerio de Desarrollo Econ\u00f3mico y Producci\u00f3n\" \/>\n<meta property=\"article:published_time\" content=\"2021-10-27T13:35:04+00:00\" \/>\n<meta property=\"article:modified_time\" content=\"2021-10-27T13:35:05+00:00\" \/>\n<meta property=\"og:image\" content=\"http:\/\/www.produccion.jujuy.gob.ar\/wp-content\/uploads\/2021\/10\/whatsapp-image-2021-10-26-at-131935jpeg.jpeg\" \/>\n\t<meta property=\"og:image:width\" content=\"1200\" \/>\n\t<meta property=\"og:image:height\" content=\"674\" \/>\n\t<meta property=\"og:image:type\" content=\"image\/jpeg\" \/>\n<meta name=\"twitter:card\" content=\"summary_large_image\" \/>\n<meta name=\"twitter:label1\" content=\"Escrito por\" \/>\n\t<meta name=\"twitter:data1\" content=\"prensa prensa\" \/>\n\t<meta name=\"twitter:label2\" content=\"Tiempo de lectura\" \/>\n\t<meta name=\"twitter:data2\" content=\"3 minutos\" \/>\n<script type=\"application\/ld+json\" class=\"yoast-schema-graph\">{\"@context\":\"https:\/\/schema.org\",\"@graph\":[{\"@type\":\"WebSite\",\"@id\":\"http:\/\/www.produccion.jujuy.gob.ar\/#website\",\"url\":\"http:\/\/www.produccion.jujuy.gob.ar\/\",\"name\":\"Ministerio de Desarrollo Econ\u00f3mico y Producci\u00f3n\",\"description\":\"\",\"potentialAction\":[{\"@type\":\"SearchAction\",\"target\":{\"@type\":\"EntryPoint\",\"urlTemplate\":\"http:\/\/www.produccion.jujuy.gob.ar\/?s={search_term_string}\"},\"query-input\":\"required name=search_term_string\"}],\"inLanguage\":\"es\"},{\"@type\":\"ImageObject\",\"@id\":\"http:\/\/www.produccion.jujuy.gob.ar\/?p=2096#primaryimage\",\"inLanguage\":\"es\",\"url\":\"http:\/\/www.produccion.jujuy.gob.ar\/wp-content\/uploads\/2021\/10\/whatsapp-image-2021-10-26-at-131935jpeg.jpeg\",\"contentUrl\":\"http:\/\/www.produccion.jujuy.gob.ar\/wp-content\/uploads\/2021\/10\/whatsapp-image-2021-10-26-at-131935jpeg.jpeg\",\"width\":1200,\"height\":674},{\"@type\":\"WebPage\",\"@id\":\"http:\/\/www.produccion.jujuy.gob.ar\/?p=2096#webpage\",\"url\":\"http:\/\/www.produccion.jujuy.gob.ar\/?p=2096\",\"name\":\"Jujuy busca fortalecer a su sector vitivin\u00edcola - Ministerio de Desarrollo Econ\u00f3mico y Producci\u00f3n\",\"isPartOf\":{\"@id\":\"http:\/\/www.produccion.jujuy.gob.ar\/#website\"},\"primaryImageOfPage\":{\"@id\":\"http:\/\/www.produccion.jujuy.gob.ar\/?p=2096#primaryimage\"},\"datePublished\":\"2021-10-27T13:35:04+00:00\",\"dateModified\":\"2021-10-27T13:35:05+00:00\",\"author\":{\"@id\":\"http:\/\/www.produccion.jujuy.gob.ar\/#\/schema\/person\/4b22a01d694f4bbb88e5d19dca067d1d\"},\"breadcrumb\":{\"@id\":\"http:\/\/www.produccion.jujuy.gob.ar\/?p=2096#breadcrumb\"},\"inLanguage\":\"es\",\"potentialAction\":[{\"@type\":\"ReadAction\",\"target\":[\"http:\/\/www.produccion.jujuy.gob.ar\/?p=2096\"]}]},{\"@type\":\"BreadcrumbList\",\"@id\":\"http:\/\/www.produccion.jujuy.gob.ar\/?p=2096#breadcrumb\",\"itemListElement\":[{\"@type\":\"ListItem\",\"position\":1,\"name\":\"Portada\",\"item\":\"http:\/\/www.produccion.jujuy.gob.ar\/\"},{\"@type\":\"ListItem\",\"position\":2,\"name\":\"Jujuy busca fortalecer a su sector vitivin\u00edcola\"}]},{\"@type\":\"Person\",\"@id\":\"http:\/\/www.produccion.jujuy.gob.ar\/#\/schema\/person\/4b22a01d694f4bbb88e5d19dca067d1d\",\"name\":\"prensa prensa\",\"image\":{\"@type\":\"ImageObject\",\"@id\":\"http:\/\/www.produccion.jujuy.gob.ar\/#personlogo\",\"inLanguage\":\"es\",\"url\":\"http:\/\/2.gravatar.com\/avatar\/869d66de5c875fb1c978e5ff7404f639?s=96&d=mm&r=g\",\"contentUrl\":\"http:\/\/2.gravatar.com\/avatar\/869d66de5c875fb1c978e5ff7404f639?s=96&d=mm&r=g\",\"caption\":\"prensa prensa\"},\"url\":\"http:\/\/www.produccion.jujuy.gob.ar\/?author=2\"}]}<\/script>\n<!-- \/ Yoast SEO plugin. -->","yoast_head_json":{"title":"Jujuy busca fortalecer a su sector vitivin\u00edcola - Ministerio de Desarrollo Econ\u00f3mico y Producci\u00f3n","robots":{"index":"index","follow":"follow","max-snippet":"max-snippet:-1","max-image-preview":"max-image-preview:large","max-video-preview":"max-video-preview:-1"},"canonical":"http:\/\/www.produccion.jujuy.gob.ar\/?p=2096","og_locale":"es_ES","og_type":"article","og_title":"Jujuy busca fortalecer a su sector vitivin\u00edcola - Ministerio de Desarrollo Econ\u00f3mico y Producci\u00f3n","og_description":"Ser\u00e1 a trav\u00e9s de un convenio con Coviar, el cual favorecer\u00e1 el desarrollo de investigaciones en Jujuy. El ministro de Desarrollo Econ\u00f3mico y Producci\u00f3n, Exequiel Lello Ivacevich, rubric\u00f3 un convenio con laLeer m\u00e1s...","og_url":"http:\/\/www.produccion.jujuy.gob.ar\/?p=2096","og_site_name":"Ministerio de Desarrollo Econ\u00f3mico y Producci\u00f3n","article_published_time":"2021-10-27T13:35:04+00:00","article_modified_time":"2021-10-27T13:35:05+00:00","og_image":[{"width":1200,"height":674,"url":"http:\/\/www.produccion.jujuy.gob.ar\/wp-content\/uploads\/2021\/10\/whatsapp-image-2021-10-26-at-131935jpeg.jpeg","type":"image\/jpeg"}],"twitter_card":"summary_large_image","twitter_misc":{"Escrito por":"prensa prensa","Tiempo de lectura":"3 minutos"},"schema":{"@context":"https:\/\/schema.org","@graph":[{"@type":"WebSite","@id":"http:\/\/www.produccion.jujuy.gob.ar\/#website","url":"http:\/\/www.produccion.jujuy.gob.ar\/","name":"Ministerio de Desarrollo Econ\u00f3mico y Producci\u00f3n","description":"","potentialAction":[{"@type":"SearchAction","target":{"@type":"EntryPoint","urlTemplate":"http:\/\/www.produccion.jujuy.gob.ar\/?s={search_term_string}"},"query-input":"required name=search_term_string"}],"inLanguage":"es"},{"@type":"ImageObject","@id":"http:\/\/www.produccion.jujuy.gob.ar\/?p=2096#primaryimage","inLanguage":"es","url":"http:\/\/www.produccion.jujuy.gob.ar\/wp-content\/uploads\/2021\/10\/whatsapp-image-2021-10-26-at-131935jpeg.jpeg","contentUrl":"http:\/\/www.produccion.jujuy.gob.ar\/wp-content\/uploads\/2021\/10\/whatsapp-image-2021-10-26-at-131935jpeg.jpeg","width":1200,"height":674},{"@type":"WebPage","@id":"http:\/\/www.produccion.jujuy.gob.ar\/?p=2096#webpage","url":"http:\/\/www.produccion.jujuy.gob.ar\/?p=2096","name":"Jujuy busca fortalecer a su sector vitivin\u00edcola - Ministerio de Desarrollo Econ\u00f3mico y Producci\u00f3n","isPartOf":{"@id":"http:\/\/www.produccion.jujuy.gob.ar\/#website"},"primaryImageOfPage":{"@id":"http:\/\/www.produccion.jujuy.gob.ar\/?p=2096#primaryimage"},"datePublished":"2021-10-27T13:35:04+00:00","dateModified":"2021-10-27T13:35:05+00:00","author":{"@id":"http:\/\/www.produccion.jujuy.gob.ar\/#\/schema\/person\/4b22a01d694f4bbb88e5d19dca067d1d"},"breadcrumb":{"@id":"http:\/\/www.produccion.jujuy.gob.ar\/?p=2096#breadcrumb"},"inLanguage":"es","potentialAction":[{"@type":"ReadAction","target":["http:\/\/www.produccion.jujuy.gob.ar\/?p=2096"]}]},{"@type":"BreadcrumbList","@id":"http:\/\/www.produccion.jujuy.gob.ar\/?p=2096#breadcrumb","itemListElement":[{"@type":"ListItem","position":1,"name":"Portada","item":"http:\/\/www.produccion.jujuy.gob.ar\/"},{"@type":"ListItem","position":2,"name":"Jujuy busca fortalecer a su sector vitivin\u00edcola"}]},{"@type":"Person","@id":"http:\/\/www.produccion.jujuy.gob.ar\/#\/schema\/person\/4b22a01d694f4bbb88e5d19dca067d1d","name":"prensa prensa","image":{"@type":"ImageObject","@id":"http:\/\/www.produccion.jujuy.gob.ar\/#personlogo","inLanguage":"es","url":"http:\/\/2.gravatar.com\/avatar\/869d66de5c875fb1c978e5ff7404f639?s=96&d=mm&r=g","contentUrl":"http:\/\/2.gravatar.com\/avatar\/869d66de5c875fb1c978e5ff7404f639?s=96&d=mm&r=g","caption":"prensa prensa"},"url":"http:\/\/www.produccion.jujuy.gob.ar\/?author=2"}]}},"_links":{"self":[{"href":"http:\/\/www.produccion.jujuy.gob.ar\/index.php?rest_route=\/wp\/v2\/posts\/2096"}],"collection":[{"href":"http:\/\/www.produccion.jujuy.gob.ar\/index.php?rest_route=\/wp\/v2\/posts"}],"about":[{"href":"http:\/\/www.produccion.jujuy.gob.ar\/index.php?rest_route=\/wp\/v2\/types\/post"}],"author":[{"embeddable":true,"href":"http:\/\/www.produccion.jujuy.gob.ar\/index.php?rest_route=\/wp\/v2\/users\/2"}],"replies":[{"embeddable":true,"href":"http:\/\/www.produccion.jujuy.gob.ar\/index.php?rest_route=%2Fwp%2Fv2%2Fcomments&post=2096"}],"version-history":[{"count":1,"href":"http:\/\/www.produccion.jujuy.gob.ar\/index.php?rest_route=\/wp\/v2\/posts\/2096\/revisions"}],"predecessor-version":[{"id":2098,"href":"http:\/\/www.produccion.jujuy.gob.ar\/index.php?rest_route=\/wp\/v2\/posts\/2096\/revisions\/2098"}],"wp:featuredmedia":[{"embeddable":true,"href":"http:\/\/www.produccion.jujuy.gob.ar\/index.php?rest_route=\/wp\/v2\/media\/2097"}],"wp:attachment":[{"href":"http:\/\/www.produccion.jujuy.gob.ar\/index.php?rest_route=%2Fwp%2Fv2%2Fmedia&parent=2096"}],"wp:term":[{"taxonomy":"category","embeddable":true,"href":"http:\/\/www.produccion.jujuy.gob.ar\/index.php?rest_route=%2Fwp%2Fv2%2Fcategories&post=2096"},{"taxonomy":"post_tag","embeddable":true,"href":"http:\/\/www.produccion.jujuy.gob.ar\/index.php?rest_route=%2Fwp%2Fv2%2Ftags&post=2096"}],"curies":[{"name":"wp","href":"https:\/\/api.w.org\/{rel}","templated":true}]}}