{"id":2360,"date":"2022-01-21T13:50:05","date_gmt":"2022-01-21T13:50:05","guid":{"rendered":"http:\/\/www.produccion.jujuy.gob.ar\/?p=2360"},"modified":"2022-01-21T13:50:07","modified_gmt":"2022-01-21T13:50:07","slug":"inmediata-asistencia-a-productores-afectados-por-el-temporal","status":"publish","type":"post","link":"http:\/\/www.produccion.jujuy.gob.ar\/?p=2360","title":{"rendered":"Inmediata asistencia a productores afectados por el temporal"},"content":{"rendered":"\n<p>Se trata de 43 productores de San Pedrito y Chipaca de la localidad de Maimar\u00e1, que perdieron sus cultivos por el desborde de un r\u00edo y la ca\u00edda de granizo.<\/p>\n\n\n\n<p>El Ministerio de Desarrollo Econ\u00f3mico y Producci\u00f3n recorri\u00f3 las zonas afectadas por el temporal que se registr\u00f3 d\u00edas pasados en la zona norte de Jujuy y que afect\u00f3 a productores de la localidad de Maimar\u00e1.<\/p>\n\n\n\n<p>El domingo \u00faltimo, un temporal de granizo y agua azot\u00f3 a la regi\u00f3n norte de la provincia, afectando principalmente, a los distritos de San Pedrito y Chipaca de la localidad de Maimar\u00e1. Por ese motivo, \u201csalimos a recorrer el territorio y conversar con los productores para poder conocer las p\u00e9rdidas exactas, de manera que podamos brindar una asistencia efectiva\u201d, sostuvo al respecto la secretaria de Desarrollo Productivo, Patricia R\u00edos.<\/p>\n\n\n\n<p>\u201cEstamos viviendo las consecuencias del cambio clim\u00e1tico, donde tenemos zonas con sequ\u00edas pero con eventos como este que causan tambi\u00e9n da\u00f1os a la producci\u00f3n. Desde el Ministerio de Desarrollo Econ\u00f3mico y Producci\u00f3n estamos dando respuesta inmediata a estos acontecimientos\u201d, afirm\u00f3 R\u00edos y destac\u00f3 el trabajo articulado con el municipio de Maimar\u00e1 \u201cque desde el primer momento se pusieron a disposici\u00f3n y han estado recorriendo con nosotros, todas las zonas\u201d.<\/p>\n\n\n\n<p>Explic\u00f3 que tras los rastrillajes, se logr\u00f3 relevar un alto porcentaje de p\u00e9rdidas en hortalizas, flores y vi\u00f1edos, correspondientes a 43 productores y alcanzando a 43 hect\u00e1reas. \u201cEl temporal hizo que se desborde un rio y eso afect\u00f3 gravemente a los productores, ya que sus campos se inundaron y se quedaron sin sus plantaciones\u201d, refiri\u00f3 la secretaria.<\/p>\n\n\n\n<p>&nbsp;En esa l\u00ednea dijo que como primera medida, desde la Direcci\u00f3n de Desarrollo Agr\u00edcola y Forestal, se realizar\u00e1n tareas de preparaci\u00f3n de suelo para que los productores puedan recomenzar con sus plantaciones \u201cy volver lo m\u00e1s r\u00e1pido posible con sus actividades\u201d.<\/p>\n\n\n\n<p>&nbsp;A modo de cierre, asegur\u00f3 \u201cvamos a seguir trabajando en territorio, analizando y brindando las mejores soluciones a nuestros productores\u201d.<\/p>\n","protected":false},"excerpt":{"rendered":"<p>Se trata de 43 productores de San Pedrito y Chipaca de la localidad de Maimar\u00e1, que perdieron sus cultivos por el desborde de un r\u00edo y la ca\u00edda de granizo. El Ministerio<a class=\"moretag\" href=\"http:\/\/www.produccion.jujuy.gob.ar\/?p=2360\">Leer m\u00e1s&#8230;<\/a><\/p>\n","protected":false},"author":2,"featured_media":2361,"comment_status":"closed","ping_status":"open","sticky":false,"template":"","format":"standard","meta":[],"categories":[2],"tags":[],"yoast_head":"<!-- This site is optimized with the Yoast SEO plugin v18.3 - https:\/\/yoast.com\/wordpress\/plugins\/seo\/ -->\n<title>Inmediata asistencia a productores afectados por el temporal - Ministerio de Desarrollo Econ\u00f3mico y Producci\u00f3n<\/title>\n<meta name=\"robots\" content=\"index, follow, max-snippet:-1, max-image-preview:large, max-video-preview:-1\" \/>\n<link rel=\"canonical\" href=\"http:\/\/www.produccion.jujuy.gob.ar\/?p=2360\" \/>\n<meta property=\"og:locale\" content=\"es_ES\" \/>\n<meta property=\"og:type\" content=\"article\" \/>\n<meta property=\"og:title\" content=\"Inmediata asistencia a productores afectados por el temporal - Ministerio de Desarrollo Econ\u00f3mico y Producci\u00f3n\" \/>\n<meta property=\"og:description\" content=\"Se trata de 43 productores de San Pedrito y Chipaca de la localidad de Maimar\u00e1, que perdieron sus cultivos por el desborde de un r\u00edo y la ca\u00edda de granizo. El MinisterioLeer m\u00e1s...\" \/>\n<meta property=\"og:url\" content=\"http:\/\/www.produccion.jujuy.gob.ar\/?p=2360\" \/>\n<meta property=\"og:site_name\" content=\"Ministerio de Desarrollo Econ\u00f3mico y Producci\u00f3n\" \/>\n<meta property=\"article:published_time\" content=\"2022-01-21T13:50:05+00:00\" \/>\n<meta property=\"article:modified_time\" content=\"2022-01-21T13:50:07+00:00\" \/>\n<meta property=\"og:image\" content=\"http:\/\/www.produccion.jujuy.gob.ar\/wp-content\/uploads\/2022\/01\/whatsapp-image-2022-01-19-at-083732-1jpeg.jpeg\" \/>\n\t<meta property=\"og:image:width\" content=\"1200\" \/>\n\t<meta property=\"og:image:height\" content=\"675\" \/>\n\t<meta property=\"og:image:type\" content=\"image\/jpeg\" \/>\n<meta name=\"twitter:card\" content=\"summary_large_image\" \/>\n<meta name=\"twitter:label1\" content=\"Escrito por\" \/>\n\t<meta name=\"twitter:data1\" content=\"prensa prensa\" \/>\n\t<meta name=\"twitter:label2\" content=\"Tiempo de lectura\" \/>\n\t<meta name=\"twitter:data2\" content=\"2 minutos\" \/>\n<script type=\"application\/ld+json\" class=\"yoast-schema-graph\">{\"@context\":\"https:\/\/schema.org\",\"@graph\":[{\"@type\":\"WebSite\",\"@id\":\"http:\/\/www.produccion.jujuy.gob.ar\/#website\",\"url\":\"http:\/\/www.produccion.jujuy.gob.ar\/\",\"name\":\"Ministerio de Desarrollo Econ\u00f3mico y Producci\u00f3n\",\"description\":\"\",\"potentialAction\":[{\"@type\":\"SearchAction\",\"target\":{\"@type\":\"EntryPoint\",\"urlTemplate\":\"http:\/\/www.produccion.jujuy.gob.ar\/?s={search_term_string}\"},\"query-input\":\"required name=search_term_string\"}],\"inLanguage\":\"es\"},{\"@type\":\"ImageObject\",\"@id\":\"http:\/\/www.produccion.jujuy.gob.ar\/?p=2360#primaryimage\",\"inLanguage\":\"es\",\"url\":\"http:\/\/www.produccion.jujuy.gob.ar\/wp-content\/uploads\/2022\/01\/whatsapp-image-2022-01-19-at-083732-1jpeg.jpeg\",\"contentUrl\":\"http:\/\/www.produccion.jujuy.gob.ar\/wp-content\/uploads\/2022\/01\/whatsapp-image-2022-01-19-at-083732-1jpeg.jpeg\",\"width\":1200,\"height\":675},{\"@type\":\"WebPage\",\"@id\":\"http:\/\/www.produccion.jujuy.gob.ar\/?p=2360#webpage\",\"url\":\"http:\/\/www.produccion.jujuy.gob.ar\/?p=2360\",\"name\":\"Inmediata asistencia a productores afectados por el temporal - Ministerio de Desarrollo Econ\u00f3mico y Producci\u00f3n\",\"isPartOf\":{\"@id\":\"http:\/\/www.produccion.jujuy.gob.ar\/#website\"},\"primaryImageOfPage\":{\"@id\":\"http:\/\/www.produccion.jujuy.gob.ar\/?p=2360#primaryimage\"},\"datePublished\":\"2022-01-21T13:50:05+00:00\",\"dateModified\":\"2022-01-21T13:50:07+00:00\",\"author\":{\"@id\":\"http:\/\/www.produccion.jujuy.gob.ar\/#\/schema\/person\/4b22a01d694f4bbb88e5d19dca067d1d\"},\"breadcrumb\":{\"@id\":\"http:\/\/www.produccion.jujuy.gob.ar\/?p=2360#breadcrumb\"},\"inLanguage\":\"es\",\"potentialAction\":[{\"@type\":\"ReadAction\",\"target\":[\"http:\/\/www.produccion.jujuy.gob.ar\/?p=2360\"]}]},{\"@type\":\"BreadcrumbList\",\"@id\":\"http:\/\/www.produccion.jujuy.gob.ar\/?p=2360#breadcrumb\",\"itemListElement\":[{\"@type\":\"ListItem\",\"position\":1,\"name\":\"Portada\",\"item\":\"http:\/\/www.produccion.jujuy.gob.ar\/\"},{\"@type\":\"ListItem\",\"position\":2,\"name\":\"Inmediata asistencia a productores afectados por el temporal\"}]},{\"@type\":\"Person\",\"@id\":\"http:\/\/www.produccion.jujuy.gob.ar\/#\/schema\/person\/4b22a01d694f4bbb88e5d19dca067d1d\",\"name\":\"prensa prensa\",\"image\":{\"@type\":\"ImageObject\",\"@id\":\"http:\/\/www.produccion.jujuy.gob.ar\/#personlogo\",\"inLanguage\":\"es\",\"url\":\"http:\/\/2.gravatar.com\/avatar\/869d66de5c875fb1c978e5ff7404f639?s=96&d=mm&r=g\",\"contentUrl\":\"http:\/\/2.gravatar.com\/avatar\/869d66de5c875fb1c978e5ff7404f639?s=96&d=mm&r=g\",\"caption\":\"prensa prensa\"},\"url\":\"http:\/\/www.produccion.jujuy.gob.ar\/?author=2\"}]}<\/script>\n<!-- \/ Yoast SEO plugin. -->","yoast_head_json":{"title":"Inmediata asistencia a productores afectados por el temporal - Ministerio de Desarrollo Econ\u00f3mico y Producci\u00f3n","robots":{"index":"index","follow":"follow","max-snippet":"max-snippet:-1","max-image-preview":"max-image-preview:large","max-video-preview":"max-video-preview:-1"},"canonical":"http:\/\/www.produccion.jujuy.gob.ar\/?p=2360","og_locale":"es_ES","og_type":"article","og_title":"Inmediata asistencia a productores afectados por el temporal - Ministerio de Desarrollo Econ\u00f3mico y Producci\u00f3n","og_description":"Se trata de 43 productores de San Pedrito y Chipaca de la localidad de Maimar\u00e1, que perdieron sus cultivos por el desborde de un r\u00edo y la ca\u00edda de granizo. El MinisterioLeer m\u00e1s...","og_url":"http:\/\/www.produccion.jujuy.gob.ar\/?p=2360","og_site_name":"Ministerio de Desarrollo Econ\u00f3mico y Producci\u00f3n","article_published_time":"2022-01-21T13:50:05+00:00","article_modified_time":"2022-01-21T13:50:07+00:00","og_image":[{"width":1200,"height":675,"url":"http:\/\/www.produccion.jujuy.gob.ar\/wp-content\/uploads\/2022\/01\/whatsapp-image-2022-01-19-at-083732-1jpeg.jpeg","type":"image\/jpeg"}],"twitter_card":"summary_large_image","twitter_misc":{"Escrito por":"prensa prensa","Tiempo de lectura":"2 minutos"},"schema":{"@context":"https:\/\/schema.org","@graph":[{"@type":"WebSite","@id":"http:\/\/www.produccion.jujuy.gob.ar\/#website","url":"http:\/\/www.produccion.jujuy.gob.ar\/","name":"Ministerio de Desarrollo Econ\u00f3mico y Producci\u00f3n","description":"","potentialAction":[{"@type":"SearchAction","target":{"@type":"EntryPoint","urlTemplate":"http:\/\/www.produccion.jujuy.gob.ar\/?s={search_term_string}"},"query-input":"required name=search_term_string"}],"inLanguage":"es"},{"@type":"ImageObject","@id":"http:\/\/www.produccion.jujuy.gob.ar\/?p=2360#primaryimage","inLanguage":"es","url":"http:\/\/www.produccion.jujuy.gob.ar\/wp-content\/uploads\/2022\/01\/whatsapp-image-2022-01-19-at-083732-1jpeg.jpeg","contentUrl":"http:\/\/www.produccion.jujuy.gob.ar\/wp-content\/uploads\/2022\/01\/whatsapp-image-2022-01-19-at-083732-1jpeg.jpeg","width":1200,"height":675},{"@type":"WebPage","@id":"http:\/\/www.produccion.jujuy.gob.ar\/?p=2360#webpage","url":"http:\/\/www.produccion.jujuy.gob.ar\/?p=2360","name":"Inmediata asistencia a productores afectados por el temporal - Ministerio de Desarrollo Econ\u00f3mico y Producci\u00f3n","isPartOf":{"@id":"http:\/\/www.produccion.jujuy.gob.ar\/#website"},"primaryImageOfPage":{"@id":"http:\/\/www.produccion.jujuy.gob.ar\/?p=2360#primaryimage"},"datePublished":"2022-01-21T13:50:05+00:00","dateModified":"2022-01-21T13:50:07+00:00","author":{"@id":"http:\/\/www.produccion.jujuy.gob.ar\/#\/schema\/person\/4b22a01d694f4bbb88e5d19dca067d1d"},"breadcrumb":{"@id":"http:\/\/www.produccion.jujuy.gob.ar\/?p=2360#breadcrumb"},"inLanguage":"es","potentialAction":[{"@type":"ReadAction","target":["http:\/\/www.produccion.jujuy.gob.ar\/?p=2360"]}]},{"@type":"BreadcrumbList","@id":"http:\/\/www.produccion.jujuy.gob.ar\/?p=2360#breadcrumb","itemListElement":[{"@type":"ListItem","position":1,"name":"Portada","item":"http:\/\/www.produccion.jujuy.gob.ar\/"},{"@type":"ListItem","position":2,"name":"Inmediata asistencia a productores afectados por el temporal"}]},{"@type":"Person","@id":"http:\/\/www.produccion.jujuy.gob.ar\/#\/schema\/person\/4b22a01d694f4bbb88e5d19dca067d1d","name":"prensa prensa","image":{"@type":"ImageObject","@id":"http:\/\/www.produccion.jujuy.gob.ar\/#personlogo","inLanguage":"es","url":"http:\/\/2.gravatar.com\/avatar\/869d66de5c875fb1c978e5ff7404f639?s=96&d=mm&r=g","contentUrl":"http:\/\/2.gravatar.com\/avatar\/869d66de5c875fb1c978e5ff7404f639?s=96&d=mm&r=g","caption":"prensa prensa"},"url":"http:\/\/www.produccion.jujuy.gob.ar\/?author=2"}]}},"_links":{"self":[{"href":"http:\/\/www.produccion.jujuy.gob.ar\/index.php?rest_route=\/wp\/v2\/posts\/2360"}],"collection":[{"href":"http:\/\/www.produccion.jujuy.gob.ar\/index.php?rest_route=\/wp\/v2\/posts"}],"about":[{"href":"http:\/\/www.produccion.jujuy.gob.ar\/index.php?rest_route=\/wp\/v2\/types\/post"}],"author":[{"embeddable":true,"href":"http:\/\/www.produccion.jujuy.gob.ar\/index.php?rest_route=\/wp\/v2\/users\/2"}],"replies":[{"embeddable":true,"href":"http:\/\/www.produccion.jujuy.gob.ar\/index.php?rest_route=%2Fwp%2Fv2%2Fcomments&post=2360"}],"version-history":[{"count":1,"href":"http:\/\/www.produccion.jujuy.gob.ar\/index.php?rest_route=\/wp\/v2\/posts\/2360\/revisions"}],"predecessor-version":[{"id":2362,"href":"http:\/\/www.produccion.jujuy.gob.ar\/index.php?rest_route=\/wp\/v2\/posts\/2360\/revisions\/2362"}],"wp:featuredmedia":[{"embeddable":true,"href":"http:\/\/www.produccion.jujuy.gob.ar\/index.php?rest_route=\/wp\/v2\/media\/2361"}],"wp:attachment":[{"href":"http:\/\/www.produccion.jujuy.gob.ar\/index.php?rest_route=%2Fwp%2Fv2%2Fmedia&parent=2360"}],"wp:term":[{"taxonomy":"category","embeddable":true,"href":"http:\/\/www.produccion.jujuy.gob.ar\/index.php?rest_route=%2Fwp%2Fv2%2Fcategories&post=2360"},{"taxonomy":"post_tag","embeddable":true,"href":"http:\/\/www.produccion.jujuy.gob.ar\/index.php?rest_route=%2Fwp%2Fv2%2Ftags&post=2360"}],"curies":[{"name":"wp","href":"https:\/\/api.w.org\/{rel}","templated":true}]}}