{"id":2426,"date":"2022-01-26T12:39:06","date_gmt":"2022-01-26T12:39:06","guid":{"rendered":"http:\/\/www.produccion.jujuy.gob.ar\/?p=2426"},"modified":"2022-01-26T12:39:08","modified_gmt":"2022-01-26T12:39:08","slug":"jujuy-y-salta-analizaron-la-actualidad-del-mercado-tabacalero","status":"publish","type":"post","link":"http:\/\/www.produccion.jujuy.gob.ar\/?p=2426","title":{"rendered":"Jujuy y Salta analizaron la actualidad del mercado tabacalero"},"content":{"rendered":"\n<p>Se llev\u00f3 a cabo en la provincia la primera reuni\u00f3n del 2022 entre Jujuy y Salta, para analizar la actualidad del mercado tabacalero nacional e internacional.<\/p>\n\n\n\n<p>El ministro de Desarrollo Econ\u00f3mico y Producci\u00f3n de Jujuy, Exequiel Lello Ivacevich, junto a la secretaria de Asuntos Agrarios de Salta, Milagros Patr\u00f3n Costas, encabezaron la reuni\u00f3n entre c\u00e1maras y cooperativas de ambas jurisdicciones, industriales y dealers, donde se analiz\u00f3 la actualidad del mercado tabacalero nacional e internacional.<\/p>\n\n\n\n<p>Tras el encuentro que, constituye la primera reuni\u00f3n del a\u00f1o, el ministro juje\u00f1o expres\u00f3 \u201chicimos un an\u00e1lisis de c\u00f3mo est\u00e1 el sector, en Jujuy y Salta, principalmente las cuestiones sanitarias que estamos afrontando en esta campa\u00f1a. Las expectativas de compra de la industria y la situaci\u00f3n que han expuesto las c\u00e1maras tabacaleras respecto al contexto de los productores en cada provincia\u201d.<\/p>\n\n\n\n<p>\u201cHay una matriz que cruza a ambas provincias que tiene que ver con la incertidumbre que hay respecto de una brecha que hay entre dos tipos de d\u00f3lares: el oficial y el paralelo que muchas veces es el que rige en el precio de los fertilizantes y otras cuestiones\u201d, sostuvo Lello Ivacevich, haciendo referencia a los temas tratados durante la reuni\u00f3n donde tambi\u00e9n se presentaron datos productivos de la campa\u00f1a 2021\/2022, superficie plantada, proyecci\u00f3n de kilos, hect\u00e1reas da\u00f1adas por granizo y problemas sanitarios.<\/p>\n\n\n\n<p>Asimismo, se habl\u00f3 sobre acopios habilitados y proyecciones de vol\u00famenes a comprar por cada uno, el panorama de mercados internacionales y las retenciones a la exportaci\u00f3n de tabaco.<\/p>\n\n\n\n<p>En ese sentido, dijo que los participantes coincidieron en continuar con el reclamo que hicieron los gobernadores de las provincias con respecto a las retenciones a la exportaci\u00f3n, ya que \u201ces una cuesti\u00f3n injusta porque tiene que ver con tratar como un producto primario uno que es semi industrializado y hay muchos puntos porcentuales que est\u00e1n ah\u00ed y que deber\u00edan estar en el productor\u201d.<\/p>\n\n\n\n<p>\u201cCreemos que ese rol vamos a tomar las provincias para poder discutir y darle a la mesa de precio, la posibilidad de reducci\u00f3n en las retenciones que impacte positivamente en el precio que va a recibir el tabacalero\u201d, enfatiz\u00f3 el ministro y remarc\u00f3 que continuar\u00e1n manteniendo reuniones para avanzar en definiciones concretas.<\/p>\n\n\n\n<p>Por su parte, Milagros Patr\u00f3n Costas destac\u00f3 que el encuentro permiti\u00f3 hablar sobre las perspectivas de la producci\u00f3n y tener una mirada amplia de lo que puede venir de ac\u00e1 en adelante. \u201cLo central es la necesidad de plantear la problem\u00e1tica del sector en cuanto a las retenciones de exportaci\u00f3n que es un tema que vamos a plantear en el Consejo Federal Agropecuario y vamos a generar una reuni\u00f3n para que en conjunto, los presentes, podamos plantearle al gobierno nacional de que esos derechos de exportaci\u00f3n sean suspendidos o puedan reverse\u201d, se\u00f1al\u00f3.<\/p>\n\n\n\n<p>Finalmente, el presidente de la C\u00e1mara de Tabaco, Pedro Pascuttini, valor\u00f3 el esfuerzo de los gobiernos juje\u00f1o y salte\u00f1o \u201cpor avanzar en soluciones que permitan dar soluci\u00f3n en la determinaci\u00f3n del precio del tabaco\u201d.<\/p>\n\n\n\n<p>&nbsp;\u201cVamos a continuar trabajando de manera conjunta para que podamos obtener el mejor precio y, principalmente, podamos tener soluciones a diferentes problemas que est\u00e1n afectando al sector\u201d, sentenci\u00f3.<\/p>\n\n\n\n<p>Participaron la secretaria de Desarrollo Productivo, Patricia R\u00edos; el director de Desarrollo Agr\u00edcola y Forestal, Federico Manero; industrias; c\u00e1maras y cooperativas de Salta y Jujuy.<\/p>\n","protected":false},"excerpt":{"rendered":"<p>Se llev\u00f3 a cabo en la provincia la primera reuni\u00f3n del 2022 entre Jujuy y Salta, para analizar la actualidad del mercado tabacalero nacional e internacional. El ministro de Desarrollo Econ\u00f3mico y<a class=\"moretag\" href=\"http:\/\/www.produccion.jujuy.gob.ar\/?p=2426\">Leer m\u00e1s&#8230;<\/a><\/p>\n","protected":false},"author":2,"featured_media":2427,"comment_status":"closed","ping_status":"open","sticky":false,"template":"","format":"standard","meta":[],"categories":[2],"tags":[],"yoast_head":"<!-- This site is optimized with the Yoast SEO plugin v18.3 - https:\/\/yoast.com\/wordpress\/plugins\/seo\/ -->\n<title>Jujuy y Salta analizaron la actualidad del mercado tabacalero - Ministerio de Desarrollo Econ\u00f3mico y Producci\u00f3n<\/title>\n<meta name=\"robots\" content=\"index, follow, max-snippet:-1, max-image-preview:large, max-video-preview:-1\" \/>\n<link rel=\"canonical\" href=\"http:\/\/www.produccion.jujuy.gob.ar\/?p=2426\" \/>\n<meta property=\"og:locale\" content=\"es_ES\" \/>\n<meta property=\"og:type\" content=\"article\" \/>\n<meta property=\"og:title\" content=\"Jujuy y Salta analizaron la actualidad del mercado tabacalero - Ministerio de Desarrollo Econ\u00f3mico y Producci\u00f3n\" \/>\n<meta property=\"og:description\" content=\"Se llev\u00f3 a cabo en la provincia la primera reuni\u00f3n del 2022 entre Jujuy y Salta, para analizar la actualidad del mercado tabacalero nacional e internacional. El ministro de Desarrollo Econ\u00f3mico yLeer m\u00e1s...\" \/>\n<meta property=\"og:url\" content=\"http:\/\/www.produccion.jujuy.gob.ar\/?p=2426\" \/>\n<meta property=\"og:site_name\" content=\"Ministerio de Desarrollo Econ\u00f3mico y Producci\u00f3n\" \/>\n<meta property=\"article:published_time\" content=\"2022-01-26T12:39:06+00:00\" \/>\n<meta property=\"article:modified_time\" content=\"2022-01-26T12:39:08+00:00\" \/>\n<meta property=\"og:image\" content=\"http:\/\/www.produccion.jujuy.gob.ar\/wp-content\/uploads\/2022\/01\/reunion-jujuy-y-salta.jpg\" \/>\n\t<meta property=\"og:image:width\" content=\"1200\" \/>\n\t<meta property=\"og:image:height\" content=\"675\" \/>\n\t<meta property=\"og:image:type\" content=\"image\/jpeg\" \/>\n<meta name=\"twitter:card\" content=\"summary_large_image\" \/>\n<meta name=\"twitter:label1\" content=\"Escrito por\" \/>\n\t<meta name=\"twitter:data1\" content=\"prensa prensa\" \/>\n\t<meta name=\"twitter:label2\" content=\"Tiempo de lectura\" \/>\n\t<meta name=\"twitter:data2\" content=\"3 minutos\" \/>\n<script type=\"application\/ld+json\" class=\"yoast-schema-graph\">{\"@context\":\"https:\/\/schema.org\",\"@graph\":[{\"@type\":\"WebSite\",\"@id\":\"http:\/\/www.produccion.jujuy.gob.ar\/#website\",\"url\":\"http:\/\/www.produccion.jujuy.gob.ar\/\",\"name\":\"Ministerio de Desarrollo Econ\u00f3mico y Producci\u00f3n\",\"description\":\"\",\"potentialAction\":[{\"@type\":\"SearchAction\",\"target\":{\"@type\":\"EntryPoint\",\"urlTemplate\":\"http:\/\/www.produccion.jujuy.gob.ar\/?s={search_term_string}\"},\"query-input\":\"required name=search_term_string\"}],\"inLanguage\":\"es\"},{\"@type\":\"ImageObject\",\"@id\":\"http:\/\/www.produccion.jujuy.gob.ar\/?p=2426#primaryimage\",\"inLanguage\":\"es\",\"url\":\"http:\/\/www.produccion.jujuy.gob.ar\/wp-content\/uploads\/2022\/01\/reunion-jujuy-y-salta.jpg\",\"contentUrl\":\"http:\/\/www.produccion.jujuy.gob.ar\/wp-content\/uploads\/2022\/01\/reunion-jujuy-y-salta.jpg\",\"width\":1200,\"height\":675},{\"@type\":\"WebPage\",\"@id\":\"http:\/\/www.produccion.jujuy.gob.ar\/?p=2426#webpage\",\"url\":\"http:\/\/www.produccion.jujuy.gob.ar\/?p=2426\",\"name\":\"Jujuy y Salta analizaron la actualidad del mercado tabacalero - Ministerio de Desarrollo Econ\u00f3mico y Producci\u00f3n\",\"isPartOf\":{\"@id\":\"http:\/\/www.produccion.jujuy.gob.ar\/#website\"},\"primaryImageOfPage\":{\"@id\":\"http:\/\/www.produccion.jujuy.gob.ar\/?p=2426#primaryimage\"},\"datePublished\":\"2022-01-26T12:39:06+00:00\",\"dateModified\":\"2022-01-26T12:39:08+00:00\",\"author\":{\"@id\":\"http:\/\/www.produccion.jujuy.gob.ar\/#\/schema\/person\/4b22a01d694f4bbb88e5d19dca067d1d\"},\"breadcrumb\":{\"@id\":\"http:\/\/www.produccion.jujuy.gob.ar\/?p=2426#breadcrumb\"},\"inLanguage\":\"es\",\"potentialAction\":[{\"@type\":\"ReadAction\",\"target\":[\"http:\/\/www.produccion.jujuy.gob.ar\/?p=2426\"]}]},{\"@type\":\"BreadcrumbList\",\"@id\":\"http:\/\/www.produccion.jujuy.gob.ar\/?p=2426#breadcrumb\",\"itemListElement\":[{\"@type\":\"ListItem\",\"position\":1,\"name\":\"Portada\",\"item\":\"http:\/\/www.produccion.jujuy.gob.ar\/\"},{\"@type\":\"ListItem\",\"position\":2,\"name\":\"Jujuy y Salta analizaron la actualidad del mercado tabacalero\"}]},{\"@type\":\"Person\",\"@id\":\"http:\/\/www.produccion.jujuy.gob.ar\/#\/schema\/person\/4b22a01d694f4bbb88e5d19dca067d1d\",\"name\":\"prensa prensa\",\"image\":{\"@type\":\"ImageObject\",\"@id\":\"http:\/\/www.produccion.jujuy.gob.ar\/#personlogo\",\"inLanguage\":\"es\",\"url\":\"http:\/\/2.gravatar.com\/avatar\/869d66de5c875fb1c978e5ff7404f639?s=96&d=mm&r=g\",\"contentUrl\":\"http:\/\/2.gravatar.com\/avatar\/869d66de5c875fb1c978e5ff7404f639?s=96&d=mm&r=g\",\"caption\":\"prensa prensa\"},\"url\":\"http:\/\/www.produccion.jujuy.gob.ar\/?author=2\"}]}<\/script>\n<!-- \/ Yoast SEO plugin. -->","yoast_head_json":{"title":"Jujuy y Salta analizaron la actualidad del mercado tabacalero - Ministerio de Desarrollo Econ\u00f3mico y Producci\u00f3n","robots":{"index":"index","follow":"follow","max-snippet":"max-snippet:-1","max-image-preview":"max-image-preview:large","max-video-preview":"max-video-preview:-1"},"canonical":"http:\/\/www.produccion.jujuy.gob.ar\/?p=2426","og_locale":"es_ES","og_type":"article","og_title":"Jujuy y Salta analizaron la actualidad del mercado tabacalero - Ministerio de Desarrollo Econ\u00f3mico y Producci\u00f3n","og_description":"Se llev\u00f3 a cabo en la provincia la primera reuni\u00f3n del 2022 entre Jujuy y Salta, para analizar la actualidad del mercado tabacalero nacional e internacional. El ministro de Desarrollo Econ\u00f3mico yLeer m\u00e1s...","og_url":"http:\/\/www.produccion.jujuy.gob.ar\/?p=2426","og_site_name":"Ministerio de Desarrollo Econ\u00f3mico y Producci\u00f3n","article_published_time":"2022-01-26T12:39:06+00:00","article_modified_time":"2022-01-26T12:39:08+00:00","og_image":[{"width":1200,"height":675,"url":"http:\/\/www.produccion.jujuy.gob.ar\/wp-content\/uploads\/2022\/01\/reunion-jujuy-y-salta.jpg","type":"image\/jpeg"}],"twitter_card":"summary_large_image","twitter_misc":{"Escrito por":"prensa prensa","Tiempo de lectura":"3 minutos"},"schema":{"@context":"https:\/\/schema.org","@graph":[{"@type":"WebSite","@id":"http:\/\/www.produccion.jujuy.gob.ar\/#website","url":"http:\/\/www.produccion.jujuy.gob.ar\/","name":"Ministerio de Desarrollo Econ\u00f3mico y Producci\u00f3n","description":"","potentialAction":[{"@type":"SearchAction","target":{"@type":"EntryPoint","urlTemplate":"http:\/\/www.produccion.jujuy.gob.ar\/?s={search_term_string}"},"query-input":"required name=search_term_string"}],"inLanguage":"es"},{"@type":"ImageObject","@id":"http:\/\/www.produccion.jujuy.gob.ar\/?p=2426#primaryimage","inLanguage":"es","url":"http:\/\/www.produccion.jujuy.gob.ar\/wp-content\/uploads\/2022\/01\/reunion-jujuy-y-salta.jpg","contentUrl":"http:\/\/www.produccion.jujuy.gob.ar\/wp-content\/uploads\/2022\/01\/reunion-jujuy-y-salta.jpg","width":1200,"height":675},{"@type":"WebPage","@id":"http:\/\/www.produccion.jujuy.gob.ar\/?p=2426#webpage","url":"http:\/\/www.produccion.jujuy.gob.ar\/?p=2426","name":"Jujuy y Salta analizaron la actualidad del mercado tabacalero - Ministerio de Desarrollo Econ\u00f3mico y Producci\u00f3n","isPartOf":{"@id":"http:\/\/www.produccion.jujuy.gob.ar\/#website"},"primaryImageOfPage":{"@id":"http:\/\/www.produccion.jujuy.gob.ar\/?p=2426#primaryimage"},"datePublished":"2022-01-26T12:39:06+00:00","dateModified":"2022-01-26T12:39:08+00:00","author":{"@id":"http:\/\/www.produccion.jujuy.gob.ar\/#\/schema\/person\/4b22a01d694f4bbb88e5d19dca067d1d"},"breadcrumb":{"@id":"http:\/\/www.produccion.jujuy.gob.ar\/?p=2426#breadcrumb"},"inLanguage":"es","potentialAction":[{"@type":"ReadAction","target":["http:\/\/www.produccion.jujuy.gob.ar\/?p=2426"]}]},{"@type":"BreadcrumbList","@id":"http:\/\/www.produccion.jujuy.gob.ar\/?p=2426#breadcrumb","itemListElement":[{"@type":"ListItem","position":1,"name":"Portada","item":"http:\/\/www.produccion.jujuy.gob.ar\/"},{"@type":"ListItem","position":2,"name":"Jujuy y Salta analizaron la actualidad del mercado tabacalero"}]},{"@type":"Person","@id":"http:\/\/www.produccion.jujuy.gob.ar\/#\/schema\/person\/4b22a01d694f4bbb88e5d19dca067d1d","name":"prensa prensa","image":{"@type":"ImageObject","@id":"http:\/\/www.produccion.jujuy.gob.ar\/#personlogo","inLanguage":"es","url":"http:\/\/2.gravatar.com\/avatar\/869d66de5c875fb1c978e5ff7404f639?s=96&d=mm&r=g","contentUrl":"http:\/\/2.gravatar.com\/avatar\/869d66de5c875fb1c978e5ff7404f639?s=96&d=mm&r=g","caption":"prensa prensa"},"url":"http:\/\/www.produccion.jujuy.gob.ar\/?author=2"}]}},"_links":{"self":[{"href":"http:\/\/www.produccion.jujuy.gob.ar\/index.php?rest_route=\/wp\/v2\/posts\/2426"}],"collection":[{"href":"http:\/\/www.produccion.jujuy.gob.ar\/index.php?rest_route=\/wp\/v2\/posts"}],"about":[{"href":"http:\/\/www.produccion.jujuy.gob.ar\/index.php?rest_route=\/wp\/v2\/types\/post"}],"author":[{"embeddable":true,"href":"http:\/\/www.produccion.jujuy.gob.ar\/index.php?rest_route=\/wp\/v2\/users\/2"}],"replies":[{"embeddable":true,"href":"http:\/\/www.produccion.jujuy.gob.ar\/index.php?rest_route=%2Fwp%2Fv2%2Fcomments&post=2426"}],"version-history":[{"count":1,"href":"http:\/\/www.produccion.jujuy.gob.ar\/index.php?rest_route=\/wp\/v2\/posts\/2426\/revisions"}],"predecessor-version":[{"id":2428,"href":"http:\/\/www.produccion.jujuy.gob.ar\/index.php?rest_route=\/wp\/v2\/posts\/2426\/revisions\/2428"}],"wp:featuredmedia":[{"embeddable":true,"href":"http:\/\/www.produccion.jujuy.gob.ar\/index.php?rest_route=\/wp\/v2\/media\/2427"}],"wp:attachment":[{"href":"http:\/\/www.produccion.jujuy.gob.ar\/index.php?rest_route=%2Fwp%2Fv2%2Fmedia&parent=2426"}],"wp:term":[{"taxonomy":"category","embeddable":true,"href":"http:\/\/www.produccion.jujuy.gob.ar\/index.php?rest_route=%2Fwp%2Fv2%2Fcategories&post=2426"},{"taxonomy":"post_tag","embeddable":true,"href":"http:\/\/www.produccion.jujuy.gob.ar\/index.php?rest_route=%2Fwp%2Fv2%2Ftags&post=2426"}],"curies":[{"name":"wp","href":"https:\/\/api.w.org\/{rel}","templated":true}]}}