{"id":2464,"date":"2022-02-10T12:26:17","date_gmt":"2022-02-10T12:26:17","guid":{"rendered":"http:\/\/www.produccion.jujuy.gob.ar\/?p=2464"},"modified":"2022-02-10T12:26:18","modified_gmt":"2022-02-10T12:26:18","slug":"entrega-de-financiamiento-a-agricultores-familiares-de-el-perchel","status":"publish","type":"post","link":"http:\/\/www.produccion.jujuy.gob.ar\/?p=2464","title":{"rendered":"Entrega de financiamiento a agricultores familiares de El Perchel"},"content":{"rendered":"\n<p>El Gobernador de la Provincia encabez\u00f3 el acto de entrega de certificados de financiamiento PROCANOR a actores de la econom\u00eda familiar de El Perchel, por un monto de $ 6.105.940 .<\/p>\n\n\n\n<p>Gerardo Morales hizo entrega de certificados de financiamiento del Programa de Asistencia Econ\u00f3mica para Productores Familiares del Norte Argentino (PROCANOR) en El Perchel, a fin de contribuir la inserci\u00f3n de la agricultura familiar en cadenas de valor emergentes.<\/p>\n\n\n\n<p>Tambi\u00e9n estuvieron presentes el ministro de Desarrollo Econ\u00f3mico y Producci\u00f3n, Exequiel Lello Ivacevich; la secretaria de Desarrollo Productivo, Patricia R\u00edos; la comisionada de Huacalera, Patricia Alem\u00e1n; el presidente de la comunidad originaria de El Perchel, H\u00e9ctor Romero; el coordinador de la Agencia de Desarrollo, F\u00e9lix P\u00e9rez; el presidente del Bloque Cambia Jujuy de la Legislatura de Jujuy, Alberto Bernis; la diputada Alejandra El\u00edas, miembros de la comunidad y funcionarios provinciales y comunales.<\/p>\n\n\n\n<p>\u201cEn esta oportunidad alcanzamos con este programa a 23 familias\u201d, destac\u00f3 Morales y ponder\u00f3 el rol de la Legislatura en la gesti\u00f3n de este beneficio, \u201cavalando la decisi\u00f3n pol\u00edtica de tomar este cr\u00e9dito que nos permite fortalecer la producci\u00f3n y las comunidades\u201d, acot\u00f3.<\/p>\n\n\n\n<p>Remarc\u00f3 que \u201cdebemos ir decididamente a la producci\u00f3n org\u00e1nica, ya que Jujuy no tiene grandes extensiones de tierra y el agua escasea\u201d y consider\u00f3 que \u201cel pr\u00f3ximo paso que tenemos que dar es producir con calidad, con miras a otros mercados\u201d. Romero, por otra parte, expres\u00f3 su agradecimiento al respaldo recibido del gobernador Morales para la concreci\u00f3n de este proyecto. \u201cEstamos teniendo frutos, como el choclo que se puede comercializar en otras provincias\u201d, se\u00f1al\u00f3 y puntualiz\u00f3 que \u201ccon producci\u00f3n org\u00e1nica podemos reducir costos y mejorar la calidad\u201d. Finalmente, remarc\u00f3 que \u201cesta comunidad se encamina hacia la producci\u00f3n de bioinsumos, apuntando especialmente al arraigo de nuestros j\u00f3venes\u201d. El ministro Exequiel Lello Ivacevich, destac\u00f3 que PROCANOR es un programa que permite dar respuestas y generar oportunidades en territorio. En este caso, se\u00f1al\u00f3, \u201cse prioriz\u00f3 a la quebrada y la puna porque sabemos que la falta de oportunidades, hace que la gente migre hacia los valles y creo que la pol\u00edtica tanto en materia educativa como productiva, tiene una visi\u00f3n fuertemente de arraigo y de apoyar a las comunidades\u201d. Resalt\u00f3 la visi\u00f3n de la comunidad de desarrollar un proyecto que favorezca no solo a la creaci\u00f3n de puestos de trabajo, sino tambi\u00e9n a mejor la calidad de los productos ya que \u201cla f\u00e1brica de bioinsumos va a generar mejor calidad de alimentos para los turistas que nos visiten\u201d. \u201cVa a ser una planta de 85 metros cuadrados que va a beneficiar a 23 familias que est\u00e1n instaladas en esta comunidad, pero que adem\u00e1s va a dar la oportunidad de empezar a impactar en el resto de la quebrada y esa integraci\u00f3n, va a fortalecer a la regi\u00f3n\u201d, ponder\u00f3 Lello Ivacevich.<\/p>\n","protected":false},"excerpt":{"rendered":"<p>El Gobernador de la Provincia encabez\u00f3 el acto de entrega de certificados de financiamiento PROCANOR a actores de la econom\u00eda familiar de El Perchel, por un monto de $ 6.105.940 . Gerardo<a class=\"moretag\" href=\"http:\/\/www.produccion.jujuy.gob.ar\/?p=2464\">Leer m\u00e1s&#8230;<\/a><\/p>\n","protected":false},"author":2,"featured_media":2465,"comment_status":"closed","ping_status":"open","sticky":false,"template":"","format":"standard","meta":[],"categories":[1],"tags":[],"yoast_head":"<!-- This site is optimized with the Yoast SEO plugin v18.3 - https:\/\/yoast.com\/wordpress\/plugins\/seo\/ -->\n<title>Entrega de financiamiento a agricultores familiares de El Perchel - Ministerio de Desarrollo Econ\u00f3mico y Producci\u00f3n<\/title>\n<meta name=\"robots\" content=\"index, follow, max-snippet:-1, max-image-preview:large, max-video-preview:-1\" \/>\n<link rel=\"canonical\" href=\"http:\/\/www.produccion.jujuy.gob.ar\/?p=2464\" \/>\n<meta property=\"og:locale\" content=\"es_ES\" \/>\n<meta property=\"og:type\" content=\"article\" \/>\n<meta property=\"og:title\" content=\"Entrega de financiamiento a agricultores familiares de El Perchel - Ministerio de Desarrollo Econ\u00f3mico y Producci\u00f3n\" \/>\n<meta property=\"og:description\" content=\"El Gobernador de la Provincia encabez\u00f3 el acto de entrega de certificados de financiamiento PROCANOR a actores de la econom\u00eda familiar de El Perchel, por un monto de $ 6.105.940 . GerardoLeer m\u00e1s...\" \/>\n<meta property=\"og:url\" content=\"http:\/\/www.produccion.jujuy.gob.ar\/?p=2464\" \/>\n<meta property=\"og:site_name\" content=\"Ministerio de Desarrollo Econ\u00f3mico y Producci\u00f3n\" \/>\n<meta property=\"article:published_time\" content=\"2022-02-10T12:26:17+00:00\" \/>\n<meta property=\"article:modified_time\" content=\"2022-02-10T12:26:18+00:00\" \/>\n<meta property=\"og:image\" content=\"http:\/\/www.produccion.jujuy.gob.ar\/wp-content\/uploads\/2022\/02\/entrega-subsidio-villa-perchel.jpg\" \/>\n\t<meta property=\"og:image:width\" content=\"1012\" \/>\n\t<meta property=\"og:image:height\" content=\"675\" \/>\n\t<meta property=\"og:image:type\" content=\"image\/jpeg\" \/>\n<meta name=\"twitter:card\" content=\"summary_large_image\" \/>\n<meta name=\"twitter:label1\" content=\"Escrito por\" \/>\n\t<meta name=\"twitter:data1\" content=\"prensa prensa\" \/>\n\t<meta name=\"twitter:label2\" content=\"Tiempo de lectura\" \/>\n\t<meta name=\"twitter:data2\" content=\"2 minutos\" \/>\n<script type=\"application\/ld+json\" class=\"yoast-schema-graph\">{\"@context\":\"https:\/\/schema.org\",\"@graph\":[{\"@type\":\"WebSite\",\"@id\":\"http:\/\/www.produccion.jujuy.gob.ar\/#website\",\"url\":\"http:\/\/www.produccion.jujuy.gob.ar\/\",\"name\":\"Ministerio de Desarrollo Econ\u00f3mico y Producci\u00f3n\",\"description\":\"\",\"potentialAction\":[{\"@type\":\"SearchAction\",\"target\":{\"@type\":\"EntryPoint\",\"urlTemplate\":\"http:\/\/www.produccion.jujuy.gob.ar\/?s={search_term_string}\"},\"query-input\":\"required name=search_term_string\"}],\"inLanguage\":\"es\"},{\"@type\":\"ImageObject\",\"@id\":\"http:\/\/www.produccion.jujuy.gob.ar\/?p=2464#primaryimage\",\"inLanguage\":\"es\",\"url\":\"http:\/\/www.produccion.jujuy.gob.ar\/wp-content\/uploads\/2022\/02\/entrega-subsidio-villa-perchel.jpg\",\"contentUrl\":\"http:\/\/www.produccion.jujuy.gob.ar\/wp-content\/uploads\/2022\/02\/entrega-subsidio-villa-perchel.jpg\",\"width\":1012,\"height\":675},{\"@type\":\"WebPage\",\"@id\":\"http:\/\/www.produccion.jujuy.gob.ar\/?p=2464#webpage\",\"url\":\"http:\/\/www.produccion.jujuy.gob.ar\/?p=2464\",\"name\":\"Entrega de financiamiento a agricultores familiares de El Perchel - Ministerio de Desarrollo Econ\u00f3mico y Producci\u00f3n\",\"isPartOf\":{\"@id\":\"http:\/\/www.produccion.jujuy.gob.ar\/#website\"},\"primaryImageOfPage\":{\"@id\":\"http:\/\/www.produccion.jujuy.gob.ar\/?p=2464#primaryimage\"},\"datePublished\":\"2022-02-10T12:26:17+00:00\",\"dateModified\":\"2022-02-10T12:26:18+00:00\",\"author\":{\"@id\":\"http:\/\/www.produccion.jujuy.gob.ar\/#\/schema\/person\/4b22a01d694f4bbb88e5d19dca067d1d\"},\"breadcrumb\":{\"@id\":\"http:\/\/www.produccion.jujuy.gob.ar\/?p=2464#breadcrumb\"},\"inLanguage\":\"es\",\"potentialAction\":[{\"@type\":\"ReadAction\",\"target\":[\"http:\/\/www.produccion.jujuy.gob.ar\/?p=2464\"]}]},{\"@type\":\"BreadcrumbList\",\"@id\":\"http:\/\/www.produccion.jujuy.gob.ar\/?p=2464#breadcrumb\",\"itemListElement\":[{\"@type\":\"ListItem\",\"position\":1,\"name\":\"Portada\",\"item\":\"http:\/\/www.produccion.jujuy.gob.ar\/\"},{\"@type\":\"ListItem\",\"position\":2,\"name\":\"Entrega de financiamiento a agricultores familiares de El Perchel\"}]},{\"@type\":\"Person\",\"@id\":\"http:\/\/www.produccion.jujuy.gob.ar\/#\/schema\/person\/4b22a01d694f4bbb88e5d19dca067d1d\",\"name\":\"prensa prensa\",\"image\":{\"@type\":\"ImageObject\",\"@id\":\"http:\/\/www.produccion.jujuy.gob.ar\/#personlogo\",\"inLanguage\":\"es\",\"url\":\"http:\/\/2.gravatar.com\/avatar\/869d66de5c875fb1c978e5ff7404f639?s=96&d=mm&r=g\",\"contentUrl\":\"http:\/\/2.gravatar.com\/avatar\/869d66de5c875fb1c978e5ff7404f639?s=96&d=mm&r=g\",\"caption\":\"prensa prensa\"},\"url\":\"http:\/\/www.produccion.jujuy.gob.ar\/?author=2\"}]}<\/script>\n<!-- \/ Yoast SEO plugin. -->","yoast_head_json":{"title":"Entrega de financiamiento a agricultores familiares de El Perchel - Ministerio de Desarrollo Econ\u00f3mico y Producci\u00f3n","robots":{"index":"index","follow":"follow","max-snippet":"max-snippet:-1","max-image-preview":"max-image-preview:large","max-video-preview":"max-video-preview:-1"},"canonical":"http:\/\/www.produccion.jujuy.gob.ar\/?p=2464","og_locale":"es_ES","og_type":"article","og_title":"Entrega de financiamiento a agricultores familiares de El Perchel - Ministerio de Desarrollo Econ\u00f3mico y Producci\u00f3n","og_description":"El Gobernador de la Provincia encabez\u00f3 el acto de entrega de certificados de financiamiento PROCANOR a actores de la econom\u00eda familiar de El Perchel, por un monto de $ 6.105.940 . GerardoLeer m\u00e1s...","og_url":"http:\/\/www.produccion.jujuy.gob.ar\/?p=2464","og_site_name":"Ministerio de Desarrollo Econ\u00f3mico y Producci\u00f3n","article_published_time":"2022-02-10T12:26:17+00:00","article_modified_time":"2022-02-10T12:26:18+00:00","og_image":[{"width":1012,"height":675,"url":"http:\/\/www.produccion.jujuy.gob.ar\/wp-content\/uploads\/2022\/02\/entrega-subsidio-villa-perchel.jpg","type":"image\/jpeg"}],"twitter_card":"summary_large_image","twitter_misc":{"Escrito por":"prensa prensa","Tiempo de lectura":"2 minutos"},"schema":{"@context":"https:\/\/schema.org","@graph":[{"@type":"WebSite","@id":"http:\/\/www.produccion.jujuy.gob.ar\/#website","url":"http:\/\/www.produccion.jujuy.gob.ar\/","name":"Ministerio de Desarrollo Econ\u00f3mico y Producci\u00f3n","description":"","potentialAction":[{"@type":"SearchAction","target":{"@type":"EntryPoint","urlTemplate":"http:\/\/www.produccion.jujuy.gob.ar\/?s={search_term_string}"},"query-input":"required name=search_term_string"}],"inLanguage":"es"},{"@type":"ImageObject","@id":"http:\/\/www.produccion.jujuy.gob.ar\/?p=2464#primaryimage","inLanguage":"es","url":"http:\/\/www.produccion.jujuy.gob.ar\/wp-content\/uploads\/2022\/02\/entrega-subsidio-villa-perchel.jpg","contentUrl":"http:\/\/www.produccion.jujuy.gob.ar\/wp-content\/uploads\/2022\/02\/entrega-subsidio-villa-perchel.jpg","width":1012,"height":675},{"@type":"WebPage","@id":"http:\/\/www.produccion.jujuy.gob.ar\/?p=2464#webpage","url":"http:\/\/www.produccion.jujuy.gob.ar\/?p=2464","name":"Entrega de financiamiento a agricultores familiares de El Perchel - Ministerio de Desarrollo Econ\u00f3mico y Producci\u00f3n","isPartOf":{"@id":"http:\/\/www.produccion.jujuy.gob.ar\/#website"},"primaryImageOfPage":{"@id":"http:\/\/www.produccion.jujuy.gob.ar\/?p=2464#primaryimage"},"datePublished":"2022-02-10T12:26:17+00:00","dateModified":"2022-02-10T12:26:18+00:00","author":{"@id":"http:\/\/www.produccion.jujuy.gob.ar\/#\/schema\/person\/4b22a01d694f4bbb88e5d19dca067d1d"},"breadcrumb":{"@id":"http:\/\/www.produccion.jujuy.gob.ar\/?p=2464#breadcrumb"},"inLanguage":"es","potentialAction":[{"@type":"ReadAction","target":["http:\/\/www.produccion.jujuy.gob.ar\/?p=2464"]}]},{"@type":"BreadcrumbList","@id":"http:\/\/www.produccion.jujuy.gob.ar\/?p=2464#breadcrumb","itemListElement":[{"@type":"ListItem","position":1,"name":"Portada","item":"http:\/\/www.produccion.jujuy.gob.ar\/"},{"@type":"ListItem","position":2,"name":"Entrega de financiamiento a agricultores familiares de El Perchel"}]},{"@type":"Person","@id":"http:\/\/www.produccion.jujuy.gob.ar\/#\/schema\/person\/4b22a01d694f4bbb88e5d19dca067d1d","name":"prensa prensa","image":{"@type":"ImageObject","@id":"http:\/\/www.produccion.jujuy.gob.ar\/#personlogo","inLanguage":"es","url":"http:\/\/2.gravatar.com\/avatar\/869d66de5c875fb1c978e5ff7404f639?s=96&d=mm&r=g","contentUrl":"http:\/\/2.gravatar.com\/avatar\/869d66de5c875fb1c978e5ff7404f639?s=96&d=mm&r=g","caption":"prensa prensa"},"url":"http:\/\/www.produccion.jujuy.gob.ar\/?author=2"}]}},"_links":{"self":[{"href":"http:\/\/www.produccion.jujuy.gob.ar\/index.php?rest_route=\/wp\/v2\/posts\/2464"}],"collection":[{"href":"http:\/\/www.produccion.jujuy.gob.ar\/index.php?rest_route=\/wp\/v2\/posts"}],"about":[{"href":"http:\/\/www.produccion.jujuy.gob.ar\/index.php?rest_route=\/wp\/v2\/types\/post"}],"author":[{"embeddable":true,"href":"http:\/\/www.produccion.jujuy.gob.ar\/index.php?rest_route=\/wp\/v2\/users\/2"}],"replies":[{"embeddable":true,"href":"http:\/\/www.produccion.jujuy.gob.ar\/index.php?rest_route=%2Fwp%2Fv2%2Fcomments&post=2464"}],"version-history":[{"count":1,"href":"http:\/\/www.produccion.jujuy.gob.ar\/index.php?rest_route=\/wp\/v2\/posts\/2464\/revisions"}],"predecessor-version":[{"id":2466,"href":"http:\/\/www.produccion.jujuy.gob.ar\/index.php?rest_route=\/wp\/v2\/posts\/2464\/revisions\/2466"}],"wp:featuredmedia":[{"embeddable":true,"href":"http:\/\/www.produccion.jujuy.gob.ar\/index.php?rest_route=\/wp\/v2\/media\/2465"}],"wp:attachment":[{"href":"http:\/\/www.produccion.jujuy.gob.ar\/index.php?rest_route=%2Fwp%2Fv2%2Fmedia&parent=2464"}],"wp:term":[{"taxonomy":"category","embeddable":true,"href":"http:\/\/www.produccion.jujuy.gob.ar\/index.php?rest_route=%2Fwp%2Fv2%2Fcategories&post=2464"},{"taxonomy":"post_tag","embeddable":true,"href":"http:\/\/www.produccion.jujuy.gob.ar\/index.php?rest_route=%2Fwp%2Fv2%2Ftags&post=2464"}],"curies":[{"name":"wp","href":"https:\/\/api.w.org\/{rel}","templated":true}]}}