{"id":2467,"date":"2022-02-10T12:27:50","date_gmt":"2022-02-10T12:27:50","guid":{"rendered":"http:\/\/www.produccion.jujuy.gob.ar\/?p=2467"},"modified":"2022-02-10T12:27:52","modified_gmt":"2022-02-10T12:27:52","slug":"morales-entrego-en-tres-cruces-maquinaria-para-la-produccion-agricola-y-ganadera","status":"publish","type":"post","link":"http:\/\/www.produccion.jujuy.gob.ar\/?p=2467","title":{"rendered":"Morales entreg\u00f3 en Tres Cruces maquinaria para la producci\u00f3n agr\u00edcola y ganadera"},"content":{"rendered":"\n<p>El Gobernador de la Provincia hizo entrega de un tractor 0 Km en la localidad de Tres Cruces, el cual ser\u00e1 destinado a mejorar las capacidades productivas de sectores agr\u00edcolas y ganaderos de la zona.<\/p>\n\n\n\n<p>Gerardo Morales encabez\u00f3 el acto de entrega de maquinaria a productores de la localidad de Tres Cruces, consistente en un tractor 0 Km que ser\u00e1 empleado en la siembra de pasturas, proceso indispensable para el desarrollo agr\u00edcola y ganadero de la zona, severamente afectada por la sequ\u00eda.<\/p>\n\n\n\n<p>El tractor se destinar\u00e1 a la mejora de capacidades del Centro de Servicios de Apoyo a la Producci\u00f3n Ganadera y Agr\u00edcola de Tres Cruces.<\/p>\n\n\n\n<p>Acompa\u00f1aron al mandatario, el ministro de Desarrollo Econ\u00f3mico y Producci\u00f3n, Exequiel Lello Ivacevich; el comisionado de Tres Cruces, Fabi\u00e1n Mart\u00ednez; el jefe del Bloque Cambia Jujuy de la Legislatura de Jujuy, Alberto Bernis; la diputada Alejandra El\u00edas, miembros de la comunidad y funcionarios provinciales y comunales.<\/p>\n\n\n\n<p>Al respecto, Morales resalt\u00f3 que \u201cel tractor es una herramienta de suma importancia para potenciar actividades productivas\u201d y enfatiz\u00f3 que \u201cpor ello seguiremos trabajando en esta direcci\u00f3n, renovando el compromiso de esta gesti\u00f3n para con el querido pueblo de Tres Cruces\u201d. Lello Ivacevich, a su turno, indic\u00f3 que &#8220;tomamos la decisi\u00f3n de acompa\u00f1ar a Tres Cruces, empe\u00f1ando esfuerzos a favor de los productores&#8221; y a\u00f1adi\u00f3 que &#8220;el tractor ya est\u00e1 a disposici\u00f3n de quienes hacen un gran aporte al sostenimiento y crecimiento de la econom\u00eda local&#8221;.<\/p>\n\n\n\n<p> Adem\u00e1s, ratific\u00f3 la determinaci\u00f3n del Gobierno de la Provincia de continuar junto al pueblo de Tres Cruces, se\u00f1alando que &#8220;este a\u00f1o ser\u00e1 para multiplicar el trabajo en beneficio de la Puna, ampliando las capacidades productivas de cada comunidad&#8221;. <\/p>\n\n\n\n<p>Mart\u00ednez, por su parte, dijo que \u201cse trata de un proyecto gestionado para productores inicialmente ante el Gobierno de la Naci\u00f3n que habilit\u00f3 una l\u00ednea de financiamiento, pero la cual result\u00f3 insuficiente para los productores necesitados de equipamiento para la siembra de pasturas, en atenci\u00f3n a la sequ\u00eda imperante en la zona\u201d y agreg\u00f3 que \u201cfelizmente tom\u00f3 intervenci\u00f3n el Ministerio de Desarrollo Econ\u00f3mico y Producci\u00f3n que permiti\u00f3 materializar la compra del tractor\u201d. <\/p>\n\n\n\n<p>Finalmente, agradeci\u00f3 al gobernador Morales \u201cpor su compromiso y valioso aporte para la adquisici\u00f3n del tractor\u201d.<\/p>\n\n\n\n<figure class=\"wp-block-image size-large\"><img loading=\"lazy\" width=\"1017\" height=\"675\" src=\"http:\/\/www.produccion.jujuy.gob.ar\/wp-content\/uploads\/2022\/02\/tractor-tres-cruces-1.jpg\" alt=\"\" class=\"wp-image-2469\" srcset=\"http:\/\/www.produccion.jujuy.gob.ar\/wp-content\/uploads\/2022\/02\/tractor-tres-cruces-1.jpg 1017w, http:\/\/www.produccion.jujuy.gob.ar\/wp-content\/uploads\/2022\/02\/tractor-tres-cruces-1-300x199.jpg 300w, http:\/\/www.produccion.jujuy.gob.ar\/wp-content\/uploads\/2022\/02\/tractor-tres-cruces-1-768x510.jpg 768w, http:\/\/www.produccion.jujuy.gob.ar\/wp-content\/uploads\/2022\/02\/tractor-tres-cruces-1-272x182.jpg 272w\" sizes=\"(max-width: 1017px) 100vw, 1017px\" \/><\/figure>\n","protected":false},"excerpt":{"rendered":"<p>El Gobernador de la Provincia hizo entrega de un tractor 0 Km en la localidad de Tres Cruces, el cual ser\u00e1 destinado a mejorar las capacidades productivas de sectores agr\u00edcolas y ganaderos<a class=\"moretag\" href=\"http:\/\/www.produccion.jujuy.gob.ar\/?p=2467\">Leer m\u00e1s&#8230;<\/a><\/p>\n","protected":false},"author":2,"featured_media":2468,"comment_status":"closed","ping_status":"open","sticky":false,"template":"","format":"standard","meta":[],"categories":[2],"tags":[],"yoast_head":"<!-- This site is optimized with the Yoast SEO plugin v18.3 - https:\/\/yoast.com\/wordpress\/plugins\/seo\/ -->\n<title>Morales entreg\u00f3 en Tres Cruces maquinaria para la producci\u00f3n agr\u00edcola y ganadera - Ministerio de Desarrollo Econ\u00f3mico y Producci\u00f3n<\/title>\n<meta name=\"robots\" content=\"index, follow, max-snippet:-1, max-image-preview:large, max-video-preview:-1\" \/>\n<link rel=\"canonical\" href=\"http:\/\/www.produccion.jujuy.gob.ar\/?p=2467\" \/>\n<meta property=\"og:locale\" content=\"es_ES\" \/>\n<meta property=\"og:type\" content=\"article\" \/>\n<meta property=\"og:title\" content=\"Morales entreg\u00f3 en Tres Cruces maquinaria para la producci\u00f3n agr\u00edcola y ganadera - Ministerio de Desarrollo Econ\u00f3mico y Producci\u00f3n\" \/>\n<meta property=\"og:description\" content=\"El Gobernador de la Provincia hizo entrega de un tractor 0 Km en la localidad de Tres Cruces, el cual ser\u00e1 destinado a mejorar las capacidades productivas de sectores agr\u00edcolas y ganaderosLeer m\u00e1s...\" \/>\n<meta property=\"og:url\" content=\"http:\/\/www.produccion.jujuy.gob.ar\/?p=2467\" \/>\n<meta property=\"og:site_name\" content=\"Ministerio de Desarrollo Econ\u00f3mico y Producci\u00f3n\" \/>\n<meta property=\"article:published_time\" content=\"2022-02-10T12:27:50+00:00\" \/>\n<meta property=\"article:modified_time\" content=\"2022-02-10T12:27:52+00:00\" \/>\n<meta property=\"og:image\" content=\"http:\/\/www.produccion.jujuy.gob.ar\/wp-content\/uploads\/2022\/02\/tractor-tres-cruces.jpg\" \/>\n\t<meta property=\"og:image:width\" content=\"1017\" \/>\n\t<meta property=\"og:image:height\" content=\"675\" \/>\n\t<meta property=\"og:image:type\" content=\"image\/jpeg\" \/>\n<meta name=\"twitter:card\" content=\"summary_large_image\" \/>\n<meta name=\"twitter:label1\" content=\"Escrito por\" \/>\n\t<meta name=\"twitter:data1\" content=\"prensa prensa\" \/>\n\t<meta name=\"twitter:label2\" content=\"Tiempo de lectura\" \/>\n\t<meta name=\"twitter:data2\" content=\"2 minutos\" \/>\n<script type=\"application\/ld+json\" class=\"yoast-schema-graph\">{\"@context\":\"https:\/\/schema.org\",\"@graph\":[{\"@type\":\"WebSite\",\"@id\":\"http:\/\/www.produccion.jujuy.gob.ar\/#website\",\"url\":\"http:\/\/www.produccion.jujuy.gob.ar\/\",\"name\":\"Ministerio de Desarrollo Econ\u00f3mico y Producci\u00f3n\",\"description\":\"\",\"potentialAction\":[{\"@type\":\"SearchAction\",\"target\":{\"@type\":\"EntryPoint\",\"urlTemplate\":\"http:\/\/www.produccion.jujuy.gob.ar\/?s={search_term_string}\"},\"query-input\":\"required name=search_term_string\"}],\"inLanguage\":\"es\"},{\"@type\":\"ImageObject\",\"@id\":\"http:\/\/www.produccion.jujuy.gob.ar\/?p=2467#primaryimage\",\"inLanguage\":\"es\",\"url\":\"http:\/\/www.produccion.jujuy.gob.ar\/wp-content\/uploads\/2022\/02\/tractor-tres-cruces.jpg\",\"contentUrl\":\"http:\/\/www.produccion.jujuy.gob.ar\/wp-content\/uploads\/2022\/02\/tractor-tres-cruces.jpg\",\"width\":1017,\"height\":675},{\"@type\":\"WebPage\",\"@id\":\"http:\/\/www.produccion.jujuy.gob.ar\/?p=2467#webpage\",\"url\":\"http:\/\/www.produccion.jujuy.gob.ar\/?p=2467\",\"name\":\"Morales entreg\u00f3 en Tres Cruces maquinaria para la producci\u00f3n agr\u00edcola y ganadera - Ministerio de Desarrollo Econ\u00f3mico y Producci\u00f3n\",\"isPartOf\":{\"@id\":\"http:\/\/www.produccion.jujuy.gob.ar\/#website\"},\"primaryImageOfPage\":{\"@id\":\"http:\/\/www.produccion.jujuy.gob.ar\/?p=2467#primaryimage\"},\"datePublished\":\"2022-02-10T12:27:50+00:00\",\"dateModified\":\"2022-02-10T12:27:52+00:00\",\"author\":{\"@id\":\"http:\/\/www.produccion.jujuy.gob.ar\/#\/schema\/person\/4b22a01d694f4bbb88e5d19dca067d1d\"},\"breadcrumb\":{\"@id\":\"http:\/\/www.produccion.jujuy.gob.ar\/?p=2467#breadcrumb\"},\"inLanguage\":\"es\",\"potentialAction\":[{\"@type\":\"ReadAction\",\"target\":[\"http:\/\/www.produccion.jujuy.gob.ar\/?p=2467\"]}]},{\"@type\":\"BreadcrumbList\",\"@id\":\"http:\/\/www.produccion.jujuy.gob.ar\/?p=2467#breadcrumb\",\"itemListElement\":[{\"@type\":\"ListItem\",\"position\":1,\"name\":\"Portada\",\"item\":\"http:\/\/www.produccion.jujuy.gob.ar\/\"},{\"@type\":\"ListItem\",\"position\":2,\"name\":\"Morales entreg\u00f3 en Tres Cruces maquinaria para la producci\u00f3n agr\u00edcola y ganadera\"}]},{\"@type\":\"Person\",\"@id\":\"http:\/\/www.produccion.jujuy.gob.ar\/#\/schema\/person\/4b22a01d694f4bbb88e5d19dca067d1d\",\"name\":\"prensa prensa\",\"image\":{\"@type\":\"ImageObject\",\"@id\":\"http:\/\/www.produccion.jujuy.gob.ar\/#personlogo\",\"inLanguage\":\"es\",\"url\":\"http:\/\/2.gravatar.com\/avatar\/869d66de5c875fb1c978e5ff7404f639?s=96&d=mm&r=g\",\"contentUrl\":\"http:\/\/2.gravatar.com\/avatar\/869d66de5c875fb1c978e5ff7404f639?s=96&d=mm&r=g\",\"caption\":\"prensa prensa\"},\"url\":\"http:\/\/www.produccion.jujuy.gob.ar\/?author=2\"}]}<\/script>\n<!-- \/ Yoast SEO plugin. -->","yoast_head_json":{"title":"Morales entreg\u00f3 en Tres Cruces maquinaria para la producci\u00f3n agr\u00edcola y ganadera - Ministerio de Desarrollo Econ\u00f3mico y Producci\u00f3n","robots":{"index":"index","follow":"follow","max-snippet":"max-snippet:-1","max-image-preview":"max-image-preview:large","max-video-preview":"max-video-preview:-1"},"canonical":"http:\/\/www.produccion.jujuy.gob.ar\/?p=2467","og_locale":"es_ES","og_type":"article","og_title":"Morales entreg\u00f3 en Tres Cruces maquinaria para la producci\u00f3n agr\u00edcola y ganadera - Ministerio de Desarrollo Econ\u00f3mico y Producci\u00f3n","og_description":"El Gobernador de la Provincia hizo entrega de un tractor 0 Km en la localidad de Tres Cruces, el cual ser\u00e1 destinado a mejorar las capacidades productivas de sectores agr\u00edcolas y ganaderosLeer m\u00e1s...","og_url":"http:\/\/www.produccion.jujuy.gob.ar\/?p=2467","og_site_name":"Ministerio de Desarrollo Econ\u00f3mico y Producci\u00f3n","article_published_time":"2022-02-10T12:27:50+00:00","article_modified_time":"2022-02-10T12:27:52+00:00","og_image":[{"width":1017,"height":675,"url":"http:\/\/www.produccion.jujuy.gob.ar\/wp-content\/uploads\/2022\/02\/tractor-tres-cruces.jpg","type":"image\/jpeg"}],"twitter_card":"summary_large_image","twitter_misc":{"Escrito por":"prensa prensa","Tiempo de lectura":"2 minutos"},"schema":{"@context":"https:\/\/schema.org","@graph":[{"@type":"WebSite","@id":"http:\/\/www.produccion.jujuy.gob.ar\/#website","url":"http:\/\/www.produccion.jujuy.gob.ar\/","name":"Ministerio de Desarrollo Econ\u00f3mico y Producci\u00f3n","description":"","potentialAction":[{"@type":"SearchAction","target":{"@type":"EntryPoint","urlTemplate":"http:\/\/www.produccion.jujuy.gob.ar\/?s={search_term_string}"},"query-input":"required name=search_term_string"}],"inLanguage":"es"},{"@type":"ImageObject","@id":"http:\/\/www.produccion.jujuy.gob.ar\/?p=2467#primaryimage","inLanguage":"es","url":"http:\/\/www.produccion.jujuy.gob.ar\/wp-content\/uploads\/2022\/02\/tractor-tres-cruces.jpg","contentUrl":"http:\/\/www.produccion.jujuy.gob.ar\/wp-content\/uploads\/2022\/02\/tractor-tres-cruces.jpg","width":1017,"height":675},{"@type":"WebPage","@id":"http:\/\/www.produccion.jujuy.gob.ar\/?p=2467#webpage","url":"http:\/\/www.produccion.jujuy.gob.ar\/?p=2467","name":"Morales entreg\u00f3 en Tres Cruces maquinaria para la producci\u00f3n agr\u00edcola y ganadera - Ministerio de Desarrollo Econ\u00f3mico y Producci\u00f3n","isPartOf":{"@id":"http:\/\/www.produccion.jujuy.gob.ar\/#website"},"primaryImageOfPage":{"@id":"http:\/\/www.produccion.jujuy.gob.ar\/?p=2467#primaryimage"},"datePublished":"2022-02-10T12:27:50+00:00","dateModified":"2022-02-10T12:27:52+00:00","author":{"@id":"http:\/\/www.produccion.jujuy.gob.ar\/#\/schema\/person\/4b22a01d694f4bbb88e5d19dca067d1d"},"breadcrumb":{"@id":"http:\/\/www.produccion.jujuy.gob.ar\/?p=2467#breadcrumb"},"inLanguage":"es","potentialAction":[{"@type":"ReadAction","target":["http:\/\/www.produccion.jujuy.gob.ar\/?p=2467"]}]},{"@type":"BreadcrumbList","@id":"http:\/\/www.produccion.jujuy.gob.ar\/?p=2467#breadcrumb","itemListElement":[{"@type":"ListItem","position":1,"name":"Portada","item":"http:\/\/www.produccion.jujuy.gob.ar\/"},{"@type":"ListItem","position":2,"name":"Morales entreg\u00f3 en Tres Cruces maquinaria para la producci\u00f3n agr\u00edcola y ganadera"}]},{"@type":"Person","@id":"http:\/\/www.produccion.jujuy.gob.ar\/#\/schema\/person\/4b22a01d694f4bbb88e5d19dca067d1d","name":"prensa prensa","image":{"@type":"ImageObject","@id":"http:\/\/www.produccion.jujuy.gob.ar\/#personlogo","inLanguage":"es","url":"http:\/\/2.gravatar.com\/avatar\/869d66de5c875fb1c978e5ff7404f639?s=96&d=mm&r=g","contentUrl":"http:\/\/2.gravatar.com\/avatar\/869d66de5c875fb1c978e5ff7404f639?s=96&d=mm&r=g","caption":"prensa prensa"},"url":"http:\/\/www.produccion.jujuy.gob.ar\/?author=2"}]}},"_links":{"self":[{"href":"http:\/\/www.produccion.jujuy.gob.ar\/index.php?rest_route=\/wp\/v2\/posts\/2467"}],"collection":[{"href":"http:\/\/www.produccion.jujuy.gob.ar\/index.php?rest_route=\/wp\/v2\/posts"}],"about":[{"href":"http:\/\/www.produccion.jujuy.gob.ar\/index.php?rest_route=\/wp\/v2\/types\/post"}],"author":[{"embeddable":true,"href":"http:\/\/www.produccion.jujuy.gob.ar\/index.php?rest_route=\/wp\/v2\/users\/2"}],"replies":[{"embeddable":true,"href":"http:\/\/www.produccion.jujuy.gob.ar\/index.php?rest_route=%2Fwp%2Fv2%2Fcomments&post=2467"}],"version-history":[{"count":1,"href":"http:\/\/www.produccion.jujuy.gob.ar\/index.php?rest_route=\/wp\/v2\/posts\/2467\/revisions"}],"predecessor-version":[{"id":2470,"href":"http:\/\/www.produccion.jujuy.gob.ar\/index.php?rest_route=\/wp\/v2\/posts\/2467\/revisions\/2470"}],"wp:featuredmedia":[{"embeddable":true,"href":"http:\/\/www.produccion.jujuy.gob.ar\/index.php?rest_route=\/wp\/v2\/media\/2468"}],"wp:attachment":[{"href":"http:\/\/www.produccion.jujuy.gob.ar\/index.php?rest_route=%2Fwp%2Fv2%2Fmedia&parent=2467"}],"wp:term":[{"taxonomy":"category","embeddable":true,"href":"http:\/\/www.produccion.jujuy.gob.ar\/index.php?rest_route=%2Fwp%2Fv2%2Fcategories&post=2467"},{"taxonomy":"post_tag","embeddable":true,"href":"http:\/\/www.produccion.jujuy.gob.ar\/index.php?rest_route=%2Fwp%2Fv2%2Ftags&post=2467"}],"curies":[{"name":"wp","href":"https:\/\/api.w.org\/{rel}","templated":true}]}}