{"id":2471,"date":"2022-02-10T12:29:47","date_gmt":"2022-02-10T12:29:47","guid":{"rendered":"http:\/\/www.produccion.jujuy.gob.ar\/?p=2471"},"modified":"2022-02-10T12:29:49","modified_gmt":"2022-02-10T12:29:49","slug":"entrega-de-fondos-procanor-para-el-desarrollo-de-productos-andinos","status":"publish","type":"post","link":"http:\/\/www.produccion.jujuy.gob.ar\/?p=2471","title":{"rendered":"Entrega de fondos PROCANOR para el desarrollo de productos andinos"},"content":{"rendered":"\n<p>El Gobernador de la Provincia hizo entrega en Yavi Chico de certificados de financiamiento en el marco del proyecto PROCANOR. Los recursos ser\u00e1n volcados a la adquisici\u00f3n de un tractor e implementos para la producci\u00f3n agr\u00edcola.<\/p>\n\n\n\n<p>Gerardo Morles encabez\u00f3 en Yavi Chico el acto de entrega de recursos gestionados a trav\u00e9s del Programa de Asistencia Econ\u00f3mica para Productores Familiares del Norte Argentino (PROCANOR), con el objeto de adquirir un tractor y otros implementos para tareas agr\u00edcolas.<\/p>\n\n\n\n<p>En esta oportunidad, son 29 las familias beneficiarias, en el marco de un proyecto que incluye la atenci\u00f3n de 65 hect\u00e1reas de cultivos andinos, mediante la modernizaci\u00f3n tecnol\u00f3gica, incorporando maquinaria agr\u00edcola, con asistencia t\u00e9cnica y capacitaci\u00f3n. La inversi\u00f3n es de $9.522.510.<\/p>\n\n\n\n<p>Acompa\u00f1aron al mandatario, el ministro de Desarrollo Econ\u00f3mico y Producci\u00f3n, Exequiel Lello Ivacevich; la secretaria de Desarrollo Productivo, Patricia R\u00edos; el comisionado municipal de Yavi, Antonio Borja; el titular del proyecto Yavi Chico, Emanuel Churquina; el presidente del Bloque Cambia Jujuy de la Legislatura de Jujuy, Alberto Bernis; la diputada Alejandra El\u00edas, autoridades comunales, representantes de comunidades vecinas y beneficiarios, entre otros.<\/p>\n\n\n\n<p>Sobre el particular, Morales destac\u00f3 que \u201cPROCANOR es un proyecto que financia el Gobierno de la Provincia en un 100% y lleg\u00f3 para sostener y desarrollar iniciativas de perfil productivo\u201d. Coment\u00f3 que 2020 fue un a\u00f1o complejo que implic\u00f3 demoras, pero igualmente estamos en marcha, cubriendo las necesidades de nuestros productores\u201d.<\/p>\n\n\n\n<p> \u201cEs de suma importancia la determinaci\u00f3n y la definici\u00f3n de los productores en cada comunidad, ya que son quienes verdaderamente conocen las necesidades y las prioridades\u201d, subray\u00f3, alentando a los actores de la producci\u00f3n a asumir un rol protag\u00f3nico en la mejora de sus condiciones de trabajo y comercializaci\u00f3n. Lello Ivacevich, por su parte, enfatiz\u00f3 que \u201ceste aporte naci\u00f3 de la interacci\u00f3n entre el gobernador Morales y los productores, que dio lugar a un trabajo coordinado que permiti\u00f3 adquirir el tractor para la comunidad de Yavi Chico\u201d.<\/p>\n\n\n\n<p> Adem\u00e1s, se pronunci\u00f3 a favor de la continuidad del \u201ctrabajo conjunto y solidario, pensando en el crecimiento de la producci\u00f3n regional, lo que permitir\u00e1 reposicionar a la Puna en todos los mercados\u201d. Borja, en tanto, agradeci\u00f3 al gobernador Morales y la equipo de Desarrollo Econ\u00f3mico \u201clos esfuerzos enfocados en el crecimiento de Yavi Chico\u201d. Churquina, a su turno, expres\u00f3 que \u201cel tractor es una realidad\u201d y se\u00f1al\u00f3 que \u201cnos hac\u00eda mucha falta, ya que necesit\u00e1bamos de tecnolog\u00eda incorporada al trabajo del campo\u201d.<\/p>\n\n\n\n<figure class=\"wp-block-image size-large\"><img loading=\"lazy\" width=\"1012\" height=\"675\" src=\"http:\/\/www.produccion.jujuy.gob.ar\/wp-content\/uploads\/2022\/02\/subsidio-yavi-chico.jpg\" alt=\"\" class=\"wp-image-2473\" srcset=\"http:\/\/www.produccion.jujuy.gob.ar\/wp-content\/uploads\/2022\/02\/subsidio-yavi-chico.jpg 1012w, http:\/\/www.produccion.jujuy.gob.ar\/wp-content\/uploads\/2022\/02\/subsidio-yavi-chico-300x200.jpg 300w, http:\/\/www.produccion.jujuy.gob.ar\/wp-content\/uploads\/2022\/02\/subsidio-yavi-chico-768x512.jpg 768w, http:\/\/www.produccion.jujuy.gob.ar\/wp-content\/uploads\/2022\/02\/subsidio-yavi-chico-272x182.jpg 272w\" sizes=\"(max-width: 1012px) 100vw, 1012px\" \/><\/figure>\n","protected":false},"excerpt":{"rendered":"<p>El Gobernador de la Provincia hizo entrega en Yavi Chico de certificados de financiamiento en el marco del proyecto PROCANOR. Los recursos ser\u00e1n volcados a la adquisici\u00f3n de un tractor e implementos<a class=\"moretag\" href=\"http:\/\/www.produccion.jujuy.gob.ar\/?p=2471\">Leer m\u00e1s&#8230;<\/a><\/p>\n","protected":false},"author":2,"featured_media":2472,"comment_status":"closed","ping_status":"open","sticky":false,"template":"","format":"standard","meta":[],"categories":[1],"tags":[],"yoast_head":"<!-- This site is optimized with the Yoast SEO plugin v18.3 - https:\/\/yoast.com\/wordpress\/plugins\/seo\/ -->\n<title>Entrega de fondos PROCANOR para el desarrollo de productos andinos - Ministerio de Desarrollo Econ\u00f3mico y Producci\u00f3n<\/title>\n<meta name=\"robots\" content=\"index, follow, max-snippet:-1, max-image-preview:large, max-video-preview:-1\" \/>\n<link rel=\"canonical\" href=\"http:\/\/www.produccion.jujuy.gob.ar\/?p=2471\" \/>\n<meta property=\"og:locale\" content=\"es_ES\" \/>\n<meta property=\"og:type\" content=\"article\" \/>\n<meta property=\"og:title\" content=\"Entrega de fondos PROCANOR para el desarrollo de productos andinos - Ministerio de Desarrollo Econ\u00f3mico y Producci\u00f3n\" \/>\n<meta property=\"og:description\" content=\"El Gobernador de la Provincia hizo entrega en Yavi Chico de certificados de financiamiento en el marco del proyecto PROCANOR. Los recursos ser\u00e1n volcados a la adquisici\u00f3n de un tractor e implementosLeer m\u00e1s...\" \/>\n<meta property=\"og:url\" content=\"http:\/\/www.produccion.jujuy.gob.ar\/?p=2471\" \/>\n<meta property=\"og:site_name\" content=\"Ministerio de Desarrollo Econ\u00f3mico y Producci\u00f3n\" \/>\n<meta property=\"article:published_time\" content=\"2022-02-10T12:29:47+00:00\" \/>\n<meta property=\"article:modified_time\" content=\"2022-02-10T12:29:49+00:00\" \/>\n<meta property=\"og:image\" content=\"http:\/\/www.produccion.jujuy.gob.ar\/wp-content\/uploads\/2022\/02\/subsidio-yavi-chico-1.jpg\" \/>\n\t<meta property=\"og:image:width\" content=\"1012\" \/>\n\t<meta property=\"og:image:height\" content=\"675\" \/>\n\t<meta property=\"og:image:type\" content=\"image\/jpeg\" \/>\n<meta name=\"twitter:card\" content=\"summary_large_image\" \/>\n<meta name=\"twitter:label1\" content=\"Escrito por\" \/>\n\t<meta name=\"twitter:data1\" content=\"prensa prensa\" \/>\n\t<meta name=\"twitter:label2\" content=\"Tiempo de lectura\" \/>\n\t<meta name=\"twitter:data2\" content=\"2 minutos\" \/>\n<script type=\"application\/ld+json\" class=\"yoast-schema-graph\">{\"@context\":\"https:\/\/schema.org\",\"@graph\":[{\"@type\":\"WebSite\",\"@id\":\"http:\/\/www.produccion.jujuy.gob.ar\/#website\",\"url\":\"http:\/\/www.produccion.jujuy.gob.ar\/\",\"name\":\"Ministerio de Desarrollo Econ\u00f3mico y Producci\u00f3n\",\"description\":\"\",\"potentialAction\":[{\"@type\":\"SearchAction\",\"target\":{\"@type\":\"EntryPoint\",\"urlTemplate\":\"http:\/\/www.produccion.jujuy.gob.ar\/?s={search_term_string}\"},\"query-input\":\"required name=search_term_string\"}],\"inLanguage\":\"es\"},{\"@type\":\"ImageObject\",\"@id\":\"http:\/\/www.produccion.jujuy.gob.ar\/?p=2471#primaryimage\",\"inLanguage\":\"es\",\"url\":\"http:\/\/www.produccion.jujuy.gob.ar\/wp-content\/uploads\/2022\/02\/subsidio-yavi-chico-1.jpg\",\"contentUrl\":\"http:\/\/www.produccion.jujuy.gob.ar\/wp-content\/uploads\/2022\/02\/subsidio-yavi-chico-1.jpg\",\"width\":1012,\"height\":675},{\"@type\":\"WebPage\",\"@id\":\"http:\/\/www.produccion.jujuy.gob.ar\/?p=2471#webpage\",\"url\":\"http:\/\/www.produccion.jujuy.gob.ar\/?p=2471\",\"name\":\"Entrega de fondos PROCANOR para el desarrollo de productos andinos - Ministerio de Desarrollo Econ\u00f3mico y Producci\u00f3n\",\"isPartOf\":{\"@id\":\"http:\/\/www.produccion.jujuy.gob.ar\/#website\"},\"primaryImageOfPage\":{\"@id\":\"http:\/\/www.produccion.jujuy.gob.ar\/?p=2471#primaryimage\"},\"datePublished\":\"2022-02-10T12:29:47+00:00\",\"dateModified\":\"2022-02-10T12:29:49+00:00\",\"author\":{\"@id\":\"http:\/\/www.produccion.jujuy.gob.ar\/#\/schema\/person\/4b22a01d694f4bbb88e5d19dca067d1d\"},\"breadcrumb\":{\"@id\":\"http:\/\/www.produccion.jujuy.gob.ar\/?p=2471#breadcrumb\"},\"inLanguage\":\"es\",\"potentialAction\":[{\"@type\":\"ReadAction\",\"target\":[\"http:\/\/www.produccion.jujuy.gob.ar\/?p=2471\"]}]},{\"@type\":\"BreadcrumbList\",\"@id\":\"http:\/\/www.produccion.jujuy.gob.ar\/?p=2471#breadcrumb\",\"itemListElement\":[{\"@type\":\"ListItem\",\"position\":1,\"name\":\"Portada\",\"item\":\"http:\/\/www.produccion.jujuy.gob.ar\/\"},{\"@type\":\"ListItem\",\"position\":2,\"name\":\"Entrega de fondos PROCANOR para el desarrollo de productos andinos\"}]},{\"@type\":\"Person\",\"@id\":\"http:\/\/www.produccion.jujuy.gob.ar\/#\/schema\/person\/4b22a01d694f4bbb88e5d19dca067d1d\",\"name\":\"prensa prensa\",\"image\":{\"@type\":\"ImageObject\",\"@id\":\"http:\/\/www.produccion.jujuy.gob.ar\/#personlogo\",\"inLanguage\":\"es\",\"url\":\"http:\/\/2.gravatar.com\/avatar\/869d66de5c875fb1c978e5ff7404f639?s=96&d=mm&r=g\",\"contentUrl\":\"http:\/\/2.gravatar.com\/avatar\/869d66de5c875fb1c978e5ff7404f639?s=96&d=mm&r=g\",\"caption\":\"prensa prensa\"},\"url\":\"http:\/\/www.produccion.jujuy.gob.ar\/?author=2\"}]}<\/script>\n<!-- \/ Yoast SEO plugin. -->","yoast_head_json":{"title":"Entrega de fondos PROCANOR para el desarrollo de productos andinos - Ministerio de Desarrollo Econ\u00f3mico y Producci\u00f3n","robots":{"index":"index","follow":"follow","max-snippet":"max-snippet:-1","max-image-preview":"max-image-preview:large","max-video-preview":"max-video-preview:-1"},"canonical":"http:\/\/www.produccion.jujuy.gob.ar\/?p=2471","og_locale":"es_ES","og_type":"article","og_title":"Entrega de fondos PROCANOR para el desarrollo de productos andinos - Ministerio de Desarrollo Econ\u00f3mico y Producci\u00f3n","og_description":"El Gobernador de la Provincia hizo entrega en Yavi Chico de certificados de financiamiento en el marco del proyecto PROCANOR. Los recursos ser\u00e1n volcados a la adquisici\u00f3n de un tractor e implementosLeer m\u00e1s...","og_url":"http:\/\/www.produccion.jujuy.gob.ar\/?p=2471","og_site_name":"Ministerio de Desarrollo Econ\u00f3mico y Producci\u00f3n","article_published_time":"2022-02-10T12:29:47+00:00","article_modified_time":"2022-02-10T12:29:49+00:00","og_image":[{"width":1012,"height":675,"url":"http:\/\/www.produccion.jujuy.gob.ar\/wp-content\/uploads\/2022\/02\/subsidio-yavi-chico-1.jpg","type":"image\/jpeg"}],"twitter_card":"summary_large_image","twitter_misc":{"Escrito por":"prensa prensa","Tiempo de lectura":"2 minutos"},"schema":{"@context":"https:\/\/schema.org","@graph":[{"@type":"WebSite","@id":"http:\/\/www.produccion.jujuy.gob.ar\/#website","url":"http:\/\/www.produccion.jujuy.gob.ar\/","name":"Ministerio de Desarrollo Econ\u00f3mico y Producci\u00f3n","description":"","potentialAction":[{"@type":"SearchAction","target":{"@type":"EntryPoint","urlTemplate":"http:\/\/www.produccion.jujuy.gob.ar\/?s={search_term_string}"},"query-input":"required name=search_term_string"}],"inLanguage":"es"},{"@type":"ImageObject","@id":"http:\/\/www.produccion.jujuy.gob.ar\/?p=2471#primaryimage","inLanguage":"es","url":"http:\/\/www.produccion.jujuy.gob.ar\/wp-content\/uploads\/2022\/02\/subsidio-yavi-chico-1.jpg","contentUrl":"http:\/\/www.produccion.jujuy.gob.ar\/wp-content\/uploads\/2022\/02\/subsidio-yavi-chico-1.jpg","width":1012,"height":675},{"@type":"WebPage","@id":"http:\/\/www.produccion.jujuy.gob.ar\/?p=2471#webpage","url":"http:\/\/www.produccion.jujuy.gob.ar\/?p=2471","name":"Entrega de fondos PROCANOR para el desarrollo de productos andinos - Ministerio de Desarrollo Econ\u00f3mico y Producci\u00f3n","isPartOf":{"@id":"http:\/\/www.produccion.jujuy.gob.ar\/#website"},"primaryImageOfPage":{"@id":"http:\/\/www.produccion.jujuy.gob.ar\/?p=2471#primaryimage"},"datePublished":"2022-02-10T12:29:47+00:00","dateModified":"2022-02-10T12:29:49+00:00","author":{"@id":"http:\/\/www.produccion.jujuy.gob.ar\/#\/schema\/person\/4b22a01d694f4bbb88e5d19dca067d1d"},"breadcrumb":{"@id":"http:\/\/www.produccion.jujuy.gob.ar\/?p=2471#breadcrumb"},"inLanguage":"es","potentialAction":[{"@type":"ReadAction","target":["http:\/\/www.produccion.jujuy.gob.ar\/?p=2471"]}]},{"@type":"BreadcrumbList","@id":"http:\/\/www.produccion.jujuy.gob.ar\/?p=2471#breadcrumb","itemListElement":[{"@type":"ListItem","position":1,"name":"Portada","item":"http:\/\/www.produccion.jujuy.gob.ar\/"},{"@type":"ListItem","position":2,"name":"Entrega de fondos PROCANOR para el desarrollo de productos andinos"}]},{"@type":"Person","@id":"http:\/\/www.produccion.jujuy.gob.ar\/#\/schema\/person\/4b22a01d694f4bbb88e5d19dca067d1d","name":"prensa prensa","image":{"@type":"ImageObject","@id":"http:\/\/www.produccion.jujuy.gob.ar\/#personlogo","inLanguage":"es","url":"http:\/\/2.gravatar.com\/avatar\/869d66de5c875fb1c978e5ff7404f639?s=96&d=mm&r=g","contentUrl":"http:\/\/2.gravatar.com\/avatar\/869d66de5c875fb1c978e5ff7404f639?s=96&d=mm&r=g","caption":"prensa prensa"},"url":"http:\/\/www.produccion.jujuy.gob.ar\/?author=2"}]}},"_links":{"self":[{"href":"http:\/\/www.produccion.jujuy.gob.ar\/index.php?rest_route=\/wp\/v2\/posts\/2471"}],"collection":[{"href":"http:\/\/www.produccion.jujuy.gob.ar\/index.php?rest_route=\/wp\/v2\/posts"}],"about":[{"href":"http:\/\/www.produccion.jujuy.gob.ar\/index.php?rest_route=\/wp\/v2\/types\/post"}],"author":[{"embeddable":true,"href":"http:\/\/www.produccion.jujuy.gob.ar\/index.php?rest_route=\/wp\/v2\/users\/2"}],"replies":[{"embeddable":true,"href":"http:\/\/www.produccion.jujuy.gob.ar\/index.php?rest_route=%2Fwp%2Fv2%2Fcomments&post=2471"}],"version-history":[{"count":1,"href":"http:\/\/www.produccion.jujuy.gob.ar\/index.php?rest_route=\/wp\/v2\/posts\/2471\/revisions"}],"predecessor-version":[{"id":2474,"href":"http:\/\/www.produccion.jujuy.gob.ar\/index.php?rest_route=\/wp\/v2\/posts\/2471\/revisions\/2474"}],"wp:featuredmedia":[{"embeddable":true,"href":"http:\/\/www.produccion.jujuy.gob.ar\/index.php?rest_route=\/wp\/v2\/media\/2472"}],"wp:attachment":[{"href":"http:\/\/www.produccion.jujuy.gob.ar\/index.php?rest_route=%2Fwp%2Fv2%2Fmedia&parent=2471"}],"wp:term":[{"taxonomy":"category","embeddable":true,"href":"http:\/\/www.produccion.jujuy.gob.ar\/index.php?rest_route=%2Fwp%2Fv2%2Fcategories&post=2471"},{"taxonomy":"post_tag","embeddable":true,"href":"http:\/\/www.produccion.jujuy.gob.ar\/index.php?rest_route=%2Fwp%2Fv2%2Ftags&post=2471"}],"curies":[{"name":"wp","href":"https:\/\/api.w.org\/{rel}","templated":true}]}}