{"id":2487,"date":"2022-02-10T12:38:42","date_gmt":"2022-02-10T12:38:42","guid":{"rendered":"http:\/\/www.produccion.jujuy.gob.ar\/?p=2487"},"modified":"2022-02-10T12:38:44","modified_gmt":"2022-02-10T12:38:44","slug":"morales-inauguro-el-mercado-de-puesto-del-marques-y-entrego-maquinaria-para-el-condor","status":"publish","type":"post","link":"http:\/\/www.produccion.jujuy.gob.ar\/?p=2487","title":{"rendered":"Morales inaugur\u00f3 el mercado de Puesto del Marqu\u00e9s y entreg\u00f3 maquinaria para El C\u00f3ndor"},"content":{"rendered":"\n<p>El Gobernador de la Provincia visit\u00f3 la localidad de Puesto del Marqu\u00e9s, donde inaugur\u00f3 el mercado de quesos, carnes y otros productos locales. Asimismo, hizo entrega de un tractor a la comunidad de El C\u00f3ndor.<\/p>\n\n\n\n<p>Gerardo Morales encabez\u00f3 el acto inaugural del mercado de Puesto del Marqu\u00e9s, espacio que adem\u00e1s de reivindicar las capacidades econ\u00f3micas de la comunidad, facilitar\u00e1 y potenciar\u00e1 la comercializaci\u00f3n de productos locales.<\/p>\n\n\n\n<p>En este marco, tambi\u00e9n hizo entrega de un tractor para El C\u00f3ndor, el cual ser\u00e1 destinado al fortalecimiento de los procesos econ\u00f3micos de los peque\u00f1os productores de dicha comunidad.<\/p>\n\n\n\n<p>En la oportunidad, anunci\u00f3 la reactivaci\u00f3n de obras de adoquinado y se comprometi\u00f3 a abordar alternativas para completar la construcci\u00f3n de la hoster\u00eda del lugar.<\/p>\n\n\n\n<p>Asimismo, anticip\u00f3 que en breve pondr\u00e1 en marcha la construcci\u00f3n del edificio para el Secundario N\u00ba 2 de Puesto del Marqu\u00e9s, proyecto adjudicado a la empresa Romano Construcciones. Adem\u00e1s, garantiz\u00f3 que en el curso del presente a\u00f1o licitar\u00e1 las obras de refacci\u00f3n integral de la sede correspondiente a la escuela primaria, en el marco del Programa de Mejora del Acceso y la Calidad Educativa (PROMACE) que se financia y ejecuta con la renta de la planta solar Cauchari. Acompa\u00f1aron al gobernador, el ministro de Desarrollo Econ\u00f3mico y Producci\u00f3n, Exequiel Lello Ivacevich; la secretaria de Desarrollo Productivo, Patricia R\u00edos; el secretario de Deportes, Hugo Flores; la secretaria de Gesti\u00f3n de la Gobernaci\u00f3n, Anal\u00eda Ru\u00edz; el comisionado de Puesto del Marqu\u00e9s, Ariel Cussi; el comisionado de El C\u00f3ndor, Ren\u00e9 Emilio Gim\u00e9nez; el titular del Bloque de Diputados Provinciales de Cambia Jujuy, Alberto Bernis; y la diputada Alejandra El\u00edas; entre otros funcionarios. <\/p>\n\n\n\n<p>\u201cLa inauguraci\u00f3n del mercado es un logro significativo para el pueblo, ya que se constituye en un polo comercial y productivo de crecimiento\u201d, sostuvo Morales. Continu\u00f3 se\u00f1alando, que \u201cesto se hizo con regal\u00edas mineras y el esfuerzo de la Comisi\u00f3n Municipal\u201d para luego subrayar que \u201cesta es la manera de trabajar coordinadamente por todos los juje\u00f1os\u201d. Destac\u00f3 \u201cla importancia del nuevo espacio\u201d con miras a \u201cfortalecer la producci\u00f3n y realzar el trabajo genuino de cada productor de queso, carne y hasta hortalizas\u201d, puntualiz\u00f3 el mandatario. L<\/p>\n\n\n\n<p>ello Ivacevich, por su parte, plante\u00f3 la importancia de \u201cfortalecer la actividad del campo y, al mismo tiempo, facilitar su comercializaci\u00f3n\u201d para que las comunidades \u201ctengan m\u00e1s oportunidades de desarrollo\u201d. \u201cJujuy necesita de sectores productivos fuertes, por eso seguiremos acompa\u00f1ando estos emprendimientos, velando por los intereses de los productores\u201d, complet\u00f3 el ministro. Cussi, en otro orden, dijo estar \u201cinfinitamente agradecido al gobernador Morales y a su equipo de trabajo\u201d por la atenci\u00f3n recibida, lo que lo impulsa a \u201cseguir gestionando m\u00e1s proyectos para la comunidad\u201d.<\/p>\n\n\n\n<p> Gim\u00e9nez, en tanto, expres\u00f3 que \u201cpara los condore\u00f1os esta maquinaria representa una gran alegr\u00eda, ya que fue solicitada durante la anterior gesti\u00f3n de gobierno y nunca tuvimos respuesta favorable\u201d. \u201cEs una herramienta de alto valor para los productores, ya que garantiza que estos puedan seguir trabajando con mejores condiciones\u201d, asever\u00f3.<\/p>\n\n\n\n<figure class=\"wp-block-image size-large\"><img loading=\"lazy\" width=\"1024\" height=\"680\" src=\"http:\/\/www.produccion.jujuy.gob.ar\/wp-content\/uploads\/2022\/02\/thumbnail_foto-gm-puesto-del-marquez-4jpg-1024x680.jpg\" alt=\"\" class=\"wp-image-2489\" srcset=\"http:\/\/www.produccion.jujuy.gob.ar\/wp-content\/uploads\/2022\/02\/thumbnail_foto-gm-puesto-del-marquez-4jpg-1024x680.jpg 1024w, http:\/\/www.produccion.jujuy.gob.ar\/wp-content\/uploads\/2022\/02\/thumbnail_foto-gm-puesto-del-marquez-4jpg-300x199.jpg 300w, http:\/\/www.produccion.jujuy.gob.ar\/wp-content\/uploads\/2022\/02\/thumbnail_foto-gm-puesto-del-marquez-4jpg-768x510.jpg 768w, http:\/\/www.produccion.jujuy.gob.ar\/wp-content\/uploads\/2022\/02\/thumbnail_foto-gm-puesto-del-marquez-4jpg-272x182.jpg 272w, http:\/\/www.produccion.jujuy.gob.ar\/wp-content\/uploads\/2022\/02\/thumbnail_foto-gm-puesto-del-marquez-4jpg.jpg 1200w\" sizes=\"(max-width: 1024px) 100vw, 1024px\" \/><\/figure>\n","protected":false},"excerpt":{"rendered":"<p>El Gobernador de la Provincia visit\u00f3 la localidad de Puesto del Marqu\u00e9s, donde inaugur\u00f3 el mercado de quesos, carnes y otros productos locales. Asimismo, hizo entrega de un tractor a la comunidad<a class=\"moretag\" href=\"http:\/\/www.produccion.jujuy.gob.ar\/?p=2487\">Leer m\u00e1s&#8230;<\/a><\/p>\n","protected":false},"author":2,"featured_media":2488,"comment_status":"closed","ping_status":"open","sticky":false,"template":"","format":"standard","meta":[],"categories":[2],"tags":[],"yoast_head":"<!-- This site is optimized with the Yoast SEO plugin v18.3 - https:\/\/yoast.com\/wordpress\/plugins\/seo\/ -->\n<title>Morales inaugur\u00f3 el mercado de Puesto del Marqu\u00e9s y entreg\u00f3 maquinaria para El C\u00f3ndor - Ministerio de Desarrollo Econ\u00f3mico y Producci\u00f3n<\/title>\n<meta name=\"robots\" content=\"index, follow, max-snippet:-1, max-image-preview:large, max-video-preview:-1\" \/>\n<link rel=\"canonical\" href=\"http:\/\/www.produccion.jujuy.gob.ar\/?p=2487\" \/>\n<meta property=\"og:locale\" content=\"es_ES\" \/>\n<meta property=\"og:type\" content=\"article\" \/>\n<meta property=\"og:title\" content=\"Morales inaugur\u00f3 el mercado de Puesto del Marqu\u00e9s y entreg\u00f3 maquinaria para El C\u00f3ndor - Ministerio de Desarrollo Econ\u00f3mico y Producci\u00f3n\" \/>\n<meta property=\"og:description\" content=\"El Gobernador de la Provincia visit\u00f3 la localidad de Puesto del Marqu\u00e9s, donde inaugur\u00f3 el mercado de quesos, carnes y otros productos locales. Asimismo, hizo entrega de un tractor a la comunidadLeer m\u00e1s...\" \/>\n<meta property=\"og:url\" content=\"http:\/\/www.produccion.jujuy.gob.ar\/?p=2487\" \/>\n<meta property=\"og:site_name\" content=\"Ministerio de Desarrollo Econ\u00f3mico y Producci\u00f3n\" \/>\n<meta property=\"article:published_time\" content=\"2022-02-10T12:38:42+00:00\" \/>\n<meta property=\"article:modified_time\" content=\"2022-02-10T12:38:44+00:00\" \/>\n<meta property=\"og:image\" content=\"http:\/\/www.produccion.jujuy.gob.ar\/wp-content\/uploads\/2022\/02\/thumbnail_foto-gm-puesto-del-marquez-5jpg.jpg\" \/>\n\t<meta property=\"og:image:width\" content=\"1200\" \/>\n\t<meta property=\"og:image:height\" content=\"797\" \/>\n\t<meta property=\"og:image:type\" content=\"image\/jpeg\" \/>\n<meta name=\"twitter:card\" content=\"summary_large_image\" \/>\n<meta name=\"twitter:label1\" content=\"Escrito por\" \/>\n\t<meta name=\"twitter:data1\" content=\"prensa prensa\" \/>\n\t<meta name=\"twitter:label2\" content=\"Tiempo de lectura\" \/>\n\t<meta name=\"twitter:data2\" content=\"3 minutos\" \/>\n<script type=\"application\/ld+json\" class=\"yoast-schema-graph\">{\"@context\":\"https:\/\/schema.org\",\"@graph\":[{\"@type\":\"WebSite\",\"@id\":\"http:\/\/www.produccion.jujuy.gob.ar\/#website\",\"url\":\"http:\/\/www.produccion.jujuy.gob.ar\/\",\"name\":\"Ministerio de Desarrollo Econ\u00f3mico y Producci\u00f3n\",\"description\":\"\",\"potentialAction\":[{\"@type\":\"SearchAction\",\"target\":{\"@type\":\"EntryPoint\",\"urlTemplate\":\"http:\/\/www.produccion.jujuy.gob.ar\/?s={search_term_string}\"},\"query-input\":\"required name=search_term_string\"}],\"inLanguage\":\"es\"},{\"@type\":\"ImageObject\",\"@id\":\"http:\/\/www.produccion.jujuy.gob.ar\/?p=2487#primaryimage\",\"inLanguage\":\"es\",\"url\":\"http:\/\/www.produccion.jujuy.gob.ar\/wp-content\/uploads\/2022\/02\/thumbnail_foto-gm-puesto-del-marquez-5jpg.jpg\",\"contentUrl\":\"http:\/\/www.produccion.jujuy.gob.ar\/wp-content\/uploads\/2022\/02\/thumbnail_foto-gm-puesto-del-marquez-5jpg.jpg\",\"width\":1200,\"height\":797},{\"@type\":\"WebPage\",\"@id\":\"http:\/\/www.produccion.jujuy.gob.ar\/?p=2487#webpage\",\"url\":\"http:\/\/www.produccion.jujuy.gob.ar\/?p=2487\",\"name\":\"Morales inaugur\u00f3 el mercado de Puesto del Marqu\u00e9s y entreg\u00f3 maquinaria para El C\u00f3ndor - Ministerio de Desarrollo Econ\u00f3mico y Producci\u00f3n\",\"isPartOf\":{\"@id\":\"http:\/\/www.produccion.jujuy.gob.ar\/#website\"},\"primaryImageOfPage\":{\"@id\":\"http:\/\/www.produccion.jujuy.gob.ar\/?p=2487#primaryimage\"},\"datePublished\":\"2022-02-10T12:38:42+00:00\",\"dateModified\":\"2022-02-10T12:38:44+00:00\",\"author\":{\"@id\":\"http:\/\/www.produccion.jujuy.gob.ar\/#\/schema\/person\/4b22a01d694f4bbb88e5d19dca067d1d\"},\"breadcrumb\":{\"@id\":\"http:\/\/www.produccion.jujuy.gob.ar\/?p=2487#breadcrumb\"},\"inLanguage\":\"es\",\"potentialAction\":[{\"@type\":\"ReadAction\",\"target\":[\"http:\/\/www.produccion.jujuy.gob.ar\/?p=2487\"]}]},{\"@type\":\"BreadcrumbList\",\"@id\":\"http:\/\/www.produccion.jujuy.gob.ar\/?p=2487#breadcrumb\",\"itemListElement\":[{\"@type\":\"ListItem\",\"position\":1,\"name\":\"Portada\",\"item\":\"http:\/\/www.produccion.jujuy.gob.ar\/\"},{\"@type\":\"ListItem\",\"position\":2,\"name\":\"Morales inaugur\u00f3 el mercado de Puesto del Marqu\u00e9s y entreg\u00f3 maquinaria para El C\u00f3ndor\"}]},{\"@type\":\"Person\",\"@id\":\"http:\/\/www.produccion.jujuy.gob.ar\/#\/schema\/person\/4b22a01d694f4bbb88e5d19dca067d1d\",\"name\":\"prensa prensa\",\"image\":{\"@type\":\"ImageObject\",\"@id\":\"http:\/\/www.produccion.jujuy.gob.ar\/#personlogo\",\"inLanguage\":\"es\",\"url\":\"http:\/\/2.gravatar.com\/avatar\/869d66de5c875fb1c978e5ff7404f639?s=96&d=mm&r=g\",\"contentUrl\":\"http:\/\/2.gravatar.com\/avatar\/869d66de5c875fb1c978e5ff7404f639?s=96&d=mm&r=g\",\"caption\":\"prensa prensa\"},\"url\":\"http:\/\/www.produccion.jujuy.gob.ar\/?author=2\"}]}<\/script>\n<!-- \/ Yoast SEO plugin. -->","yoast_head_json":{"title":"Morales inaugur\u00f3 el mercado de Puesto del Marqu\u00e9s y entreg\u00f3 maquinaria para El C\u00f3ndor - Ministerio de Desarrollo Econ\u00f3mico y Producci\u00f3n","robots":{"index":"index","follow":"follow","max-snippet":"max-snippet:-1","max-image-preview":"max-image-preview:large","max-video-preview":"max-video-preview:-1"},"canonical":"http:\/\/www.produccion.jujuy.gob.ar\/?p=2487","og_locale":"es_ES","og_type":"article","og_title":"Morales inaugur\u00f3 el mercado de Puesto del Marqu\u00e9s y entreg\u00f3 maquinaria para El C\u00f3ndor - Ministerio de Desarrollo Econ\u00f3mico y Producci\u00f3n","og_description":"El Gobernador de la Provincia visit\u00f3 la localidad de Puesto del Marqu\u00e9s, donde inaugur\u00f3 el mercado de quesos, carnes y otros productos locales. Asimismo, hizo entrega de un tractor a la comunidadLeer m\u00e1s...","og_url":"http:\/\/www.produccion.jujuy.gob.ar\/?p=2487","og_site_name":"Ministerio de Desarrollo Econ\u00f3mico y Producci\u00f3n","article_published_time":"2022-02-10T12:38:42+00:00","article_modified_time":"2022-02-10T12:38:44+00:00","og_image":[{"width":1200,"height":797,"url":"http:\/\/www.produccion.jujuy.gob.ar\/wp-content\/uploads\/2022\/02\/thumbnail_foto-gm-puesto-del-marquez-5jpg.jpg","type":"image\/jpeg"}],"twitter_card":"summary_large_image","twitter_misc":{"Escrito por":"prensa prensa","Tiempo de lectura":"3 minutos"},"schema":{"@context":"https:\/\/schema.org","@graph":[{"@type":"WebSite","@id":"http:\/\/www.produccion.jujuy.gob.ar\/#website","url":"http:\/\/www.produccion.jujuy.gob.ar\/","name":"Ministerio de Desarrollo Econ\u00f3mico y Producci\u00f3n","description":"","potentialAction":[{"@type":"SearchAction","target":{"@type":"EntryPoint","urlTemplate":"http:\/\/www.produccion.jujuy.gob.ar\/?s={search_term_string}"},"query-input":"required name=search_term_string"}],"inLanguage":"es"},{"@type":"ImageObject","@id":"http:\/\/www.produccion.jujuy.gob.ar\/?p=2487#primaryimage","inLanguage":"es","url":"http:\/\/www.produccion.jujuy.gob.ar\/wp-content\/uploads\/2022\/02\/thumbnail_foto-gm-puesto-del-marquez-5jpg.jpg","contentUrl":"http:\/\/www.produccion.jujuy.gob.ar\/wp-content\/uploads\/2022\/02\/thumbnail_foto-gm-puesto-del-marquez-5jpg.jpg","width":1200,"height":797},{"@type":"WebPage","@id":"http:\/\/www.produccion.jujuy.gob.ar\/?p=2487#webpage","url":"http:\/\/www.produccion.jujuy.gob.ar\/?p=2487","name":"Morales inaugur\u00f3 el mercado de Puesto del Marqu\u00e9s y entreg\u00f3 maquinaria para El C\u00f3ndor - Ministerio de Desarrollo Econ\u00f3mico y Producci\u00f3n","isPartOf":{"@id":"http:\/\/www.produccion.jujuy.gob.ar\/#website"},"primaryImageOfPage":{"@id":"http:\/\/www.produccion.jujuy.gob.ar\/?p=2487#primaryimage"},"datePublished":"2022-02-10T12:38:42+00:00","dateModified":"2022-02-10T12:38:44+00:00","author":{"@id":"http:\/\/www.produccion.jujuy.gob.ar\/#\/schema\/person\/4b22a01d694f4bbb88e5d19dca067d1d"},"breadcrumb":{"@id":"http:\/\/www.produccion.jujuy.gob.ar\/?p=2487#breadcrumb"},"inLanguage":"es","potentialAction":[{"@type":"ReadAction","target":["http:\/\/www.produccion.jujuy.gob.ar\/?p=2487"]}]},{"@type":"BreadcrumbList","@id":"http:\/\/www.produccion.jujuy.gob.ar\/?p=2487#breadcrumb","itemListElement":[{"@type":"ListItem","position":1,"name":"Portada","item":"http:\/\/www.produccion.jujuy.gob.ar\/"},{"@type":"ListItem","position":2,"name":"Morales inaugur\u00f3 el mercado de Puesto del Marqu\u00e9s y entreg\u00f3 maquinaria para El C\u00f3ndor"}]},{"@type":"Person","@id":"http:\/\/www.produccion.jujuy.gob.ar\/#\/schema\/person\/4b22a01d694f4bbb88e5d19dca067d1d","name":"prensa prensa","image":{"@type":"ImageObject","@id":"http:\/\/www.produccion.jujuy.gob.ar\/#personlogo","inLanguage":"es","url":"http:\/\/2.gravatar.com\/avatar\/869d66de5c875fb1c978e5ff7404f639?s=96&d=mm&r=g","contentUrl":"http:\/\/2.gravatar.com\/avatar\/869d66de5c875fb1c978e5ff7404f639?s=96&d=mm&r=g","caption":"prensa prensa"},"url":"http:\/\/www.produccion.jujuy.gob.ar\/?author=2"}]}},"_links":{"self":[{"href":"http:\/\/www.produccion.jujuy.gob.ar\/index.php?rest_route=\/wp\/v2\/posts\/2487"}],"collection":[{"href":"http:\/\/www.produccion.jujuy.gob.ar\/index.php?rest_route=\/wp\/v2\/posts"}],"about":[{"href":"http:\/\/www.produccion.jujuy.gob.ar\/index.php?rest_route=\/wp\/v2\/types\/post"}],"author":[{"embeddable":true,"href":"http:\/\/www.produccion.jujuy.gob.ar\/index.php?rest_route=\/wp\/v2\/users\/2"}],"replies":[{"embeddable":true,"href":"http:\/\/www.produccion.jujuy.gob.ar\/index.php?rest_route=%2Fwp%2Fv2%2Fcomments&post=2487"}],"version-history":[{"count":1,"href":"http:\/\/www.produccion.jujuy.gob.ar\/index.php?rest_route=\/wp\/v2\/posts\/2487\/revisions"}],"predecessor-version":[{"id":2490,"href":"http:\/\/www.produccion.jujuy.gob.ar\/index.php?rest_route=\/wp\/v2\/posts\/2487\/revisions\/2490"}],"wp:featuredmedia":[{"embeddable":true,"href":"http:\/\/www.produccion.jujuy.gob.ar\/index.php?rest_route=\/wp\/v2\/media\/2488"}],"wp:attachment":[{"href":"http:\/\/www.produccion.jujuy.gob.ar\/index.php?rest_route=%2Fwp%2Fv2%2Fmedia&parent=2487"}],"wp:term":[{"taxonomy":"category","embeddable":true,"href":"http:\/\/www.produccion.jujuy.gob.ar\/index.php?rest_route=%2Fwp%2Fv2%2Fcategories&post=2487"},{"taxonomy":"post_tag","embeddable":true,"href":"http:\/\/www.produccion.jujuy.gob.ar\/index.php?rest_route=%2Fwp%2Fv2%2Ftags&post=2487"}],"curies":[{"name":"wp","href":"https:\/\/api.w.org\/{rel}","templated":true}]}}