{"id":2491,"date":"2022-02-10T12:39:49","date_gmt":"2022-02-10T12:39:49","guid":{"rendered":"http:\/\/www.produccion.jujuy.gob.ar\/?p=2491"},"modified":"2022-02-10T12:39:51","modified_gmt":"2022-02-10T12:39:51","slug":"impulso-al-desarrollo-de-cultivos-andinos-en-rinconada","status":"publish","type":"post","link":"http:\/\/www.produccion.jujuy.gob.ar\/?p=2491","title":{"rendered":"Impulso al Desarrollo de Cultivos Andinos en Rinconada"},"content":{"rendered":"\n<p>Gerardo Morales encabez\u00f3 en Ci\u00e9naga Grande el acto de entrega de fondos de PROCANOR, operatoria dependiente del Ministerio de Desarrollo Econ\u00f3mico y Producci\u00f3n, por la suma de $13.207.052,07 a ocho comunidades del Departamento Rinconada. Dicha suma ser\u00e1 entregada en dos etapas, una de $7.368.950,00 y el desembolso restante de $5.838.102,07.<\/p>\n\n\n\n<p>El Programa de Inserci\u00f3n Econ\u00f3mica de los Productores Familiares del Norte Argentino (PROCANOR) beneficia 24 familias que residen en la zona comprendida por las localidades de Ci\u00e9naga Grande, Rinconada, Lagunillas de Pozuelos, Pozuelos, Carahuasi, Pan de Az\u00facar y Santo Domingo.<\/p>\n\n\n\n<p>Cabe destacar, que para la ejecuci\u00f3n de este programa la Provincia firm\u00f3 un convenio con Naci\u00f3n, por el cual el Gobierno de Jujuy asume el endeudamiento para financiar los proyectos.<\/p>\n\n\n\n<p>En la oportunidad, el gobernador se\u00f1al\u00f3 que \u201ces muy importante empoderar y fortalecer a nuestros productores, para eso gestamos PROCANOR que demanda un significativo esfuerzo del Gobierno de la Provincia que paga esta l\u00ednea de cr\u00e9dito\u201d.<\/p>\n\n\n\n<p>Adem\u00e1s, plante\u00f3 el valor de \u201cdesarrollar diversos proyectos en toda la provincia, cuya base la construyen y definen los propios productores, es decir no son proyectos impuestos, sino impulsados por los productores a partir de su iniciativa\u201d.<\/p>\n\n\n\n<p>\u201cHoy damos un paso m\u00e1s adelante y seguiremos acompa\u00f1ando a los productores con m\u00e1s financiamiento\u201d, sostuvo Morales y destac\u00f3 que \u201cesto reafirma el principio de descentralizaci\u00f3n, de manera que el Estado no maneje todo, sino que sean los productores los due\u00f1os y responsables de sus decisiones\u201d.<\/p>\n\n\n\n<p>A su turno, el ministro de Desarrollo Econ\u00f3mico y Producci\u00f3n, Exequiel Lello Ivacevich, indic\u00f3 que \u201csabemos que en esta zona los productores tienen que esperar para hacer uso de la maquinaria, pero ahora la situaci\u00f3n cambi\u00f3, dotando de independencia a cada zona productiva\u201d y recalc\u00f3 que \u201cnuestros productores tienen la posibilidad de acceder a maquinaria dentro de tiempos y plazos convenientes\u201d.<\/p>\n\n\n\n<p>Con estas acciones se impulsa la instalaci\u00f3n de un Centro de Servicio de Maquinaria Agr\u00edcola para la producci\u00f3n de papa y quinua. Esto permitir\u00e1 ampliar la superficie de siembra unas 65 hect\u00e1reas m\u00e1s de papa, quinua y adem\u00e1s pasto llor\u00f3n. Esta nueva unidad de servicios agr\u00edcolas permitir\u00e1 atender la principal limitante para el incremento de la superficie sembrada que es la dificultad para conseguir servicios de preparaci\u00f3n de suelo, siembra y cosecha en momentos oportunos.<\/p>\n\n\n\n<p>Ahora se podr\u00e1n avanzar en la compra de un tractor, cincel, rastra, cultivador, acoplado rural, tanque de agua de 3000 litros, sembradora de papa, cosechadora de papa, sembradora de grano fino, trilladora, clasificador de quinua, escarificadora. Todo complementado con la asistencia t\u00e9cnica y capacitaci\u00f3n brindada desde la Direcci\u00f3n de Desarrollo Agr\u00edcola y Forestal.<\/p>\n\n\n\n<p>Programa provincial de descentralizaci\u00f3n coordinada del servicio de maquinaria agr\u00edcola para productores de la agricultura familiar:<\/p>\n\n\n\n<p>En la oportunidad qued\u00f3 enmarcado el Programa Provincial de Descentralizaci\u00f3n Coordinada del servicio de Maquinaria Agr\u00edcola para productores de la agricultura familiar, mediante la firma del Convenio Marco de cooperaci\u00f3n y asistencia, entre el Ministerio de Desarrollo Econ\u00f3mico y Producci\u00f3n y la Asociaci\u00f3n Civil de Productores Agroganaderos de Rinconada-Pachamama.<\/p>\n\n\n\n<p>&nbsp;Este documento permitir\u00e1 afianzar la sostenibilidad y un mayor aprovechamiento de los proyectos de maquinaria financiados por PROCANOR. Para ello, el Ministerio, a trav\u00e9s de la Direcci\u00f3n Provincial de Desarrollo Agr\u00edcola y Forestal, aportar\u00e1 asistencia y asesoramiento t\u00e9cnico a los productores de la zona y las diferentes organizaciones brindaran servicios con la maquinaria obtenida a terceros a solicitud de la Direcci\u00f3n Provincial de Desarrollo Agr\u00edcola y Forestal, logrando de esta manera descentralizar parte de la demanda de productores de diferentes zonas de la provincia y brindar un mejor servicio de laboreo de suelo.<\/p>\n","protected":false},"excerpt":{"rendered":"<p>Gerardo Morales encabez\u00f3 en Ci\u00e9naga Grande el acto de entrega de fondos de PROCANOR, operatoria dependiente del Ministerio de Desarrollo Econ\u00f3mico y Producci\u00f3n, por la suma de $13.207.052,07 a ocho comunidades del<a class=\"moretag\" href=\"http:\/\/www.produccion.jujuy.gob.ar\/?p=2491\">Leer m\u00e1s&#8230;<\/a><\/p>\n","protected":false},"author":2,"featured_media":2492,"comment_status":"closed","ping_status":"open","sticky":false,"template":"","format":"standard","meta":[],"categories":[1],"tags":[],"yoast_head":"<!-- This site is optimized with the Yoast SEO plugin v18.3 - https:\/\/yoast.com\/wordpress\/plugins\/seo\/ -->\n<title>Impulso al Desarrollo de Cultivos Andinos en Rinconada - Ministerio de Desarrollo Econ\u00f3mico y Producci\u00f3n<\/title>\n<meta name=\"robots\" content=\"index, follow, max-snippet:-1, max-image-preview:large, max-video-preview:-1\" \/>\n<link rel=\"canonical\" href=\"http:\/\/www.produccion.jujuy.gob.ar\/?p=2491\" \/>\n<meta property=\"og:locale\" content=\"es_ES\" \/>\n<meta property=\"og:type\" content=\"article\" \/>\n<meta property=\"og:title\" content=\"Impulso al Desarrollo de Cultivos Andinos en Rinconada - Ministerio de Desarrollo Econ\u00f3mico y Producci\u00f3n\" \/>\n<meta property=\"og:description\" content=\"Gerardo Morales encabez\u00f3 en Ci\u00e9naga Grande el acto de entrega de fondos de PROCANOR, operatoria dependiente del Ministerio de Desarrollo Econ\u00f3mico y Producci\u00f3n, por la suma de $13.207.052,07 a ocho comunidades delLeer m\u00e1s...\" \/>\n<meta property=\"og:url\" content=\"http:\/\/www.produccion.jujuy.gob.ar\/?p=2491\" \/>\n<meta property=\"og:site_name\" content=\"Ministerio de Desarrollo Econ\u00f3mico y Producci\u00f3n\" \/>\n<meta property=\"article:published_time\" content=\"2022-02-10T12:39:49+00:00\" \/>\n<meta property=\"article:modified_time\" content=\"2022-02-10T12:39:51+00:00\" \/>\n<meta property=\"og:image\" content=\"http:\/\/www.produccion.jujuy.gob.ar\/wp-content\/uploads\/2022\/02\/gm-rinconada-6jpg.jpg\" \/>\n\t<meta property=\"og:image:width\" content=\"900\" \/>\n\t<meta property=\"og:image:height\" content=\"600\" \/>\n\t<meta property=\"og:image:type\" content=\"image\/jpeg\" \/>\n<meta name=\"twitter:card\" content=\"summary_large_image\" \/>\n<meta name=\"twitter:label1\" content=\"Escrito por\" \/>\n\t<meta name=\"twitter:data1\" content=\"prensa prensa\" \/>\n\t<meta name=\"twitter:label2\" content=\"Tiempo de lectura\" \/>\n\t<meta name=\"twitter:data2\" content=\"3 minutos\" \/>\n<script type=\"application\/ld+json\" class=\"yoast-schema-graph\">{\"@context\":\"https:\/\/schema.org\",\"@graph\":[{\"@type\":\"WebSite\",\"@id\":\"http:\/\/www.produccion.jujuy.gob.ar\/#website\",\"url\":\"http:\/\/www.produccion.jujuy.gob.ar\/\",\"name\":\"Ministerio de Desarrollo Econ\u00f3mico y Producci\u00f3n\",\"description\":\"\",\"potentialAction\":[{\"@type\":\"SearchAction\",\"target\":{\"@type\":\"EntryPoint\",\"urlTemplate\":\"http:\/\/www.produccion.jujuy.gob.ar\/?s={search_term_string}\"},\"query-input\":\"required name=search_term_string\"}],\"inLanguage\":\"es\"},{\"@type\":\"ImageObject\",\"@id\":\"http:\/\/www.produccion.jujuy.gob.ar\/?p=2491#primaryimage\",\"inLanguage\":\"es\",\"url\":\"http:\/\/www.produccion.jujuy.gob.ar\/wp-content\/uploads\/2022\/02\/gm-rinconada-6jpg.jpg\",\"contentUrl\":\"http:\/\/www.produccion.jujuy.gob.ar\/wp-content\/uploads\/2022\/02\/gm-rinconada-6jpg.jpg\",\"width\":900,\"height\":600},{\"@type\":\"WebPage\",\"@id\":\"http:\/\/www.produccion.jujuy.gob.ar\/?p=2491#webpage\",\"url\":\"http:\/\/www.produccion.jujuy.gob.ar\/?p=2491\",\"name\":\"Impulso al Desarrollo de Cultivos Andinos en Rinconada - Ministerio de Desarrollo Econ\u00f3mico y Producci\u00f3n\",\"isPartOf\":{\"@id\":\"http:\/\/www.produccion.jujuy.gob.ar\/#website\"},\"primaryImageOfPage\":{\"@id\":\"http:\/\/www.produccion.jujuy.gob.ar\/?p=2491#primaryimage\"},\"datePublished\":\"2022-02-10T12:39:49+00:00\",\"dateModified\":\"2022-02-10T12:39:51+00:00\",\"author\":{\"@id\":\"http:\/\/www.produccion.jujuy.gob.ar\/#\/schema\/person\/4b22a01d694f4bbb88e5d19dca067d1d\"},\"breadcrumb\":{\"@id\":\"http:\/\/www.produccion.jujuy.gob.ar\/?p=2491#breadcrumb\"},\"inLanguage\":\"es\",\"potentialAction\":[{\"@type\":\"ReadAction\",\"target\":[\"http:\/\/www.produccion.jujuy.gob.ar\/?p=2491\"]}]},{\"@type\":\"BreadcrumbList\",\"@id\":\"http:\/\/www.produccion.jujuy.gob.ar\/?p=2491#breadcrumb\",\"itemListElement\":[{\"@type\":\"ListItem\",\"position\":1,\"name\":\"Portada\",\"item\":\"http:\/\/www.produccion.jujuy.gob.ar\/\"},{\"@type\":\"ListItem\",\"position\":2,\"name\":\"Impulso al Desarrollo de Cultivos Andinos en Rinconada\"}]},{\"@type\":\"Person\",\"@id\":\"http:\/\/www.produccion.jujuy.gob.ar\/#\/schema\/person\/4b22a01d694f4bbb88e5d19dca067d1d\",\"name\":\"prensa prensa\",\"image\":{\"@type\":\"ImageObject\",\"@id\":\"http:\/\/www.produccion.jujuy.gob.ar\/#personlogo\",\"inLanguage\":\"es\",\"url\":\"http:\/\/2.gravatar.com\/avatar\/869d66de5c875fb1c978e5ff7404f639?s=96&d=mm&r=g\",\"contentUrl\":\"http:\/\/2.gravatar.com\/avatar\/869d66de5c875fb1c978e5ff7404f639?s=96&d=mm&r=g\",\"caption\":\"prensa prensa\"},\"url\":\"http:\/\/www.produccion.jujuy.gob.ar\/?author=2\"}]}<\/script>\n<!-- \/ Yoast SEO plugin. -->","yoast_head_json":{"title":"Impulso al Desarrollo de Cultivos Andinos en Rinconada - Ministerio de Desarrollo Econ\u00f3mico y Producci\u00f3n","robots":{"index":"index","follow":"follow","max-snippet":"max-snippet:-1","max-image-preview":"max-image-preview:large","max-video-preview":"max-video-preview:-1"},"canonical":"http:\/\/www.produccion.jujuy.gob.ar\/?p=2491","og_locale":"es_ES","og_type":"article","og_title":"Impulso al Desarrollo de Cultivos Andinos en Rinconada - Ministerio de Desarrollo Econ\u00f3mico y Producci\u00f3n","og_description":"Gerardo Morales encabez\u00f3 en Ci\u00e9naga Grande el acto de entrega de fondos de PROCANOR, operatoria dependiente del Ministerio de Desarrollo Econ\u00f3mico y Producci\u00f3n, por la suma de $13.207.052,07 a ocho comunidades delLeer m\u00e1s...","og_url":"http:\/\/www.produccion.jujuy.gob.ar\/?p=2491","og_site_name":"Ministerio de Desarrollo Econ\u00f3mico y Producci\u00f3n","article_published_time":"2022-02-10T12:39:49+00:00","article_modified_time":"2022-02-10T12:39:51+00:00","og_image":[{"width":900,"height":600,"url":"http:\/\/www.produccion.jujuy.gob.ar\/wp-content\/uploads\/2022\/02\/gm-rinconada-6jpg.jpg","type":"image\/jpeg"}],"twitter_card":"summary_large_image","twitter_misc":{"Escrito por":"prensa prensa","Tiempo de lectura":"3 minutos"},"schema":{"@context":"https:\/\/schema.org","@graph":[{"@type":"WebSite","@id":"http:\/\/www.produccion.jujuy.gob.ar\/#website","url":"http:\/\/www.produccion.jujuy.gob.ar\/","name":"Ministerio de Desarrollo Econ\u00f3mico y Producci\u00f3n","description":"","potentialAction":[{"@type":"SearchAction","target":{"@type":"EntryPoint","urlTemplate":"http:\/\/www.produccion.jujuy.gob.ar\/?s={search_term_string}"},"query-input":"required name=search_term_string"}],"inLanguage":"es"},{"@type":"ImageObject","@id":"http:\/\/www.produccion.jujuy.gob.ar\/?p=2491#primaryimage","inLanguage":"es","url":"http:\/\/www.produccion.jujuy.gob.ar\/wp-content\/uploads\/2022\/02\/gm-rinconada-6jpg.jpg","contentUrl":"http:\/\/www.produccion.jujuy.gob.ar\/wp-content\/uploads\/2022\/02\/gm-rinconada-6jpg.jpg","width":900,"height":600},{"@type":"WebPage","@id":"http:\/\/www.produccion.jujuy.gob.ar\/?p=2491#webpage","url":"http:\/\/www.produccion.jujuy.gob.ar\/?p=2491","name":"Impulso al Desarrollo de Cultivos Andinos en Rinconada - Ministerio de Desarrollo Econ\u00f3mico y Producci\u00f3n","isPartOf":{"@id":"http:\/\/www.produccion.jujuy.gob.ar\/#website"},"primaryImageOfPage":{"@id":"http:\/\/www.produccion.jujuy.gob.ar\/?p=2491#primaryimage"},"datePublished":"2022-02-10T12:39:49+00:00","dateModified":"2022-02-10T12:39:51+00:00","author":{"@id":"http:\/\/www.produccion.jujuy.gob.ar\/#\/schema\/person\/4b22a01d694f4bbb88e5d19dca067d1d"},"breadcrumb":{"@id":"http:\/\/www.produccion.jujuy.gob.ar\/?p=2491#breadcrumb"},"inLanguage":"es","potentialAction":[{"@type":"ReadAction","target":["http:\/\/www.produccion.jujuy.gob.ar\/?p=2491"]}]},{"@type":"BreadcrumbList","@id":"http:\/\/www.produccion.jujuy.gob.ar\/?p=2491#breadcrumb","itemListElement":[{"@type":"ListItem","position":1,"name":"Portada","item":"http:\/\/www.produccion.jujuy.gob.ar\/"},{"@type":"ListItem","position":2,"name":"Impulso al Desarrollo de Cultivos Andinos en Rinconada"}]},{"@type":"Person","@id":"http:\/\/www.produccion.jujuy.gob.ar\/#\/schema\/person\/4b22a01d694f4bbb88e5d19dca067d1d","name":"prensa prensa","image":{"@type":"ImageObject","@id":"http:\/\/www.produccion.jujuy.gob.ar\/#personlogo","inLanguage":"es","url":"http:\/\/2.gravatar.com\/avatar\/869d66de5c875fb1c978e5ff7404f639?s=96&d=mm&r=g","contentUrl":"http:\/\/2.gravatar.com\/avatar\/869d66de5c875fb1c978e5ff7404f639?s=96&d=mm&r=g","caption":"prensa prensa"},"url":"http:\/\/www.produccion.jujuy.gob.ar\/?author=2"}]}},"_links":{"self":[{"href":"http:\/\/www.produccion.jujuy.gob.ar\/index.php?rest_route=\/wp\/v2\/posts\/2491"}],"collection":[{"href":"http:\/\/www.produccion.jujuy.gob.ar\/index.php?rest_route=\/wp\/v2\/posts"}],"about":[{"href":"http:\/\/www.produccion.jujuy.gob.ar\/index.php?rest_route=\/wp\/v2\/types\/post"}],"author":[{"embeddable":true,"href":"http:\/\/www.produccion.jujuy.gob.ar\/index.php?rest_route=\/wp\/v2\/users\/2"}],"replies":[{"embeddable":true,"href":"http:\/\/www.produccion.jujuy.gob.ar\/index.php?rest_route=%2Fwp%2Fv2%2Fcomments&post=2491"}],"version-history":[{"count":1,"href":"http:\/\/www.produccion.jujuy.gob.ar\/index.php?rest_route=\/wp\/v2\/posts\/2491\/revisions"}],"predecessor-version":[{"id":2493,"href":"http:\/\/www.produccion.jujuy.gob.ar\/index.php?rest_route=\/wp\/v2\/posts\/2491\/revisions\/2493"}],"wp:featuredmedia":[{"embeddable":true,"href":"http:\/\/www.produccion.jujuy.gob.ar\/index.php?rest_route=\/wp\/v2\/media\/2492"}],"wp:attachment":[{"href":"http:\/\/www.produccion.jujuy.gob.ar\/index.php?rest_route=%2Fwp%2Fv2%2Fmedia&parent=2491"}],"wp:term":[{"taxonomy":"category","embeddable":true,"href":"http:\/\/www.produccion.jujuy.gob.ar\/index.php?rest_route=%2Fwp%2Fv2%2Fcategories&post=2491"},{"taxonomy":"post_tag","embeddable":true,"href":"http:\/\/www.produccion.jujuy.gob.ar\/index.php?rest_route=%2Fwp%2Fv2%2Ftags&post=2491"}],"curies":[{"name":"wp","href":"https:\/\/api.w.org\/{rel}","templated":true}]}}