{"id":2785,"date":"2022-03-17T16:44:23","date_gmt":"2022-03-17T16:44:23","guid":{"rendered":"http:\/\/www.produccion.jujuy.gob.ar\/?p=2785"},"modified":"2022-03-17T16:44:25","modified_gmt":"2022-03-17T16:44:25","slug":"la-campana-de-vacunacion-antiaftosa-empezara-el-11-de-abril","status":"publish","type":"post","link":"http:\/\/www.produccion.jujuy.gob.ar\/?p=2785","title":{"rendered":"La campa\u00f1a de vacunaci\u00f3n antiaftosa empezar\u00e1 el 11 de abril"},"content":{"rendered":"\n<p>Buscan llegar al 60% de bovinos vacunados en el primer mes de campa\u00f1a de vacunaci\u00f3n antiaftosa para afianzar el estatus sanitario de la provincia.<\/p>\n\n\n\n<p>En el Ministerio de Desarrollo Econ\u00f3mico y Producci\u00f3n se llev\u00f3 a cabo la primera reuni\u00f3n anual de la Comisi\u00f3n Provincial de Sanidad Animal (COPROSA), donde se hizo hincapi\u00e9 en la importancia de lograr el 60% de vacunaci\u00f3n antiaftosa en bovinos en el primer mes de la campa\u00f1a sistem\u00e1tica.<\/p>\n\n\n\n<p>En este sentido el director de Desarrollo Ganadero, Juan Casasco se\u00f1al\u00f3 que \u201ces importante llegar al 60% de vacunaci\u00f3n antiaftosa en bovinos en el primer mes de la campa\u00f1a, porque esto nos permitir\u00e1 afianzar nuestro estatus sanitario y poder conservar la nueva estrategia implementada en 2021\u201d.<\/p>\n\n\n\n<p>Coment\u00f3 que el conclave se resolvi\u00f3 que el Plan de Vacunaci\u00f3n empiece el 11 de abril, \u201csolicitamos que los productores due\u00f1os campos de riesgo programen su vacunaci\u00f3n antes de finalizar este mes, para as\u00ed disminuir el riesgo sanitario que implica la no vacunaci\u00f3n\u201d.<\/p>\n\n\n\n<p>Otro de los temas abordados fue la Brucelosis Caprina, \u201cse hizo foco en el muestreo final del a\u00f1o 2021 y se le pidi\u00f3 respuesta a SENASA para ver c\u00f3mo se va a continuar con los resultados obtenidos para determinar el estatus sanitario en el que estar\u00e1 la provincia\u201d explic\u00f3 Casasco. Estuvieron presentes en la reuni\u00f3n las autoridades de COPROSA, compuesta por representantes de la Direcci\u00f3n Provincial de Desarrollo Ganadero, la Secretar\u00eda de Agricultura Familiar, el Servicio Nacional de Sanidad y Calidad Agroalimentaria (SENASA), la Asociaci\u00f3n de Peque\u00f1os Productores Campesinos INTI NOA y la Sociedad Rural.<\/p>\n","protected":false},"excerpt":{"rendered":"<p>Buscan llegar al 60% de bovinos vacunados en el primer mes de campa\u00f1a de vacunaci\u00f3n antiaftosa para afianzar el estatus sanitario de la provincia. En el Ministerio de Desarrollo Econ\u00f3mico y Producci\u00f3n<a class=\"moretag\" href=\"http:\/\/www.produccion.jujuy.gob.ar\/?p=2785\">Leer m\u00e1s&#8230;<\/a><\/p>\n","protected":false},"author":2,"featured_media":2786,"comment_status":"closed","ping_status":"open","sticky":false,"template":"","format":"standard","meta":[],"categories":[1],"tags":[],"yoast_head":"<!-- This site is optimized with the Yoast SEO plugin v18.3 - https:\/\/yoast.com\/wordpress\/plugins\/seo\/ -->\n<title>La campa\u00f1a de vacunaci\u00f3n antiaftosa empezar\u00e1 el 11 de abril - Ministerio de Desarrollo Econ\u00f3mico y Producci\u00f3n<\/title>\n<meta name=\"robots\" content=\"index, follow, max-snippet:-1, max-image-preview:large, max-video-preview:-1\" \/>\n<link rel=\"canonical\" href=\"http:\/\/www.produccion.jujuy.gob.ar\/?p=2785\" \/>\n<meta property=\"og:locale\" content=\"es_ES\" \/>\n<meta property=\"og:type\" content=\"article\" \/>\n<meta property=\"og:title\" content=\"La campa\u00f1a de vacunaci\u00f3n antiaftosa empezar\u00e1 el 11 de abril - Ministerio de Desarrollo Econ\u00f3mico y Producci\u00f3n\" \/>\n<meta property=\"og:description\" content=\"Buscan llegar al 60% de bovinos vacunados en el primer mes de campa\u00f1a de vacunaci\u00f3n antiaftosa para afianzar el estatus sanitario de la provincia. En el Ministerio de Desarrollo Econ\u00f3mico y Producci\u00f3nLeer m\u00e1s...\" \/>\n<meta property=\"og:url\" content=\"http:\/\/www.produccion.jujuy.gob.ar\/?p=2785\" \/>\n<meta property=\"og:site_name\" content=\"Ministerio de Desarrollo Econ\u00f3mico y Producci\u00f3n\" \/>\n<meta property=\"article:published_time\" content=\"2022-03-17T16:44:23+00:00\" \/>\n<meta property=\"article:modified_time\" content=\"2022-03-17T16:44:25+00:00\" \/>\n<meta property=\"og:image\" content=\"http:\/\/www.produccion.jujuy.gob.ar\/wp-content\/uploads\/2022\/03\/coprosa3jpg-2.jpg\" \/>\n\t<meta property=\"og:image:width\" content=\"1200\" \/>\n\t<meta property=\"og:image:height\" content=\"739\" \/>\n\t<meta property=\"og:image:type\" content=\"image\/jpeg\" \/>\n<meta name=\"twitter:card\" content=\"summary_large_image\" \/>\n<meta name=\"twitter:label1\" content=\"Escrito por\" \/>\n\t<meta name=\"twitter:data1\" content=\"prensa prensa\" \/>\n\t<meta name=\"twitter:label2\" content=\"Tiempo de lectura\" \/>\n\t<meta name=\"twitter:data2\" content=\"2 minutos\" \/>\n<script type=\"application\/ld+json\" class=\"yoast-schema-graph\">{\"@context\":\"https:\/\/schema.org\",\"@graph\":[{\"@type\":\"WebSite\",\"@id\":\"http:\/\/www.produccion.jujuy.gob.ar\/#website\",\"url\":\"http:\/\/www.produccion.jujuy.gob.ar\/\",\"name\":\"Ministerio de Desarrollo Econ\u00f3mico y Producci\u00f3n\",\"description\":\"\",\"potentialAction\":[{\"@type\":\"SearchAction\",\"target\":{\"@type\":\"EntryPoint\",\"urlTemplate\":\"http:\/\/www.produccion.jujuy.gob.ar\/?s={search_term_string}\"},\"query-input\":\"required name=search_term_string\"}],\"inLanguage\":\"es\"},{\"@type\":\"ImageObject\",\"@id\":\"http:\/\/www.produccion.jujuy.gob.ar\/?p=2785#primaryimage\",\"inLanguage\":\"es\",\"url\":\"http:\/\/www.produccion.jujuy.gob.ar\/wp-content\/uploads\/2022\/03\/coprosa3jpg-2.jpg\",\"contentUrl\":\"http:\/\/www.produccion.jujuy.gob.ar\/wp-content\/uploads\/2022\/03\/coprosa3jpg-2.jpg\",\"width\":1200,\"height\":739},{\"@type\":\"WebPage\",\"@id\":\"http:\/\/www.produccion.jujuy.gob.ar\/?p=2785#webpage\",\"url\":\"http:\/\/www.produccion.jujuy.gob.ar\/?p=2785\",\"name\":\"La campa\u00f1a de vacunaci\u00f3n antiaftosa empezar\u00e1 el 11 de abril - Ministerio de Desarrollo Econ\u00f3mico y Producci\u00f3n\",\"isPartOf\":{\"@id\":\"http:\/\/www.produccion.jujuy.gob.ar\/#website\"},\"primaryImageOfPage\":{\"@id\":\"http:\/\/www.produccion.jujuy.gob.ar\/?p=2785#primaryimage\"},\"datePublished\":\"2022-03-17T16:44:23+00:00\",\"dateModified\":\"2022-03-17T16:44:25+00:00\",\"author\":{\"@id\":\"http:\/\/www.produccion.jujuy.gob.ar\/#\/schema\/person\/4b22a01d694f4bbb88e5d19dca067d1d\"},\"breadcrumb\":{\"@id\":\"http:\/\/www.produccion.jujuy.gob.ar\/?p=2785#breadcrumb\"},\"inLanguage\":\"es\",\"potentialAction\":[{\"@type\":\"ReadAction\",\"target\":[\"http:\/\/www.produccion.jujuy.gob.ar\/?p=2785\"]}]},{\"@type\":\"BreadcrumbList\",\"@id\":\"http:\/\/www.produccion.jujuy.gob.ar\/?p=2785#breadcrumb\",\"itemListElement\":[{\"@type\":\"ListItem\",\"position\":1,\"name\":\"Portada\",\"item\":\"http:\/\/www.produccion.jujuy.gob.ar\/\"},{\"@type\":\"ListItem\",\"position\":2,\"name\":\"La campa\u00f1a de vacunaci\u00f3n antiaftosa empezar\u00e1 el 11 de abril\"}]},{\"@type\":\"Person\",\"@id\":\"http:\/\/www.produccion.jujuy.gob.ar\/#\/schema\/person\/4b22a01d694f4bbb88e5d19dca067d1d\",\"name\":\"prensa prensa\",\"image\":{\"@type\":\"ImageObject\",\"@id\":\"http:\/\/www.produccion.jujuy.gob.ar\/#personlogo\",\"inLanguage\":\"es\",\"url\":\"http:\/\/2.gravatar.com\/avatar\/869d66de5c875fb1c978e5ff7404f639?s=96&d=mm&r=g\",\"contentUrl\":\"http:\/\/2.gravatar.com\/avatar\/869d66de5c875fb1c978e5ff7404f639?s=96&d=mm&r=g\",\"caption\":\"prensa prensa\"},\"url\":\"http:\/\/www.produccion.jujuy.gob.ar\/?author=2\"}]}<\/script>\n<!-- \/ Yoast SEO plugin. -->","yoast_head_json":{"title":"La campa\u00f1a de vacunaci\u00f3n antiaftosa empezar\u00e1 el 11 de abril - Ministerio de Desarrollo Econ\u00f3mico y Producci\u00f3n","robots":{"index":"index","follow":"follow","max-snippet":"max-snippet:-1","max-image-preview":"max-image-preview:large","max-video-preview":"max-video-preview:-1"},"canonical":"http:\/\/www.produccion.jujuy.gob.ar\/?p=2785","og_locale":"es_ES","og_type":"article","og_title":"La campa\u00f1a de vacunaci\u00f3n antiaftosa empezar\u00e1 el 11 de abril - Ministerio de Desarrollo Econ\u00f3mico y Producci\u00f3n","og_description":"Buscan llegar al 60% de bovinos vacunados en el primer mes de campa\u00f1a de vacunaci\u00f3n antiaftosa para afianzar el estatus sanitario de la provincia. En el Ministerio de Desarrollo Econ\u00f3mico y Producci\u00f3nLeer m\u00e1s...","og_url":"http:\/\/www.produccion.jujuy.gob.ar\/?p=2785","og_site_name":"Ministerio de Desarrollo Econ\u00f3mico y Producci\u00f3n","article_published_time":"2022-03-17T16:44:23+00:00","article_modified_time":"2022-03-17T16:44:25+00:00","og_image":[{"width":1200,"height":739,"url":"http:\/\/www.produccion.jujuy.gob.ar\/wp-content\/uploads\/2022\/03\/coprosa3jpg-2.jpg","type":"image\/jpeg"}],"twitter_card":"summary_large_image","twitter_misc":{"Escrito por":"prensa prensa","Tiempo de lectura":"2 minutos"},"schema":{"@context":"https:\/\/schema.org","@graph":[{"@type":"WebSite","@id":"http:\/\/www.produccion.jujuy.gob.ar\/#website","url":"http:\/\/www.produccion.jujuy.gob.ar\/","name":"Ministerio de Desarrollo Econ\u00f3mico y Producci\u00f3n","description":"","potentialAction":[{"@type":"SearchAction","target":{"@type":"EntryPoint","urlTemplate":"http:\/\/www.produccion.jujuy.gob.ar\/?s={search_term_string}"},"query-input":"required name=search_term_string"}],"inLanguage":"es"},{"@type":"ImageObject","@id":"http:\/\/www.produccion.jujuy.gob.ar\/?p=2785#primaryimage","inLanguage":"es","url":"http:\/\/www.produccion.jujuy.gob.ar\/wp-content\/uploads\/2022\/03\/coprosa3jpg-2.jpg","contentUrl":"http:\/\/www.produccion.jujuy.gob.ar\/wp-content\/uploads\/2022\/03\/coprosa3jpg-2.jpg","width":1200,"height":739},{"@type":"WebPage","@id":"http:\/\/www.produccion.jujuy.gob.ar\/?p=2785#webpage","url":"http:\/\/www.produccion.jujuy.gob.ar\/?p=2785","name":"La campa\u00f1a de vacunaci\u00f3n antiaftosa empezar\u00e1 el 11 de abril - Ministerio de Desarrollo Econ\u00f3mico y Producci\u00f3n","isPartOf":{"@id":"http:\/\/www.produccion.jujuy.gob.ar\/#website"},"primaryImageOfPage":{"@id":"http:\/\/www.produccion.jujuy.gob.ar\/?p=2785#primaryimage"},"datePublished":"2022-03-17T16:44:23+00:00","dateModified":"2022-03-17T16:44:25+00:00","author":{"@id":"http:\/\/www.produccion.jujuy.gob.ar\/#\/schema\/person\/4b22a01d694f4bbb88e5d19dca067d1d"},"breadcrumb":{"@id":"http:\/\/www.produccion.jujuy.gob.ar\/?p=2785#breadcrumb"},"inLanguage":"es","potentialAction":[{"@type":"ReadAction","target":["http:\/\/www.produccion.jujuy.gob.ar\/?p=2785"]}]},{"@type":"BreadcrumbList","@id":"http:\/\/www.produccion.jujuy.gob.ar\/?p=2785#breadcrumb","itemListElement":[{"@type":"ListItem","position":1,"name":"Portada","item":"http:\/\/www.produccion.jujuy.gob.ar\/"},{"@type":"ListItem","position":2,"name":"La campa\u00f1a de vacunaci\u00f3n antiaftosa empezar\u00e1 el 11 de abril"}]},{"@type":"Person","@id":"http:\/\/www.produccion.jujuy.gob.ar\/#\/schema\/person\/4b22a01d694f4bbb88e5d19dca067d1d","name":"prensa prensa","image":{"@type":"ImageObject","@id":"http:\/\/www.produccion.jujuy.gob.ar\/#personlogo","inLanguage":"es","url":"http:\/\/2.gravatar.com\/avatar\/869d66de5c875fb1c978e5ff7404f639?s=96&d=mm&r=g","contentUrl":"http:\/\/2.gravatar.com\/avatar\/869d66de5c875fb1c978e5ff7404f639?s=96&d=mm&r=g","caption":"prensa prensa"},"url":"http:\/\/www.produccion.jujuy.gob.ar\/?author=2"}]}},"_links":{"self":[{"href":"http:\/\/www.produccion.jujuy.gob.ar\/index.php?rest_route=\/wp\/v2\/posts\/2785"}],"collection":[{"href":"http:\/\/www.produccion.jujuy.gob.ar\/index.php?rest_route=\/wp\/v2\/posts"}],"about":[{"href":"http:\/\/www.produccion.jujuy.gob.ar\/index.php?rest_route=\/wp\/v2\/types\/post"}],"author":[{"embeddable":true,"href":"http:\/\/www.produccion.jujuy.gob.ar\/index.php?rest_route=\/wp\/v2\/users\/2"}],"replies":[{"embeddable":true,"href":"http:\/\/www.produccion.jujuy.gob.ar\/index.php?rest_route=%2Fwp%2Fv2%2Fcomments&post=2785"}],"version-history":[{"count":1,"href":"http:\/\/www.produccion.jujuy.gob.ar\/index.php?rest_route=\/wp\/v2\/posts\/2785\/revisions"}],"predecessor-version":[{"id":2787,"href":"http:\/\/www.produccion.jujuy.gob.ar\/index.php?rest_route=\/wp\/v2\/posts\/2785\/revisions\/2787"}],"wp:featuredmedia":[{"embeddable":true,"href":"http:\/\/www.produccion.jujuy.gob.ar\/index.php?rest_route=\/wp\/v2\/media\/2786"}],"wp:attachment":[{"href":"http:\/\/www.produccion.jujuy.gob.ar\/index.php?rest_route=%2Fwp%2Fv2%2Fmedia&parent=2785"}],"wp:term":[{"taxonomy":"category","embeddable":true,"href":"http:\/\/www.produccion.jujuy.gob.ar\/index.php?rest_route=%2Fwp%2Fv2%2Fcategories&post=2785"},{"taxonomy":"post_tag","embeddable":true,"href":"http:\/\/www.produccion.jujuy.gob.ar\/index.php?rest_route=%2Fwp%2Fv2%2Ftags&post=2785"}],"curies":[{"name":"wp","href":"https:\/\/api.w.org\/{rel}","templated":true}]}}