{"id":2795,"date":"2022-03-21T17:29:37","date_gmt":"2022-03-21T17:29:37","guid":{"rendered":"http:\/\/www.produccion.jujuy.gob.ar\/?p=2795"},"modified":"2022-03-21T17:31:33","modified_gmt":"2022-03-21T17:31:33","slug":"__trashed-3","status":"publish","type":"post","link":"http:\/\/www.produccion.jujuy.gob.ar\/?p=2795","title":{"rendered":"Precio del tabaco: se acord\u00f3 un 50% de aumento"},"content":{"rendered":"\n<p>Las provincias de Jujuy y Salta fijaron el precio base del tabaco Virginia en la suma de 287,83 pesos por kilogramo.<\/p>\n\n\n\n<p>En la segunda reuni\u00f3n del a\u00f1o para establecer el precio del tabaco para la campa\u00f1a 2021-2022, se acord\u00f3 fijar su valor en $287,83 por kilogramo, lo que representa un incremento del 50% respecto de la campa\u00f1a anterior.<\/p>\n\n\n\n<p>Del acuerdo participaron referentes de las c\u00e1maras y cooperativas de Jujuy y Salta, representantes de las empresas del sector industrial y funcionarios de los ministerios de Producci\u00f3n de ambas provincias, que se congregaron en un hotel de la ciudad de Salta.<\/p>\n\n\n\n<p>La Secretaria de Desarrollo Productivo de Jujuy, Patricia R\u00edos, valor\u00f3 que \u201cen la mesa de negociaci\u00f3n prim\u00f3 el consenso, estando presente todos los actores\u201d.<\/p>\n\n\n\n<p>Coment\u00f3 que desde Jujuy se avanz\u00f3 en exponer \u201cel marco internacional y nacional, pero sobre todo el de la provincia, que viene con un sector castigado en estos \u00faltimos a\u00f1os en cuanto a la parte productiva\u201d y que este a\u00f1o, se puede decir, \u201cse est\u00e1 muy conforme con el rindex y la calidad de los productos\u201d.<\/p>\n\n\n\n<p>\u201cEl productor puede estar tranquilo que ambos gobiernos estuvieron sentados peleando por sus derechos\u201d, continu\u00f3 indicando al marcar que la industria hab\u00eda comenzado ofreciendo un porcentaje muy bajo, del 37%. En tanto, remarc\u00f3 que el precio fijado es un \u201cprecio posible para no solo cuidar la parte primaria sino todos los eslabones de la cadena\u201d y que significa \u201cun buen ajuste que equivale a 2.68 en d\u00f3lares\u201d.<\/p>\n\n\n\n<p>&nbsp;\u201cLos productores van a poder pensar en proyectar la pr\u00f3xima campa\u00f1a, sobre la que tenemos todas las expectativas. Hay mercado para abastecer, la provincia tienen excelente productores, necesitamos volver a tener nuestros vol\u00famenes hist\u00f3ricos y recuperar hect\u00e1reas\u201d, resumi\u00f3 la funcionaria. Por otro lado, la Secretaria de Desarrollo Agropecuario de Salta, Milagros Patr\u00f3n Costas, tambi\u00e9n puso en valor el acuerdo alcanzado y dijo que \u201csi bien nunca los porcentuales alcanzan para que el sector productivo tenga expectativas a futuro, este incremento puede permitirles hacer previsiones\u201d.<\/p>\n\n\n\n<p>\u201cEntendemos que tambi\u00e9n da posibilidad a que las cooperativas puedan seguir con el tan importante rol que tienen en el mercado de la compra y la venta y puedan seguir trabajando y dando expectativas a los productores\u201d, agreg\u00f3.<\/p>\n\n\n\n<p>Expuso que este es &#8220;un a\u00f1o muy complejo por el precio de los abonos sobre todo, que ha tenido un aumento muy importante\u201d.<\/p>\n\n\n\n<p>&nbsp;\u201cSe acord\u00f3 un incremento que entendemos permite que la industria y la producci\u00f3n sigan trabajando. Es importante que hoy los productores sepan que hay precio del tabaco y que importa un aumento del 50%\u201d, concluy\u00f3.<\/p>\n\n\n\n<p>&nbsp;Por su parte, el Presidente de la C\u00e1mara de Tabaco de Jujuy, Pedro Pascuttini, se\u00f1al\u00f3 que el valor fijado fue \u201cel precio posible, lo que se pudo lograr\u201d y que lo m\u00e1s importante es tener &#8220;el compromiso de los compradores de que no haya precios diferenciales y se pague a la brevedad posible\u201d.<\/p>\n\n\n\n<p>&nbsp;Del ministerio de Desarrollo Econ\u00f3mico y Producci\u00f3n de Jujuy estuvo presente el secretario de Agencias de Desarrollo, F\u00e9lix P\u00e9rez, la Secretaria de Desarrollo Productivo, Patricia R\u00edos, y el Director de Desarrollo Agr\u00edcola y Forestal, Federico Manero.<\/p>\n\n\n\n<p>En tanto, se hallaban el ministro de Producci\u00f3n y Desarrollo Sustentable de Salta, Mart\u00edn de los R\u00edos junto, representantes de Massalin Particulares, entre otros referentes del sector industrial y funcionarios de la vecina provincia.<\/p>\n\n\n\n<figure class=\"wp-block-image is-style-default\"><img alt=\"\" \/><\/figure>\n\n\n\n<p>Sobre el acuerdo<\/p>\n\n\n\n<p>&nbsp;Tras un an\u00e1lisis coyuntural de la situaci\u00f3n micro y macro econ\u00f3mica actual y de su impacto en la actividad tabacalera, las C\u00e1maras cooperativas de Salta y Jujuy, la Asociaci\u00f3n de Tabacaleros de Salta, y Alliance One Tabaco Argentina SA acordaron en fijar el precio base en la suma de $287,83 por kilogramo, lo que representa un incremento del 50% respecto del valor en la campa\u00f1a anterior.<\/p>\n\n\n\n<p>En otro \u00edtems tambi\u00e9n se estableci\u00f3 que los compradores se comprometen a garantizar la compra de tabaco de acuerdo al patr\u00f3n tipo vigente y desarrollar un acopio fluido, y que, de no respetar lo procedentemente expuesto el Gobierno instrumentar\u00e1 los mecanismos necesarios para su debido cumplimiento.<\/p>\n","protected":false},"excerpt":{"rendered":"<p>Las provincias de Jujuy y Salta fijaron el precio base del tabaco Virginia en la suma de 287,83 pesos por kilogramo. En la segunda reuni\u00f3n del a\u00f1o para establecer el precio del<a class=\"moretag\" href=\"http:\/\/www.produccion.jujuy.gob.ar\/?p=2795\">Leer m\u00e1s&#8230;<\/a><\/p>\n","protected":false},"author":2,"featured_media":2798,"comment_status":"closed","ping_status":"open","sticky":false,"template":"","format":"standard","meta":[],"categories":[1],"tags":[],"yoast_head":"<!-- This site is optimized with the Yoast SEO plugin v18.3 - https:\/\/yoast.com\/wordpress\/plugins\/seo\/ -->\n<title>Precio del tabaco: se acord\u00f3 un 50% de aumento - Ministerio de Desarrollo Econ\u00f3mico y Producci\u00f3n<\/title>\n<meta name=\"robots\" content=\"index, follow, max-snippet:-1, max-image-preview:large, max-video-preview:-1\" \/>\n<link rel=\"canonical\" href=\"http:\/\/www.produccion.jujuy.gob.ar\/?p=2795\" \/>\n<meta property=\"og:locale\" content=\"es_ES\" \/>\n<meta property=\"og:type\" content=\"article\" \/>\n<meta property=\"og:title\" content=\"Precio del tabaco: se acord\u00f3 un 50% de aumento - Ministerio de Desarrollo Econ\u00f3mico y Producci\u00f3n\" \/>\n<meta property=\"og:description\" content=\"Las provincias de Jujuy y Salta fijaron el precio base del tabaco Virginia en la suma de 287,83 pesos por kilogramo. En la segunda reuni\u00f3n del a\u00f1o para establecer el precio delLeer m\u00e1s...\" \/>\n<meta property=\"og:url\" content=\"http:\/\/www.produccion.jujuy.gob.ar\/?p=2795\" \/>\n<meta property=\"og:site_name\" content=\"Ministerio de Desarrollo Econ\u00f3mico y Producci\u00f3n\" \/>\n<meta property=\"article:published_time\" content=\"2022-03-21T17:29:37+00:00\" \/>\n<meta property=\"article:modified_time\" content=\"2022-03-21T17:31:33+00:00\" \/>\n<meta property=\"og:image\" content=\"http:\/\/www.produccion.jujuy.gob.ar\/wp-content\/uploads\/2022\/03\/img_20220318_112905jpg.jpg\" \/>\n\t<meta property=\"og:image:width\" content=\"915\" \/>\n\t<meta property=\"og:image:height\" content=\"600\" \/>\n\t<meta property=\"og:image:type\" content=\"image\/jpeg\" \/>\n<meta name=\"twitter:card\" content=\"summary_large_image\" \/>\n<meta name=\"twitter:label1\" content=\"Escrito por\" \/>\n\t<meta name=\"twitter:data1\" content=\"prensa prensa\" \/>\n\t<meta name=\"twitter:label2\" content=\"Tiempo de lectura\" \/>\n\t<meta name=\"twitter:data2\" content=\"4 minutos\" \/>\n<script type=\"application\/ld+json\" class=\"yoast-schema-graph\">{\"@context\":\"https:\/\/schema.org\",\"@graph\":[{\"@type\":\"WebSite\",\"@id\":\"http:\/\/www.produccion.jujuy.gob.ar\/#website\",\"url\":\"http:\/\/www.produccion.jujuy.gob.ar\/\",\"name\":\"Ministerio de Desarrollo Econ\u00f3mico y Producci\u00f3n\",\"description\":\"\",\"potentialAction\":[{\"@type\":\"SearchAction\",\"target\":{\"@type\":\"EntryPoint\",\"urlTemplate\":\"http:\/\/www.produccion.jujuy.gob.ar\/?s={search_term_string}\"},\"query-input\":\"required name=search_term_string\"}],\"inLanguage\":\"es\"},{\"@type\":\"ImageObject\",\"@id\":\"http:\/\/www.produccion.jujuy.gob.ar\/?p=2795#primaryimage\",\"inLanguage\":\"es\",\"url\":\"http:\/\/www.produccion.jujuy.gob.ar\/wp-content\/uploads\/2022\/03\/img_20220318_112905jpg.jpg\",\"contentUrl\":\"http:\/\/www.produccion.jujuy.gob.ar\/wp-content\/uploads\/2022\/03\/img_20220318_112905jpg.jpg\",\"width\":915,\"height\":600},{\"@type\":\"WebPage\",\"@id\":\"http:\/\/www.produccion.jujuy.gob.ar\/?p=2795#webpage\",\"url\":\"http:\/\/www.produccion.jujuy.gob.ar\/?p=2795\",\"name\":\"Precio del tabaco: se acord\u00f3 un 50% de aumento - Ministerio de Desarrollo Econ\u00f3mico y Producci\u00f3n\",\"isPartOf\":{\"@id\":\"http:\/\/www.produccion.jujuy.gob.ar\/#website\"},\"primaryImageOfPage\":{\"@id\":\"http:\/\/www.produccion.jujuy.gob.ar\/?p=2795#primaryimage\"},\"datePublished\":\"2022-03-21T17:29:37+00:00\",\"dateModified\":\"2022-03-21T17:31:33+00:00\",\"author\":{\"@id\":\"http:\/\/www.produccion.jujuy.gob.ar\/#\/schema\/person\/4b22a01d694f4bbb88e5d19dca067d1d\"},\"breadcrumb\":{\"@id\":\"http:\/\/www.produccion.jujuy.gob.ar\/?p=2795#breadcrumb\"},\"inLanguage\":\"es\",\"potentialAction\":[{\"@type\":\"ReadAction\",\"target\":[\"http:\/\/www.produccion.jujuy.gob.ar\/?p=2795\"]}]},{\"@type\":\"BreadcrumbList\",\"@id\":\"http:\/\/www.produccion.jujuy.gob.ar\/?p=2795#breadcrumb\",\"itemListElement\":[{\"@type\":\"ListItem\",\"position\":1,\"name\":\"Portada\",\"item\":\"https:\/\/www.produccion.jujuy.gob.ar\/\"},{\"@type\":\"ListItem\",\"position\":2,\"name\":\"Precio del tabaco: se acord\u00f3 un 50% de aumento\"}]},{\"@type\":\"Person\",\"@id\":\"http:\/\/www.produccion.jujuy.gob.ar\/#\/schema\/person\/4b22a01d694f4bbb88e5d19dca067d1d\",\"name\":\"prensa prensa\",\"image\":{\"@type\":\"ImageObject\",\"@id\":\"http:\/\/www.produccion.jujuy.gob.ar\/#personlogo\",\"inLanguage\":\"es\",\"url\":\"http:\/\/2.gravatar.com\/avatar\/869d66de5c875fb1c978e5ff7404f639?s=96&d=mm&r=g\",\"contentUrl\":\"http:\/\/2.gravatar.com\/avatar\/869d66de5c875fb1c978e5ff7404f639?s=96&d=mm&r=g\",\"caption\":\"prensa prensa\"},\"url\":\"http:\/\/www.produccion.jujuy.gob.ar\/?author=2\"}]}<\/script>\n<!-- \/ Yoast SEO plugin. -->","yoast_head_json":{"title":"Precio del tabaco: se acord\u00f3 un 50% de aumento - Ministerio de Desarrollo Econ\u00f3mico y Producci\u00f3n","robots":{"index":"index","follow":"follow","max-snippet":"max-snippet:-1","max-image-preview":"max-image-preview:large","max-video-preview":"max-video-preview:-1"},"canonical":"http:\/\/www.produccion.jujuy.gob.ar\/?p=2795","og_locale":"es_ES","og_type":"article","og_title":"Precio del tabaco: se acord\u00f3 un 50% de aumento - Ministerio de Desarrollo Econ\u00f3mico y Producci\u00f3n","og_description":"Las provincias de Jujuy y Salta fijaron el precio base del tabaco Virginia en la suma de 287,83 pesos por kilogramo. En la segunda reuni\u00f3n del a\u00f1o para establecer el precio delLeer m\u00e1s...","og_url":"http:\/\/www.produccion.jujuy.gob.ar\/?p=2795","og_site_name":"Ministerio de Desarrollo Econ\u00f3mico y Producci\u00f3n","article_published_time":"2022-03-21T17:29:37+00:00","article_modified_time":"2022-03-21T17:31:33+00:00","og_image":[{"width":915,"height":600,"url":"http:\/\/www.produccion.jujuy.gob.ar\/wp-content\/uploads\/2022\/03\/img_20220318_112905jpg.jpg","type":"image\/jpeg"}],"twitter_card":"summary_large_image","twitter_misc":{"Escrito por":"prensa prensa","Tiempo de lectura":"4 minutos"},"schema":{"@context":"https:\/\/schema.org","@graph":[{"@type":"WebSite","@id":"http:\/\/www.produccion.jujuy.gob.ar\/#website","url":"http:\/\/www.produccion.jujuy.gob.ar\/","name":"Ministerio de Desarrollo Econ\u00f3mico y Producci\u00f3n","description":"","potentialAction":[{"@type":"SearchAction","target":{"@type":"EntryPoint","urlTemplate":"http:\/\/www.produccion.jujuy.gob.ar\/?s={search_term_string}"},"query-input":"required name=search_term_string"}],"inLanguage":"es"},{"@type":"ImageObject","@id":"http:\/\/www.produccion.jujuy.gob.ar\/?p=2795#primaryimage","inLanguage":"es","url":"http:\/\/www.produccion.jujuy.gob.ar\/wp-content\/uploads\/2022\/03\/img_20220318_112905jpg.jpg","contentUrl":"http:\/\/www.produccion.jujuy.gob.ar\/wp-content\/uploads\/2022\/03\/img_20220318_112905jpg.jpg","width":915,"height":600},{"@type":"WebPage","@id":"http:\/\/www.produccion.jujuy.gob.ar\/?p=2795#webpage","url":"http:\/\/www.produccion.jujuy.gob.ar\/?p=2795","name":"Precio del tabaco: se acord\u00f3 un 50% de aumento - Ministerio de Desarrollo Econ\u00f3mico y Producci\u00f3n","isPartOf":{"@id":"http:\/\/www.produccion.jujuy.gob.ar\/#website"},"primaryImageOfPage":{"@id":"http:\/\/www.produccion.jujuy.gob.ar\/?p=2795#primaryimage"},"datePublished":"2022-03-21T17:29:37+00:00","dateModified":"2022-03-21T17:31:33+00:00","author":{"@id":"http:\/\/www.produccion.jujuy.gob.ar\/#\/schema\/person\/4b22a01d694f4bbb88e5d19dca067d1d"},"breadcrumb":{"@id":"http:\/\/www.produccion.jujuy.gob.ar\/?p=2795#breadcrumb"},"inLanguage":"es","potentialAction":[{"@type":"ReadAction","target":["http:\/\/www.produccion.jujuy.gob.ar\/?p=2795"]}]},{"@type":"BreadcrumbList","@id":"http:\/\/www.produccion.jujuy.gob.ar\/?p=2795#breadcrumb","itemListElement":[{"@type":"ListItem","position":1,"name":"Portada","item":"https:\/\/www.produccion.jujuy.gob.ar\/"},{"@type":"ListItem","position":2,"name":"Precio del tabaco: se acord\u00f3 un 50% de aumento"}]},{"@type":"Person","@id":"http:\/\/www.produccion.jujuy.gob.ar\/#\/schema\/person\/4b22a01d694f4bbb88e5d19dca067d1d","name":"prensa prensa","image":{"@type":"ImageObject","@id":"http:\/\/www.produccion.jujuy.gob.ar\/#personlogo","inLanguage":"es","url":"http:\/\/2.gravatar.com\/avatar\/869d66de5c875fb1c978e5ff7404f639?s=96&d=mm&r=g","contentUrl":"http:\/\/2.gravatar.com\/avatar\/869d66de5c875fb1c978e5ff7404f639?s=96&d=mm&r=g","caption":"prensa prensa"},"url":"http:\/\/www.produccion.jujuy.gob.ar\/?author=2"}]}},"_links":{"self":[{"href":"http:\/\/www.produccion.jujuy.gob.ar\/index.php?rest_route=\/wp\/v2\/posts\/2795"}],"collection":[{"href":"http:\/\/www.produccion.jujuy.gob.ar\/index.php?rest_route=\/wp\/v2\/posts"}],"about":[{"href":"http:\/\/www.produccion.jujuy.gob.ar\/index.php?rest_route=\/wp\/v2\/types\/post"}],"author":[{"embeddable":true,"href":"http:\/\/www.produccion.jujuy.gob.ar\/index.php?rest_route=\/wp\/v2\/users\/2"}],"replies":[{"embeddable":true,"href":"http:\/\/www.produccion.jujuy.gob.ar\/index.php?rest_route=%2Fwp%2Fv2%2Fcomments&post=2795"}],"version-history":[{"count":3,"href":"http:\/\/www.produccion.jujuy.gob.ar\/index.php?rest_route=\/wp\/v2\/posts\/2795\/revisions"}],"predecessor-version":[{"id":2799,"href":"http:\/\/www.produccion.jujuy.gob.ar\/index.php?rest_route=\/wp\/v2\/posts\/2795\/revisions\/2799"}],"wp:featuredmedia":[{"embeddable":true,"href":"http:\/\/www.produccion.jujuy.gob.ar\/index.php?rest_route=\/wp\/v2\/media\/2798"}],"wp:attachment":[{"href":"http:\/\/www.produccion.jujuy.gob.ar\/index.php?rest_route=%2Fwp%2Fv2%2Fmedia&parent=2795"}],"wp:term":[{"taxonomy":"category","embeddable":true,"href":"http:\/\/www.produccion.jujuy.gob.ar\/index.php?rest_route=%2Fwp%2Fv2%2Fcategories&post=2795"},{"taxonomy":"post_tag","embeddable":true,"href":"http:\/\/www.produccion.jujuy.gob.ar\/index.php?rest_route=%2Fwp%2Fv2%2Ftags&post=2795"}],"curies":[{"name":"wp","href":"https:\/\/api.w.org\/{rel}","templated":true}]}}