{"id":2855,"date":"2022-03-28T15:38:02","date_gmt":"2022-03-28T15:38:02","guid":{"rendered":"http:\/\/www.produccion.jujuy.gob.ar\/?p=2855"},"modified":"2022-03-28T15:38:04","modified_gmt":"2022-03-28T15:38:04","slug":"industria-del-software-lanzaron-programas-de-capacitacion-y-entrenamiento-laboral","status":"publish","type":"post","link":"http:\/\/www.produccion.jujuy.gob.ar\/?p=2855","title":{"rendered":"Industria del software: lanzaron programas de capacitaci\u00f3n y entrenamiento laboral"},"content":{"rendered":"\n<p>A partir del 4 de abril podr\u00e1n inscribirse todos aquellos interesados en la industria del software, a trav\u00e9s de: produccion.jujuy.gob.ar<\/p>\n\n\n\n<p>El ministro de Desarrollo Econ\u00f3mico y Producci\u00f3n, Exequiel Lello Ivacevich, encabez\u00f3 el lanzamiento del \u201cPrograma de Inserci\u00f3n Laboral en la Industria del Software\u201d (PILIS) y del \u201cPrograma de Entrenamiento Tecnol\u00f3gico\u201d, para el desarrollo de capacitaciones y pr\u00e1cticas laborales que generen oportunidades de empleo para ciudadanos juje\u00f1os en emprendimientos relacionados con la econom\u00eda del conocimiento.<\/p>\n\n\n\n<p>En dicho marco, se firm\u00f3 un convenio con la e mpresa de software IncluIT y la Facultad de Ingenier\u00eda de la Universidad Nacional de Jujuy (UNJu) para elaborar, desarrollar e implementar los proyectos educativos de formaci\u00f3n y pr\u00e1ctica laboral.<\/p>\n\n\n\n<p>Estuvieron presente el presidente de Incluit, Rafael Iba\u00f1ez; el decano de la Facultad de Ingenier\u00eda, Alejandro Vargas; la directora de Servicios Basados en el Conocimiento, Bel\u00e9n Castro; el secretario de Desarrollo Industrial y Comercial, Jos\u00e9 Rossetto; entre otras autoridades y referentes del sector.<\/p>\n\n\n\n<p>\u201cEsto es algo novedoso en la provincia y tenemos muchas expectativas porque tiene que ver con la formaci\u00f3n para la producci\u00f3n y con una salida laboral r\u00e1pida que permite generar oportunidades en una industria, la del conocimiento, en la que ya no importa desde que lugar del mundo est\u00e1s, lo cual pone a Jujuy en una gran posici\u00f3n para aprovechar\u201d, sostuvo el ministro Lello Ivacevich, durante la presentaci\u00f3n de los mencionados programas en Culturarte.<\/p>\n\n\n\n<p>Destac\u00f3 que adem\u00e1s \u201cse ha demostrado ya que hay mucho talento en Jujuy, con empresas en el sector que est\u00e1n creciendo y haciendo alianzas estrat\u00e9gicas con grandes firmas\u201d, a lo cual se suma la fuerte orientaci\u00f3n que tiene la universidad hacia las ingenier\u00edas. \u201cNos da una gran ventaja competitiva como juje\u00f1os para poder aportar recursos humanos a esta industria creciente\u201d, valor\u00f3 al respecto.<\/p>\n\n\n\n<p>Continuando, refiri\u00f3 que a partir del pr\u00f3ximo 4 de abril podr\u00e1n inscribirse todos aquellos que se encuentren interesados en las capacitaciones y la pr\u00e1ctica laboral, ello a trav\u00e9s de la p\u00e1gina del Ministerio de Desarrollo Econ\u00f3mico: produccion.jujuy.gob.ar.<\/p>\n\n\n\n<p>El llamado, indic\u00f3 finalmente, tendr\u00e1 un cupo para 100 personas a formarse bajo el perfil de Full-Stack, uno de los m\u00e1s demandados a nivel mundial en el caso de desarrollo de software.<\/p>\n\n\n\n<p>El presidente de IncluIt, Rafael Iba\u00f1ez, por su parte, asegur\u00f3 que Jujuy es una provincia donde ven \u201cun talento infinito y una universidad que forma gente de calidad\u201d, y que el convenio viene a \u201creafirmar un compromiso de inversi\u00f3n, donde la capacitaci\u00f3n es la siembra para generar empleo\u201d. De las pr\u00e1cticas laborales, detall\u00f3 que en principio habr\u00e1 diez becados que se unir\u00e1n a los equipos ya existentes dentro de la compa\u00f1\u00eda, la cual trabaja actualmente \u201cen todas las provincias de Argentina y en diez pa\u00edses de Latinoam\u00e9rica\u201d.<\/p>\n\n\n\n<p>&nbsp;Finalmente, el decano de la Facultad de Ingenier\u00eda, Alejandro Vargas, resalt\u00f3 el trabajo a encararse sumando a la casa de estudios, por \u201cla importancia de darle a los alumnos la oportunidad para que puedan ingresar a un entrenamiento, que puedan encontrar un primer trabajo y demostrar lo que aprenden en la facultad de Ingenier\u00eda\u201d.<\/p>\n\n\n\n<p>&nbsp;Sobre los programas<\/p>\n\n\n\n<p>El PILIS, dependiente de la Direcci\u00f3n Provincial de Servicios Basados en el Conocimiento, fue creado en el marco de la adhesi\u00f3n de Jujuy, mediante Ley Provincial N\u00b06.130, a la Ley Nacional N\u00b027.506 \u201cR\u00e9gimen de Promoci\u00f3n de Econom\u00eda del Conocimiento\u201d, modificada por la Ley N\u00b027.570.<\/p>\n\n\n\n<p>&nbsp;El programa apunta al desarrollo de capacitaciones que faciliten la incorporaci\u00f3n de recursos humanos en la industria del software y sectores afines, mediante un plan anual de instancias de formaci\u00f3n.<\/p>\n\n\n\n<p>En dicho marco, tambi\u00e9n se instituy\u00f3 el \u201cPrograma de Entrenamiento Tecnol\u00f3gico\u201d que busca que aquellos j\u00f3venes juje\u00f1os que se hayan capacitado a trav\u00e9s del PILIS y se encuentren en situaci\u00f3n de desempleo, tengan la oportunidad de acceder a pr\u00e1cticas laborales, las cuales se impulsar\u00e1n a trav\u00e9s de convenios que puedan articularse con empresas del sector.<\/p>\n\n\n\n<p>El entrenamiento laboral estar\u00e1 destinado a j\u00f3venes y adultos de entre 18 a 40 a\u00f1os de edad, que residan de manera permanente en la provincia. Se prev\u00e9 con una carga de hasta 20 horas semanales y una duraci\u00f3n de seis meses con opci\u00f3n a renovaci\u00f3n seg\u00fan el desempe\u00f1o y evaluaci\u00f3n emitida por la empresa involucrada.<\/p>\n\n\n\n<p>&nbsp;Integrar\u00e1 el pago de una beca de 20 mil pesos mensuales a aportarse por el Ministerio de Desarrollo Econ\u00f3mico y Producci\u00f3n.<\/p>\n","protected":false},"excerpt":{"rendered":"<p>A partir del 4 de abril podr\u00e1n inscribirse todos aquellos interesados en la industria del software, a trav\u00e9s de: produccion.jujuy.gob.ar El ministro de Desarrollo Econ\u00f3mico y Producci\u00f3n, Exequiel Lello Ivacevich, encabez\u00f3 el<a class=\"moretag\" href=\"http:\/\/www.produccion.jujuy.gob.ar\/?p=2855\">Leer m\u00e1s&#8230;<\/a><\/p>\n","protected":false},"author":2,"featured_media":2856,"comment_status":"closed","ping_status":"open","sticky":false,"template":"","format":"standard","meta":[],"categories":[1],"tags":[],"yoast_head":"<!-- This site is optimized with the Yoast SEO plugin v18.3 - https:\/\/yoast.com\/wordpress\/plugins\/seo\/ -->\n<title>Industria del software: lanzaron programas de capacitaci\u00f3n y entrenamiento laboral - Ministerio de Desarrollo Econ\u00f3mico y Producci\u00f3n<\/title>\n<meta name=\"robots\" content=\"index, follow, max-snippet:-1, max-image-preview:large, max-video-preview:-1\" \/>\n<link rel=\"canonical\" href=\"http:\/\/www.produccion.jujuy.gob.ar\/?p=2855\" \/>\n<meta property=\"og:locale\" content=\"es_ES\" \/>\n<meta property=\"og:type\" content=\"article\" \/>\n<meta property=\"og:title\" content=\"Industria del software: lanzaron programas de capacitaci\u00f3n y entrenamiento laboral - Ministerio de Desarrollo Econ\u00f3mico y Producci\u00f3n\" \/>\n<meta property=\"og:description\" content=\"A partir del 4 de abril podr\u00e1n inscribirse todos aquellos interesados en la industria del software, a trav\u00e9s de: produccion.jujuy.gob.ar El ministro de Desarrollo Econ\u00f3mico y Producci\u00f3n, Exequiel Lello Ivacevich, encabez\u00f3 elLeer m\u00e1s...\" \/>\n<meta property=\"og:url\" content=\"http:\/\/www.produccion.jujuy.gob.ar\/?p=2855\" \/>\n<meta property=\"og:site_name\" content=\"Ministerio de Desarrollo Econ\u00f3mico y Producci\u00f3n\" \/>\n<meta property=\"article:published_time\" content=\"2022-03-28T15:38:02+00:00\" \/>\n<meta property=\"article:modified_time\" content=\"2022-03-28T15:38:04+00:00\" \/>\n<meta property=\"og:image\" content=\"http:\/\/www.produccion.jujuy.gob.ar\/wp-content\/uploads\/2022\/03\/20220325_120014-1jpg.jpg\" \/>\n\t<meta property=\"og:image:width\" content=\"880\" \/>\n\t<meta property=\"og:image:height\" content=\"600\" \/>\n\t<meta property=\"og:image:type\" content=\"image\/jpeg\" \/>\n<meta name=\"twitter:card\" content=\"summary_large_image\" \/>\n<meta name=\"twitter:label1\" content=\"Escrito por\" \/>\n\t<meta name=\"twitter:data1\" content=\"prensa prensa\" \/>\n\t<meta name=\"twitter:label2\" content=\"Tiempo de lectura\" \/>\n\t<meta name=\"twitter:data2\" content=\"4 minutos\" \/>\n<script type=\"application\/ld+json\" class=\"yoast-schema-graph\">{\"@context\":\"https:\/\/schema.org\",\"@graph\":[{\"@type\":\"WebSite\",\"@id\":\"http:\/\/www.produccion.jujuy.gob.ar\/#website\",\"url\":\"http:\/\/www.produccion.jujuy.gob.ar\/\",\"name\":\"Ministerio de Desarrollo Econ\u00f3mico y Producci\u00f3n\",\"description\":\"\",\"potentialAction\":[{\"@type\":\"SearchAction\",\"target\":{\"@type\":\"EntryPoint\",\"urlTemplate\":\"http:\/\/www.produccion.jujuy.gob.ar\/?s={search_term_string}\"},\"query-input\":\"required name=search_term_string\"}],\"inLanguage\":\"es\"},{\"@type\":\"ImageObject\",\"@id\":\"http:\/\/www.produccion.jujuy.gob.ar\/?p=2855#primaryimage\",\"inLanguage\":\"es\",\"url\":\"http:\/\/www.produccion.jujuy.gob.ar\/wp-content\/uploads\/2022\/03\/20220325_120014-1jpg.jpg\",\"contentUrl\":\"http:\/\/www.produccion.jujuy.gob.ar\/wp-content\/uploads\/2022\/03\/20220325_120014-1jpg.jpg\",\"width\":880,\"height\":600},{\"@type\":\"WebPage\",\"@id\":\"http:\/\/www.produccion.jujuy.gob.ar\/?p=2855#webpage\",\"url\":\"http:\/\/www.produccion.jujuy.gob.ar\/?p=2855\",\"name\":\"Industria del software: lanzaron programas de capacitaci\u00f3n y entrenamiento laboral - Ministerio de Desarrollo Econ\u00f3mico y Producci\u00f3n\",\"isPartOf\":{\"@id\":\"http:\/\/www.produccion.jujuy.gob.ar\/#website\"},\"primaryImageOfPage\":{\"@id\":\"http:\/\/www.produccion.jujuy.gob.ar\/?p=2855#primaryimage\"},\"datePublished\":\"2022-03-28T15:38:02+00:00\",\"dateModified\":\"2022-03-28T15:38:04+00:00\",\"author\":{\"@id\":\"http:\/\/www.produccion.jujuy.gob.ar\/#\/schema\/person\/4b22a01d694f4bbb88e5d19dca067d1d\"},\"breadcrumb\":{\"@id\":\"http:\/\/www.produccion.jujuy.gob.ar\/?p=2855#breadcrumb\"},\"inLanguage\":\"es\",\"potentialAction\":[{\"@type\":\"ReadAction\",\"target\":[\"http:\/\/www.produccion.jujuy.gob.ar\/?p=2855\"]}]},{\"@type\":\"BreadcrumbList\",\"@id\":\"http:\/\/www.produccion.jujuy.gob.ar\/?p=2855#breadcrumb\",\"itemListElement\":[{\"@type\":\"ListItem\",\"position\":1,\"name\":\"Portada\",\"item\":\"https:\/\/www.produccion.jujuy.gob.ar\/\"},{\"@type\":\"ListItem\",\"position\":2,\"name\":\"Industria del software: lanzaron programas de capacitaci\u00f3n y entrenamiento laboral\"}]},{\"@type\":\"Person\",\"@id\":\"http:\/\/www.produccion.jujuy.gob.ar\/#\/schema\/person\/4b22a01d694f4bbb88e5d19dca067d1d\",\"name\":\"prensa prensa\",\"image\":{\"@type\":\"ImageObject\",\"@id\":\"http:\/\/www.produccion.jujuy.gob.ar\/#personlogo\",\"inLanguage\":\"es\",\"url\":\"http:\/\/2.gravatar.com\/avatar\/869d66de5c875fb1c978e5ff7404f639?s=96&d=mm&r=g\",\"contentUrl\":\"http:\/\/2.gravatar.com\/avatar\/869d66de5c875fb1c978e5ff7404f639?s=96&d=mm&r=g\",\"caption\":\"prensa prensa\"},\"url\":\"http:\/\/www.produccion.jujuy.gob.ar\/?author=2\"}]}<\/script>\n<!-- \/ Yoast SEO plugin. -->","yoast_head_json":{"title":"Industria del software: lanzaron programas de capacitaci\u00f3n y entrenamiento laboral - Ministerio de Desarrollo Econ\u00f3mico y Producci\u00f3n","robots":{"index":"index","follow":"follow","max-snippet":"max-snippet:-1","max-image-preview":"max-image-preview:large","max-video-preview":"max-video-preview:-1"},"canonical":"http:\/\/www.produccion.jujuy.gob.ar\/?p=2855","og_locale":"es_ES","og_type":"article","og_title":"Industria del software: lanzaron programas de capacitaci\u00f3n y entrenamiento laboral - Ministerio de Desarrollo Econ\u00f3mico y Producci\u00f3n","og_description":"A partir del 4 de abril podr\u00e1n inscribirse todos aquellos interesados en la industria del software, a trav\u00e9s de: produccion.jujuy.gob.ar El ministro de Desarrollo Econ\u00f3mico y Producci\u00f3n, Exequiel Lello Ivacevich, encabez\u00f3 elLeer m\u00e1s...","og_url":"http:\/\/www.produccion.jujuy.gob.ar\/?p=2855","og_site_name":"Ministerio de Desarrollo Econ\u00f3mico y Producci\u00f3n","article_published_time":"2022-03-28T15:38:02+00:00","article_modified_time":"2022-03-28T15:38:04+00:00","og_image":[{"width":880,"height":600,"url":"http:\/\/www.produccion.jujuy.gob.ar\/wp-content\/uploads\/2022\/03\/20220325_120014-1jpg.jpg","type":"image\/jpeg"}],"twitter_card":"summary_large_image","twitter_misc":{"Escrito por":"prensa prensa","Tiempo de lectura":"4 minutos"},"schema":{"@context":"https:\/\/schema.org","@graph":[{"@type":"WebSite","@id":"http:\/\/www.produccion.jujuy.gob.ar\/#website","url":"http:\/\/www.produccion.jujuy.gob.ar\/","name":"Ministerio de Desarrollo Econ\u00f3mico y Producci\u00f3n","description":"","potentialAction":[{"@type":"SearchAction","target":{"@type":"EntryPoint","urlTemplate":"http:\/\/www.produccion.jujuy.gob.ar\/?s={search_term_string}"},"query-input":"required name=search_term_string"}],"inLanguage":"es"},{"@type":"ImageObject","@id":"http:\/\/www.produccion.jujuy.gob.ar\/?p=2855#primaryimage","inLanguage":"es","url":"http:\/\/www.produccion.jujuy.gob.ar\/wp-content\/uploads\/2022\/03\/20220325_120014-1jpg.jpg","contentUrl":"http:\/\/www.produccion.jujuy.gob.ar\/wp-content\/uploads\/2022\/03\/20220325_120014-1jpg.jpg","width":880,"height":600},{"@type":"WebPage","@id":"http:\/\/www.produccion.jujuy.gob.ar\/?p=2855#webpage","url":"http:\/\/www.produccion.jujuy.gob.ar\/?p=2855","name":"Industria del software: lanzaron programas de capacitaci\u00f3n y entrenamiento laboral - Ministerio de Desarrollo Econ\u00f3mico y Producci\u00f3n","isPartOf":{"@id":"http:\/\/www.produccion.jujuy.gob.ar\/#website"},"primaryImageOfPage":{"@id":"http:\/\/www.produccion.jujuy.gob.ar\/?p=2855#primaryimage"},"datePublished":"2022-03-28T15:38:02+00:00","dateModified":"2022-03-28T15:38:04+00:00","author":{"@id":"http:\/\/www.produccion.jujuy.gob.ar\/#\/schema\/person\/4b22a01d694f4bbb88e5d19dca067d1d"},"breadcrumb":{"@id":"http:\/\/www.produccion.jujuy.gob.ar\/?p=2855#breadcrumb"},"inLanguage":"es","potentialAction":[{"@type":"ReadAction","target":["http:\/\/www.produccion.jujuy.gob.ar\/?p=2855"]}]},{"@type":"BreadcrumbList","@id":"http:\/\/www.produccion.jujuy.gob.ar\/?p=2855#breadcrumb","itemListElement":[{"@type":"ListItem","position":1,"name":"Portada","item":"https:\/\/www.produccion.jujuy.gob.ar\/"},{"@type":"ListItem","position":2,"name":"Industria del software: lanzaron programas de capacitaci\u00f3n y entrenamiento laboral"}]},{"@type":"Person","@id":"http:\/\/www.produccion.jujuy.gob.ar\/#\/schema\/person\/4b22a01d694f4bbb88e5d19dca067d1d","name":"prensa prensa","image":{"@type":"ImageObject","@id":"http:\/\/www.produccion.jujuy.gob.ar\/#personlogo","inLanguage":"es","url":"http:\/\/2.gravatar.com\/avatar\/869d66de5c875fb1c978e5ff7404f639?s=96&d=mm&r=g","contentUrl":"http:\/\/2.gravatar.com\/avatar\/869d66de5c875fb1c978e5ff7404f639?s=96&d=mm&r=g","caption":"prensa prensa"},"url":"http:\/\/www.produccion.jujuy.gob.ar\/?author=2"}]}},"_links":{"self":[{"href":"http:\/\/www.produccion.jujuy.gob.ar\/index.php?rest_route=\/wp\/v2\/posts\/2855"}],"collection":[{"href":"http:\/\/www.produccion.jujuy.gob.ar\/index.php?rest_route=\/wp\/v2\/posts"}],"about":[{"href":"http:\/\/www.produccion.jujuy.gob.ar\/index.php?rest_route=\/wp\/v2\/types\/post"}],"author":[{"embeddable":true,"href":"http:\/\/www.produccion.jujuy.gob.ar\/index.php?rest_route=\/wp\/v2\/users\/2"}],"replies":[{"embeddable":true,"href":"http:\/\/www.produccion.jujuy.gob.ar\/index.php?rest_route=%2Fwp%2Fv2%2Fcomments&post=2855"}],"version-history":[{"count":1,"href":"http:\/\/www.produccion.jujuy.gob.ar\/index.php?rest_route=\/wp\/v2\/posts\/2855\/revisions"}],"predecessor-version":[{"id":2857,"href":"http:\/\/www.produccion.jujuy.gob.ar\/index.php?rest_route=\/wp\/v2\/posts\/2855\/revisions\/2857"}],"wp:featuredmedia":[{"embeddable":true,"href":"http:\/\/www.produccion.jujuy.gob.ar\/index.php?rest_route=\/wp\/v2\/media\/2856"}],"wp:attachment":[{"href":"http:\/\/www.produccion.jujuy.gob.ar\/index.php?rest_route=%2Fwp%2Fv2%2Fmedia&parent=2855"}],"wp:term":[{"taxonomy":"category","embeddable":true,"href":"http:\/\/www.produccion.jujuy.gob.ar\/index.php?rest_route=%2Fwp%2Fv2%2Fcategories&post=2855"},{"taxonomy":"post_tag","embeddable":true,"href":"http:\/\/www.produccion.jujuy.gob.ar\/index.php?rest_route=%2Fwp%2Fv2%2Ftags&post=2855"}],"curies":[{"name":"wp","href":"https:\/\/api.w.org\/{rel}","templated":true}]}}