{"id":4245,"date":"2023-03-01T12:42:49","date_gmt":"2023-03-01T12:42:49","guid":{"rendered":"http:\/\/www.produccion.jujuy.gob.ar\/?p=4245"},"modified":"2023-03-01T12:42:52","modified_gmt":"2023-03-01T12:42:52","slug":"morales-presento-el-modelo-economico-jujuy-polo-de-desarrollo","status":"publish","type":"post","link":"http:\/\/www.produccion.jujuy.gob.ar\/?p=4245","title":{"rendered":"Morales present\u00f3 el modelo econ\u00f3mico &#8220;Jujuy, Polo de Desarrollo&#8221;"},"content":{"rendered":"\n<p>El Gobernador de la Provincia, en compa\u00f1\u00eda del ministro de Hacienda y Finanzas, Carlos Sadir, abord\u00f3 en detalle los alcances de la estrategia de crecimiento denominada &#8220;Jujuy, Polo de Desarrollo&#8221;. Lo hizo ante importantes grupos empresarios y embajadores de otros pa\u00edses, pormenorizando especialmente el r\u00e9gimen provincial de promoci\u00f3n de inversiones y empleo.<\/p>\n\n\n\n<p>Gerardo Morales present\u00f3 \u201cJujuy, Polo de Desarrollo\u201d, modelo de crecimiento sustentable forjado para atraer inversiones, ejecutar proyectos disruptivos, estimular el crecimiento regional y generar empleo genuino, como primera estrategia para combatir la pobreza a partir del trabajo y la cultura del esfuerzo. \u201cEste es el paso que viene en la provincia y que deber\u00eda seguir la Rep\u00fablica Argentina\u201d, asever\u00f3.<\/p>\n\n\n\n<p>En la oportunidad, el gobernador tambi\u00e9n expuso los alcances de la Ley de Promoci\u00f3n de Inversiones y Empleo, instrumento que establece un esquema de exenci\u00f3n de impuestos provinciales que llega al 100%, al tiempo que prev\u00e9 un plazo de 10 a\u00f1os, prorrogable por otros 10 a\u00f1os.<\/p>\n\n\n\n<p>Asimismo, contempla la devoluci\u00f3n del 30% de devoluci\u00f3n de Impuesto a las Ganancias y si se reinvierten las ganancias, la devoluci\u00f3n puede ascender al 60%.<\/p>\n\n\n\n<p>En la jornada de presentaci\u00f3n realizada en Puerto Madero de la Ciudad Aut\u00f3noma de Buenos Aires, tambi\u00e9n estuvieron presentes la primera dama, Tulia Snopek, el ministro de Hacienda y<\/p>\n\n\n\n<p>Finanzas de Jujuy, Carlos Sadir, uno de los art\u00edfices de la estrategia de progreso que se puso a consideraci\u00f3n de embajadores de distintos pa\u00edses y calificados grupos empresarios, tales como Budeguer y Exar, y el secretario general del Consejo Federal de Inversiones (CFI), Ignacio Lamothe.<\/p>\n\n\n\n<figure class=\"wp-block-image size-large\"><img loading=\"lazy\" width=\"1024\" height=\"684\" src=\"http:\/\/www.produccion.jujuy.gob.ar\/wp-content\/uploads\/2023\/03\/whatsapp-image-2023-02-28-at-194949jpeg-1024x684.jpg\" alt=\"\" class=\"wp-image-4247\" srcset=\"http:\/\/www.produccion.jujuy.gob.ar\/wp-content\/uploads\/2023\/03\/whatsapp-image-2023-02-28-at-194949jpeg-1024x684.jpg 1024w, http:\/\/www.produccion.jujuy.gob.ar\/wp-content\/uploads\/2023\/03\/whatsapp-image-2023-02-28-at-194949jpeg-300x200.jpg 300w, http:\/\/www.produccion.jujuy.gob.ar\/wp-content\/uploads\/2023\/03\/whatsapp-image-2023-02-28-at-194949jpeg-768x513.jpg 768w, http:\/\/www.produccion.jujuy.gob.ar\/wp-content\/uploads\/2023\/03\/whatsapp-image-2023-02-28-at-194949jpeg-272x182.jpg 272w, http:\/\/www.produccion.jujuy.gob.ar\/wp-content\/uploads\/2023\/03\/whatsapp-image-2023-02-28-at-194949jpeg.jpg 1200w\" sizes=\"(max-width: 1024px) 100vw, 1024px\" \/><\/figure>\n\n\n\n<p>En primer t\u00e9rmino, record\u00f3 que \u201cse dec\u00eda injustificadamente que Jujuy era una provincia inviable\u201d, es por ello que decidi\u00f3 \u201cgenerar grandes cambios en las condiciones de vida de la gente, terminando con la violencia, la corrupci\u00f3n, la injusticia, un gobierno paralelo, los piquetes y la impunidad\u201d y observ\u00f3 que lo descripto \u201ces algo que todav\u00eda ocurre en muchos lugares de la Rep\u00fablica Argentina y no lo resuelven por falta de decisi\u00f3n y coraje\u201d. \u201cRestablecimos en definitiva a paz, el orden, la seguridad jur\u00eddica y reglas claras, dejando atr\u00e1s la l\u00f3gica de la confrontaci\u00f3n y 32 a\u00f1os de d\u00e9ficit fiscal para mirar hacia el desarrollo bajo el concepto de Jujuy provincia verde\u201d, resumi\u00f3.<\/p>\n\n\n\n<p>Detall\u00f3 que, desde esta definici\u00f3n, se avanz\u00f3 en la generamos 315 Mw de energ\u00eda solar, a trav\u00e9s de la planta fotovoltaica Cauchari, emplazada en plena Puna juje\u00f1a, con miras a su ampliaci\u00f3n de capacidades para llegar a 500 Mw. Al mismo tiempo se avanza en la producci\u00f3n de 96 Mw de energ\u00eda solar bajo un sistema de generaci\u00f3n distribuida. A ello se suma el proyecto de generaci\u00f3n de energ\u00eda termo-solar en sociedad con INVAP, cuyo modelo se construir\u00e1 en Jujuy para exportar al mundo.<\/p>\n\n\n\n<p>&nbsp;Tambi\u00e9n se destaca la producci\u00f3n de hidr\u00f3geno verde, que comenzar\u00e1 con 1 giga hasta llegar a 10 gigas. A ello se suma la producci\u00f3n de cannabis con fines cient\u00edficos y medicinales, el cual \u201ctrabajamos hace seis a\u00f1os, pero cada d\u00eda sorprende m\u00e1s\u201d.<\/p>\n\n\n\n<p>&nbsp;Adem\u00e1s, con la renta de Cauchari, se construyen 258 edificios educativos nuevos en toda la provincia, dentro del Programa de Mejora del Acceso y la Calidad Educativa (PROMACE) que incluye la refacci\u00f3n de otros 700 establecimientos ya existentes, las obras de 2.000 kil\u00f3metros conectividad, reequipamiento escolar y formaci\u00f3n continua para 17.000 docentes. \u201cLa clave es la matriz energ\u00e9tica y la transici\u00f3n a fuentes renovables\u201d, destac\u00f3 y apunt\u00f3 que, en consecuencia, \u201cse fortalecer\u00e1 el avance en la producci\u00f3n de litio\u201d, anticipando que este a\u00f1o empresas nacionales comenzar\u00e1n a invertir en este rubro en Jujuy. \u201cLa demanda mundial de litio y otros minerales cr\u00edticos, pone a Jujuy y a Argentina en el centro de la escena\u201d, afirm\u00f3 y adelant\u00f3 que \u201cel cl\u00faster que desarrollar\u00e1 el litio es tremendo\u201d, siendo el objetivo central que \u201cen territorio argentino se fabriquen bater\u00edas de litio\u201d.<\/p>\n\n\n\n<p>\u201cDe la mano de la futura ley de movilidad el\u00e9ctrica se abrir\u00e1 un mercado de 35.000 millones de d\u00f3lares\u201d, apunt\u00f3. A la transformaci\u00f3n lograda con el litio, las energ\u00edas limpias, el turismo, el cannabis medicinal y la construcci\u00f3n de 258 escuelas, le sigue el desaf\u00edo de generar m\u00e1s riquezas.<\/p>\n\n\n\n<p>\u201cDe all\u00ed surge el mencionado r\u00e9gimen de promoci\u00f3n de inversiones, a fin de contar con una burgues\u00eda m\u00e1s fuerte que invierta y genere producci\u00f3n y trabajo genuino\u201d, puntualiz\u00f3 y explic\u00f3 que \u201cen este r\u00e9gimen pusimos m\u00e1s de 5.000 millones de pesos\u201d.<\/p>\n\n\n\n<p>Asegur\u00f3 que \u201cpondremos todo lo que sea necesario de las regal\u00edas del litio para devolver carga tributaria, costo laboral y entre un 5% y 30% de las inversiones realizadas\u201d. \u201cEsto -prosigui\u00f3- se complementa con l\u00edneas de cr\u00e9dito para asistencia y fomento, a trav\u00e9s del Consejo de la Microempresa, cuya tasa de inter\u00e9s se ubica en el orden del 14% en estos momentos\u201d.<\/p>\n\n\n\n<p>En otro orden, estim\u00f3 que lleg\u00f3 el momento de optar por \u201cel liderazgo y el coraje para tomar decisiones duras\u201d y resalt\u00f3 que \u201clas organizaciones sociales hoy manejan planes por 700.000 millones de pesos.<\/p>\n\n\n\n<p>Si de esa suma solamente 500.000 millones de pesos se destinar\u00edan a la promoci\u00f3n de inversiones, se comenzar\u00eda a resolver la falta de trabajo\u201d. Por otra parte, Morales se pronunci\u00f3 a favor de \u201cgrandes acuerdos pol\u00edticos nacionales de cara a las necesidades del pa\u00eds a partir del di\u00e1logo\u201d, pero \u201csin ser paloma\u201d, advirti\u00f3.<\/p>\n\n\n\n<p>Continu\u00f3 se\u00f1alando, que \u201cdonde hay confrontaci\u00f3n, hay que confrontar y no esconderte debajo de un escritorio\u201d y apunt\u00f3 que \u201chay un mont\u00f3n de situaciones que cambiar\u00eda de inmediato, contemplando, inclusive, la posibilidad de convocar a una consulta nacional para que el pueblo se exprese ante temas sensibles\u201d.<\/p>\n","protected":false},"excerpt":{"rendered":"<p>El Gobernador de la Provincia, en compa\u00f1\u00eda del ministro de Hacienda y Finanzas, Carlos Sadir, abord\u00f3 en detalle los alcances de la estrategia de crecimiento denominada &#8220;Jujuy, Polo de Desarrollo&#8221;. Lo hizo<a class=\"moretag\" href=\"http:\/\/www.produccion.jujuy.gob.ar\/?p=4245\">Leer m\u00e1s&#8230;<\/a><\/p>\n","protected":false},"author":2,"featured_media":4246,"comment_status":"closed","ping_status":"open","sticky":false,"template":"","format":"standard","meta":[],"categories":[2],"tags":[],"yoast_head":"<!-- This site is optimized with the Yoast SEO plugin v18.3 - https:\/\/yoast.com\/wordpress\/plugins\/seo\/ -->\n<title>Morales present\u00f3 el modelo econ\u00f3mico &quot;Jujuy, Polo de Desarrollo&quot; - Ministerio de Desarrollo Econ\u00f3mico y Producci\u00f3n<\/title>\n<meta name=\"robots\" content=\"index, follow, max-snippet:-1, max-image-preview:large, max-video-preview:-1\" \/>\n<link rel=\"canonical\" href=\"http:\/\/www.produccion.jujuy.gob.ar\/?p=4245\" \/>\n<meta property=\"og:locale\" content=\"es_ES\" \/>\n<meta property=\"og:type\" content=\"article\" \/>\n<meta property=\"og:title\" content=\"Morales present\u00f3 el modelo econ\u00f3mico &quot;Jujuy, Polo de Desarrollo&quot; - Ministerio de Desarrollo Econ\u00f3mico y Producci\u00f3n\" \/>\n<meta property=\"og:description\" content=\"El Gobernador de la Provincia, en compa\u00f1\u00eda del ministro de Hacienda y Finanzas, Carlos Sadir, abord\u00f3 en detalle los alcances de la estrategia de crecimiento denominada &#8220;Jujuy, Polo de Desarrollo&#8221;. Lo hizoLeer m\u00e1s...\" \/>\n<meta property=\"og:url\" content=\"http:\/\/www.produccion.jujuy.gob.ar\/?p=4245\" \/>\n<meta property=\"og:site_name\" content=\"Ministerio de Desarrollo Econ\u00f3mico y Producci\u00f3n\" \/>\n<meta property=\"article:published_time\" content=\"2023-03-01T12:42:49+00:00\" \/>\n<meta property=\"article:modified_time\" content=\"2023-03-01T12:42:52+00:00\" \/>\n<meta property=\"og:image\" content=\"http:\/\/www.produccion.jujuy.gob.ar\/wp-content\/uploads\/2023\/03\/whatsapp-image-2023-02-28-at-194935jpeg.jpg\" \/>\n\t<meta property=\"og:image:width\" content=\"859\" \/>\n\t<meta property=\"og:image:height\" content=\"600\" \/>\n\t<meta property=\"og:image:type\" content=\"image\/jpeg\" \/>\n<meta name=\"twitter:card\" content=\"summary_large_image\" \/>\n<meta name=\"twitter:label1\" content=\"Escrito por\" \/>\n\t<meta name=\"twitter:data1\" content=\"prensa prensa\" \/>\n\t<meta name=\"twitter:label2\" content=\"Tiempo de lectura\" \/>\n\t<meta name=\"twitter:data2\" content=\"5 minutos\" \/>\n<script type=\"application\/ld+json\" class=\"yoast-schema-graph\">{\"@context\":\"https:\/\/schema.org\",\"@graph\":[{\"@type\":\"WebSite\",\"@id\":\"http:\/\/www.produccion.jujuy.gob.ar\/#website\",\"url\":\"http:\/\/www.produccion.jujuy.gob.ar\/\",\"name\":\"Ministerio de Desarrollo Econ\u00f3mico y Producci\u00f3n\",\"description\":\"\",\"potentialAction\":[{\"@type\":\"SearchAction\",\"target\":{\"@type\":\"EntryPoint\",\"urlTemplate\":\"http:\/\/www.produccion.jujuy.gob.ar\/?s={search_term_string}\"},\"query-input\":\"required name=search_term_string\"}],\"inLanguage\":\"es\"},{\"@type\":\"ImageObject\",\"@id\":\"http:\/\/www.produccion.jujuy.gob.ar\/?p=4245#primaryimage\",\"inLanguage\":\"es\",\"url\":\"http:\/\/www.produccion.jujuy.gob.ar\/wp-content\/uploads\/2023\/03\/whatsapp-image-2023-02-28-at-194935jpeg.jpg\",\"contentUrl\":\"http:\/\/www.produccion.jujuy.gob.ar\/wp-content\/uploads\/2023\/03\/whatsapp-image-2023-02-28-at-194935jpeg.jpg\",\"width\":859,\"height\":600},{\"@type\":\"WebPage\",\"@id\":\"http:\/\/www.produccion.jujuy.gob.ar\/?p=4245#webpage\",\"url\":\"http:\/\/www.produccion.jujuy.gob.ar\/?p=4245\",\"name\":\"Morales present\u00f3 el modelo econ\u00f3mico \\\"Jujuy, Polo de Desarrollo\\\" - Ministerio de Desarrollo Econ\u00f3mico y Producci\u00f3n\",\"isPartOf\":{\"@id\":\"http:\/\/www.produccion.jujuy.gob.ar\/#website\"},\"primaryImageOfPage\":{\"@id\":\"http:\/\/www.produccion.jujuy.gob.ar\/?p=4245#primaryimage\"},\"datePublished\":\"2023-03-01T12:42:49+00:00\",\"dateModified\":\"2023-03-01T12:42:52+00:00\",\"author\":{\"@id\":\"http:\/\/www.produccion.jujuy.gob.ar\/#\/schema\/person\/4b22a01d694f4bbb88e5d19dca067d1d\"},\"breadcrumb\":{\"@id\":\"http:\/\/www.produccion.jujuy.gob.ar\/?p=4245#breadcrumb\"},\"inLanguage\":\"es\",\"potentialAction\":[{\"@type\":\"ReadAction\",\"target\":[\"http:\/\/www.produccion.jujuy.gob.ar\/?p=4245\"]}]},{\"@type\":\"BreadcrumbList\",\"@id\":\"http:\/\/www.produccion.jujuy.gob.ar\/?p=4245#breadcrumb\",\"itemListElement\":[{\"@type\":\"ListItem\",\"position\":1,\"name\":\"Portada\",\"item\":\"http:\/\/www.produccion.jujuy.gob.ar\/\"},{\"@type\":\"ListItem\",\"position\":2,\"name\":\"Morales present\u00f3 el modelo econ\u00f3mico &#8220;Jujuy, Polo de Desarrollo&#8221;\"}]},{\"@type\":\"Person\",\"@id\":\"http:\/\/www.produccion.jujuy.gob.ar\/#\/schema\/person\/4b22a01d694f4bbb88e5d19dca067d1d\",\"name\":\"prensa prensa\",\"image\":{\"@type\":\"ImageObject\",\"@id\":\"http:\/\/www.produccion.jujuy.gob.ar\/#personlogo\",\"inLanguage\":\"es\",\"url\":\"http:\/\/2.gravatar.com\/avatar\/869d66de5c875fb1c978e5ff7404f639?s=96&d=mm&r=g\",\"contentUrl\":\"http:\/\/2.gravatar.com\/avatar\/869d66de5c875fb1c978e5ff7404f639?s=96&d=mm&r=g\",\"caption\":\"prensa prensa\"},\"url\":\"http:\/\/www.produccion.jujuy.gob.ar\/?author=2\"}]}<\/script>\n<!-- \/ Yoast SEO plugin. -->","yoast_head_json":{"title":"Morales present\u00f3 el modelo econ\u00f3mico \"Jujuy, Polo de Desarrollo\" - Ministerio de Desarrollo Econ\u00f3mico y Producci\u00f3n","robots":{"index":"index","follow":"follow","max-snippet":"max-snippet:-1","max-image-preview":"max-image-preview:large","max-video-preview":"max-video-preview:-1"},"canonical":"http:\/\/www.produccion.jujuy.gob.ar\/?p=4245","og_locale":"es_ES","og_type":"article","og_title":"Morales present\u00f3 el modelo econ\u00f3mico \"Jujuy, Polo de Desarrollo\" - Ministerio de Desarrollo Econ\u00f3mico y Producci\u00f3n","og_description":"El Gobernador de la Provincia, en compa\u00f1\u00eda del ministro de Hacienda y Finanzas, Carlos Sadir, abord\u00f3 en detalle los alcances de la estrategia de crecimiento denominada &#8220;Jujuy, Polo de Desarrollo&#8221;. Lo hizoLeer m\u00e1s...","og_url":"http:\/\/www.produccion.jujuy.gob.ar\/?p=4245","og_site_name":"Ministerio de Desarrollo Econ\u00f3mico y Producci\u00f3n","article_published_time":"2023-03-01T12:42:49+00:00","article_modified_time":"2023-03-01T12:42:52+00:00","og_image":[{"width":859,"height":600,"url":"http:\/\/www.produccion.jujuy.gob.ar\/wp-content\/uploads\/2023\/03\/whatsapp-image-2023-02-28-at-194935jpeg.jpg","type":"image\/jpeg"}],"twitter_card":"summary_large_image","twitter_misc":{"Escrito por":"prensa prensa","Tiempo de lectura":"5 minutos"},"schema":{"@context":"https:\/\/schema.org","@graph":[{"@type":"WebSite","@id":"http:\/\/www.produccion.jujuy.gob.ar\/#website","url":"http:\/\/www.produccion.jujuy.gob.ar\/","name":"Ministerio de Desarrollo Econ\u00f3mico y Producci\u00f3n","description":"","potentialAction":[{"@type":"SearchAction","target":{"@type":"EntryPoint","urlTemplate":"http:\/\/www.produccion.jujuy.gob.ar\/?s={search_term_string}"},"query-input":"required name=search_term_string"}],"inLanguage":"es"},{"@type":"ImageObject","@id":"http:\/\/www.produccion.jujuy.gob.ar\/?p=4245#primaryimage","inLanguage":"es","url":"http:\/\/www.produccion.jujuy.gob.ar\/wp-content\/uploads\/2023\/03\/whatsapp-image-2023-02-28-at-194935jpeg.jpg","contentUrl":"http:\/\/www.produccion.jujuy.gob.ar\/wp-content\/uploads\/2023\/03\/whatsapp-image-2023-02-28-at-194935jpeg.jpg","width":859,"height":600},{"@type":"WebPage","@id":"http:\/\/www.produccion.jujuy.gob.ar\/?p=4245#webpage","url":"http:\/\/www.produccion.jujuy.gob.ar\/?p=4245","name":"Morales present\u00f3 el modelo econ\u00f3mico \"Jujuy, Polo de Desarrollo\" - Ministerio de Desarrollo Econ\u00f3mico y Producci\u00f3n","isPartOf":{"@id":"http:\/\/www.produccion.jujuy.gob.ar\/#website"},"primaryImageOfPage":{"@id":"http:\/\/www.produccion.jujuy.gob.ar\/?p=4245#primaryimage"},"datePublished":"2023-03-01T12:42:49+00:00","dateModified":"2023-03-01T12:42:52+00:00","author":{"@id":"http:\/\/www.produccion.jujuy.gob.ar\/#\/schema\/person\/4b22a01d694f4bbb88e5d19dca067d1d"},"breadcrumb":{"@id":"http:\/\/www.produccion.jujuy.gob.ar\/?p=4245#breadcrumb"},"inLanguage":"es","potentialAction":[{"@type":"ReadAction","target":["http:\/\/www.produccion.jujuy.gob.ar\/?p=4245"]}]},{"@type":"BreadcrumbList","@id":"http:\/\/www.produccion.jujuy.gob.ar\/?p=4245#breadcrumb","itemListElement":[{"@type":"ListItem","position":1,"name":"Portada","item":"http:\/\/www.produccion.jujuy.gob.ar\/"},{"@type":"ListItem","position":2,"name":"Morales present\u00f3 el modelo econ\u00f3mico &#8220;Jujuy, Polo de Desarrollo&#8221;"}]},{"@type":"Person","@id":"http:\/\/www.produccion.jujuy.gob.ar\/#\/schema\/person\/4b22a01d694f4bbb88e5d19dca067d1d","name":"prensa prensa","image":{"@type":"ImageObject","@id":"http:\/\/www.produccion.jujuy.gob.ar\/#personlogo","inLanguage":"es","url":"http:\/\/2.gravatar.com\/avatar\/869d66de5c875fb1c978e5ff7404f639?s=96&d=mm&r=g","contentUrl":"http:\/\/2.gravatar.com\/avatar\/869d66de5c875fb1c978e5ff7404f639?s=96&d=mm&r=g","caption":"prensa prensa"},"url":"http:\/\/www.produccion.jujuy.gob.ar\/?author=2"}]}},"_links":{"self":[{"href":"http:\/\/www.produccion.jujuy.gob.ar\/index.php?rest_route=\/wp\/v2\/posts\/4245"}],"collection":[{"href":"http:\/\/www.produccion.jujuy.gob.ar\/index.php?rest_route=\/wp\/v2\/posts"}],"about":[{"href":"http:\/\/www.produccion.jujuy.gob.ar\/index.php?rest_route=\/wp\/v2\/types\/post"}],"author":[{"embeddable":true,"href":"http:\/\/www.produccion.jujuy.gob.ar\/index.php?rest_route=\/wp\/v2\/users\/2"}],"replies":[{"embeddable":true,"href":"http:\/\/www.produccion.jujuy.gob.ar\/index.php?rest_route=%2Fwp%2Fv2%2Fcomments&post=4245"}],"version-history":[{"count":1,"href":"http:\/\/www.produccion.jujuy.gob.ar\/index.php?rest_route=\/wp\/v2\/posts\/4245\/revisions"}],"predecessor-version":[{"id":4248,"href":"http:\/\/www.produccion.jujuy.gob.ar\/index.php?rest_route=\/wp\/v2\/posts\/4245\/revisions\/4248"}],"wp:featuredmedia":[{"embeddable":true,"href":"http:\/\/www.produccion.jujuy.gob.ar\/index.php?rest_route=\/wp\/v2\/media\/4246"}],"wp:attachment":[{"href":"http:\/\/www.produccion.jujuy.gob.ar\/index.php?rest_route=%2Fwp%2Fv2%2Fmedia&parent=4245"}],"wp:term":[{"taxonomy":"category","embeddable":true,"href":"http:\/\/www.produccion.jujuy.gob.ar\/index.php?rest_route=%2Fwp%2Fv2%2Fcategories&post=4245"},{"taxonomy":"post_tag","embeddable":true,"href":"http:\/\/www.produccion.jujuy.gob.ar\/index.php?rest_route=%2Fwp%2Fv2%2Ftags&post=4245"}],"curies":[{"name":"wp","href":"https:\/\/api.w.org\/{rel}","templated":true}]}}