{"id":4249,"date":"2023-03-06T14:39:27","date_gmt":"2023-03-06T14:39:27","guid":{"rendered":"http:\/\/www.produccion.jujuy.gob.ar\/?p=4249"},"modified":"2023-03-06T14:39:30","modified_gmt":"2023-03-06T14:39:30","slug":"jujuy-expone-su-potencial-minero-en-la-pdac-2023","status":"publish","type":"post","link":"http:\/\/www.produccion.jujuy.gob.ar\/?p=4249","title":{"rendered":"Jujuy expone su potencial minero en la PDAC 2023"},"content":{"rendered":"\n<p>PDAC, es organizada por la Asociaci\u00f3n de Prospectores y Desarrolladores de Canad\u00e1 y congregan operadores mineros, bancas de inversi\u00f3n y pa\u00edses de todo el mundo.<\/p>\n\n\n\n<p>La comitiva del Gobierno de Jujuy encabezada por el Ministro de Desarrollo Econ\u00f3mico y Producci\u00f3n Juan Carlos Abud Robles, expone el potencial minero de la provincia en la convenci\u00f3n PDAC2023 que se celebra en Toronto \u2013 Canad\u00e1.<\/p>\n\n\n\n<p>Se trata del evento m\u00e1s importante de la miner\u00eda a nivel mundial, es organizado por la Asociaci\u00f3n de Prospectores y Desarrolladores de Canad\u00e1 y congregan operadores mineros, juniors de exploraci\u00f3n, bancas de inversi\u00f3n, pa\u00edses de todo el mundo, entre otros.<\/p>\n\n\n\n<figure class=\"wp-block-image size-large\"><img loading=\"lazy\" width=\"800\" height=\"600\" src=\"http:\/\/www.produccion.jujuy.gob.ar\/wp-content\/uploads\/2023\/03\/e083d619-af67-4bdb-b319-bfe5c4a2e977jpg.jpg\" alt=\"\" class=\"wp-image-4252\" srcset=\"http:\/\/www.produccion.jujuy.gob.ar\/wp-content\/uploads\/2023\/03\/e083d619-af67-4bdb-b319-bfe5c4a2e977jpg.jpg 800w, http:\/\/www.produccion.jujuy.gob.ar\/wp-content\/uploads\/2023\/03\/e083d619-af67-4bdb-b319-bfe5c4a2e977jpg-300x225.jpg 300w, http:\/\/www.produccion.jujuy.gob.ar\/wp-content\/uploads\/2023\/03\/e083d619-af67-4bdb-b319-bfe5c4a2e977jpg-768x576.jpg 768w\" sizes=\"(max-width: 800px) 100vw, 800px\" \/><\/figure>\n\n\n\n<p>\u201cEs la feria de miner\u00eda m\u00e1s importante a nivel mundial y abre las puertas a seguir atrayendo inversiones, aqu\u00ed vamos a trazar nuevas y mejores expectativas para la producci\u00f3n de Jujuy\u201d dijo Abud Robles, resaltando la presencia de Jujuy en este evento donde se define a\u00f1o a a\u00f1o el destino de la inversi\u00f3n minera a nivel internacional.<\/p>\n\n\n\n<p>\u201cVinimos a presentar la fortaleza de nuestra pol\u00edtica minera y a reafirmar que Jujuy est\u00e1 enfocado en el cuidado ambiental y la adaptaci\u00f3n al cambio clim\u00e1tico, aportando minerales cr\u00edticos para la transici\u00f3n energ\u00e9tica como lo son el litio, la plata y el zinc que ya estamos produciendo. Argentina, tiene proyecci\u00f3n y decisi\u00f3n de conectarse con el mundo\u201d, expres\u00f3 el jefe de la cartera productiva.<\/p>\n\n\n\n<p>En la provincia el mercado del litio y polimet\u00e1licos sigue avanzando y estamos encaminados hacia las energ\u00edas renovables y la movilidad el\u00e9ctrica, agreg\u00f3 y resalt\u00f3 que Jujuy es la \u00fanica provincia que tiene actualizado el Catastro Minero en formato shape, est\u00e1 disponible online y recibimos m\u00e1s de 11 mil consultas el a\u00f1o pasado.<\/p>\n\n\n\n<p>El evento se desarrollar\u00e1 hasta el 8 de marzo en el Centro de Convenviones de Toronto, atrae hasta 30.000 asistentes de m\u00e1s de 130 pa\u00edses por su programaci\u00f3n, networking, oportunidades comerciales, entre otras actividades, por Jujuy participan el secretario de Miner\u00eda e Hidrocarburo Dr. Miguel Soler y el presidente de JEMSE Felipe Albornoz.<\/p>\n","protected":false},"excerpt":{"rendered":"<p>PDAC, es organizada por la Asociaci\u00f3n de Prospectores y Desarrolladores de Canad\u00e1 y congregan operadores mineros, bancas de inversi\u00f3n y pa\u00edses de todo el mundo. La comitiva del Gobierno de Jujuy encabezada<a class=\"moretag\" href=\"http:\/\/www.produccion.jujuy.gob.ar\/?p=4249\">Leer m\u00e1s&#8230;<\/a><\/p>\n","protected":false},"author":2,"featured_media":4250,"comment_status":"closed","ping_status":"open","sticky":false,"template":"","format":"standard","meta":[],"categories":[2],"tags":[],"yoast_head":"<!-- This site is optimized with the Yoast SEO plugin v18.3 - https:\/\/yoast.com\/wordpress\/plugins\/seo\/ -->\n<title>Jujuy expone su potencial minero en la PDAC 2023 - Ministerio de Desarrollo Econ\u00f3mico y Producci\u00f3n<\/title>\n<meta name=\"robots\" content=\"index, follow, max-snippet:-1, max-image-preview:large, max-video-preview:-1\" \/>\n<link rel=\"canonical\" href=\"http:\/\/www.produccion.jujuy.gob.ar\/?p=4249\" \/>\n<meta property=\"og:locale\" content=\"es_ES\" \/>\n<meta property=\"og:type\" content=\"article\" \/>\n<meta property=\"og:title\" content=\"Jujuy expone su potencial minero en la PDAC 2023 - Ministerio de Desarrollo Econ\u00f3mico y Producci\u00f3n\" \/>\n<meta property=\"og:description\" content=\"PDAC, es organizada por la Asociaci\u00f3n de Prospectores y Desarrolladores de Canad\u00e1 y congregan operadores mineros, bancas de inversi\u00f3n y pa\u00edses de todo el mundo. La comitiva del Gobierno de Jujuy encabezadaLeer m\u00e1s...\" \/>\n<meta property=\"og:url\" content=\"http:\/\/www.produccion.jujuy.gob.ar\/?p=4249\" \/>\n<meta property=\"og:site_name\" content=\"Ministerio de Desarrollo Econ\u00f3mico y Producci\u00f3n\" \/>\n<meta property=\"article:published_time\" content=\"2023-03-06T14:39:27+00:00\" \/>\n<meta property=\"article:modified_time\" content=\"2023-03-06T14:39:30+00:00\" \/>\n<meta property=\"og:image\" content=\"http:\/\/www.produccion.jujuy.gob.ar\/wp-content\/uploads\/2023\/03\/pdac2023jpg.jpg\" \/>\n\t<meta property=\"og:image:width\" content=\"884\" \/>\n\t<meta property=\"og:image:height\" content=\"604\" \/>\n\t<meta property=\"og:image:type\" content=\"image\/jpeg\" \/>\n<meta name=\"twitter:card\" content=\"summary_large_image\" \/>\n<meta name=\"twitter:label1\" content=\"Escrito por\" \/>\n\t<meta name=\"twitter:data1\" content=\"prensa prensa\" \/>\n\t<meta name=\"twitter:label2\" content=\"Tiempo de lectura\" \/>\n\t<meta name=\"twitter:data2\" content=\"2 minutos\" \/>\n<script type=\"application\/ld+json\" class=\"yoast-schema-graph\">{\"@context\":\"https:\/\/schema.org\",\"@graph\":[{\"@type\":\"WebSite\",\"@id\":\"http:\/\/www.produccion.jujuy.gob.ar\/#website\",\"url\":\"http:\/\/www.produccion.jujuy.gob.ar\/\",\"name\":\"Ministerio de Desarrollo Econ\u00f3mico y Producci\u00f3n\",\"description\":\"\",\"potentialAction\":[{\"@type\":\"SearchAction\",\"target\":{\"@type\":\"EntryPoint\",\"urlTemplate\":\"http:\/\/www.produccion.jujuy.gob.ar\/?s={search_term_string}\"},\"query-input\":\"required name=search_term_string\"}],\"inLanguage\":\"es\"},{\"@type\":\"ImageObject\",\"@id\":\"http:\/\/www.produccion.jujuy.gob.ar\/?p=4249#primaryimage\",\"inLanguage\":\"es\",\"url\":\"http:\/\/www.produccion.jujuy.gob.ar\/wp-content\/uploads\/2023\/03\/pdac2023jpg.jpg\",\"contentUrl\":\"http:\/\/www.produccion.jujuy.gob.ar\/wp-content\/uploads\/2023\/03\/pdac2023jpg.jpg\",\"width\":884,\"height\":604},{\"@type\":\"WebPage\",\"@id\":\"http:\/\/www.produccion.jujuy.gob.ar\/?p=4249#webpage\",\"url\":\"http:\/\/www.produccion.jujuy.gob.ar\/?p=4249\",\"name\":\"Jujuy expone su potencial minero en la PDAC 2023 - Ministerio de Desarrollo Econ\u00f3mico y Producci\u00f3n\",\"isPartOf\":{\"@id\":\"http:\/\/www.produccion.jujuy.gob.ar\/#website\"},\"primaryImageOfPage\":{\"@id\":\"http:\/\/www.produccion.jujuy.gob.ar\/?p=4249#primaryimage\"},\"datePublished\":\"2023-03-06T14:39:27+00:00\",\"dateModified\":\"2023-03-06T14:39:30+00:00\",\"author\":{\"@id\":\"http:\/\/www.produccion.jujuy.gob.ar\/#\/schema\/person\/4b22a01d694f4bbb88e5d19dca067d1d\"},\"breadcrumb\":{\"@id\":\"http:\/\/www.produccion.jujuy.gob.ar\/?p=4249#breadcrumb\"},\"inLanguage\":\"es\",\"potentialAction\":[{\"@type\":\"ReadAction\",\"target\":[\"http:\/\/www.produccion.jujuy.gob.ar\/?p=4249\"]}]},{\"@type\":\"BreadcrumbList\",\"@id\":\"http:\/\/www.produccion.jujuy.gob.ar\/?p=4249#breadcrumb\",\"itemListElement\":[{\"@type\":\"ListItem\",\"position\":1,\"name\":\"Portada\",\"item\":\"http:\/\/www.produccion.jujuy.gob.ar\/\"},{\"@type\":\"ListItem\",\"position\":2,\"name\":\"Jujuy expone su potencial minero en la PDAC 2023\"}]},{\"@type\":\"Person\",\"@id\":\"http:\/\/www.produccion.jujuy.gob.ar\/#\/schema\/person\/4b22a01d694f4bbb88e5d19dca067d1d\",\"name\":\"prensa prensa\",\"image\":{\"@type\":\"ImageObject\",\"@id\":\"http:\/\/www.produccion.jujuy.gob.ar\/#personlogo\",\"inLanguage\":\"es\",\"url\":\"http:\/\/2.gravatar.com\/avatar\/869d66de5c875fb1c978e5ff7404f639?s=96&d=mm&r=g\",\"contentUrl\":\"http:\/\/2.gravatar.com\/avatar\/869d66de5c875fb1c978e5ff7404f639?s=96&d=mm&r=g\",\"caption\":\"prensa prensa\"},\"url\":\"http:\/\/www.produccion.jujuy.gob.ar\/?author=2\"}]}<\/script>\n<!-- \/ Yoast SEO plugin. -->","yoast_head_json":{"title":"Jujuy expone su potencial minero en la PDAC 2023 - Ministerio de Desarrollo Econ\u00f3mico y Producci\u00f3n","robots":{"index":"index","follow":"follow","max-snippet":"max-snippet:-1","max-image-preview":"max-image-preview:large","max-video-preview":"max-video-preview:-1"},"canonical":"http:\/\/www.produccion.jujuy.gob.ar\/?p=4249","og_locale":"es_ES","og_type":"article","og_title":"Jujuy expone su potencial minero en la PDAC 2023 - Ministerio de Desarrollo Econ\u00f3mico y Producci\u00f3n","og_description":"PDAC, es organizada por la Asociaci\u00f3n de Prospectores y Desarrolladores de Canad\u00e1 y congregan operadores mineros, bancas de inversi\u00f3n y pa\u00edses de todo el mundo. La comitiva del Gobierno de Jujuy encabezadaLeer m\u00e1s...","og_url":"http:\/\/www.produccion.jujuy.gob.ar\/?p=4249","og_site_name":"Ministerio de Desarrollo Econ\u00f3mico y Producci\u00f3n","article_published_time":"2023-03-06T14:39:27+00:00","article_modified_time":"2023-03-06T14:39:30+00:00","og_image":[{"width":884,"height":604,"url":"http:\/\/www.produccion.jujuy.gob.ar\/wp-content\/uploads\/2023\/03\/pdac2023jpg.jpg","type":"image\/jpeg"}],"twitter_card":"summary_large_image","twitter_misc":{"Escrito por":"prensa prensa","Tiempo de lectura":"2 minutos"},"schema":{"@context":"https:\/\/schema.org","@graph":[{"@type":"WebSite","@id":"http:\/\/www.produccion.jujuy.gob.ar\/#website","url":"http:\/\/www.produccion.jujuy.gob.ar\/","name":"Ministerio de Desarrollo Econ\u00f3mico y Producci\u00f3n","description":"","potentialAction":[{"@type":"SearchAction","target":{"@type":"EntryPoint","urlTemplate":"http:\/\/www.produccion.jujuy.gob.ar\/?s={search_term_string}"},"query-input":"required name=search_term_string"}],"inLanguage":"es"},{"@type":"ImageObject","@id":"http:\/\/www.produccion.jujuy.gob.ar\/?p=4249#primaryimage","inLanguage":"es","url":"http:\/\/www.produccion.jujuy.gob.ar\/wp-content\/uploads\/2023\/03\/pdac2023jpg.jpg","contentUrl":"http:\/\/www.produccion.jujuy.gob.ar\/wp-content\/uploads\/2023\/03\/pdac2023jpg.jpg","width":884,"height":604},{"@type":"WebPage","@id":"http:\/\/www.produccion.jujuy.gob.ar\/?p=4249#webpage","url":"http:\/\/www.produccion.jujuy.gob.ar\/?p=4249","name":"Jujuy expone su potencial minero en la PDAC 2023 - Ministerio de Desarrollo Econ\u00f3mico y Producci\u00f3n","isPartOf":{"@id":"http:\/\/www.produccion.jujuy.gob.ar\/#website"},"primaryImageOfPage":{"@id":"http:\/\/www.produccion.jujuy.gob.ar\/?p=4249#primaryimage"},"datePublished":"2023-03-06T14:39:27+00:00","dateModified":"2023-03-06T14:39:30+00:00","author":{"@id":"http:\/\/www.produccion.jujuy.gob.ar\/#\/schema\/person\/4b22a01d694f4bbb88e5d19dca067d1d"},"breadcrumb":{"@id":"http:\/\/www.produccion.jujuy.gob.ar\/?p=4249#breadcrumb"},"inLanguage":"es","potentialAction":[{"@type":"ReadAction","target":["http:\/\/www.produccion.jujuy.gob.ar\/?p=4249"]}]},{"@type":"BreadcrumbList","@id":"http:\/\/www.produccion.jujuy.gob.ar\/?p=4249#breadcrumb","itemListElement":[{"@type":"ListItem","position":1,"name":"Portada","item":"http:\/\/www.produccion.jujuy.gob.ar\/"},{"@type":"ListItem","position":2,"name":"Jujuy expone su potencial minero en la PDAC 2023"}]},{"@type":"Person","@id":"http:\/\/www.produccion.jujuy.gob.ar\/#\/schema\/person\/4b22a01d694f4bbb88e5d19dca067d1d","name":"prensa prensa","image":{"@type":"ImageObject","@id":"http:\/\/www.produccion.jujuy.gob.ar\/#personlogo","inLanguage":"es","url":"http:\/\/2.gravatar.com\/avatar\/869d66de5c875fb1c978e5ff7404f639?s=96&d=mm&r=g","contentUrl":"http:\/\/2.gravatar.com\/avatar\/869d66de5c875fb1c978e5ff7404f639?s=96&d=mm&r=g","caption":"prensa prensa"},"url":"http:\/\/www.produccion.jujuy.gob.ar\/?author=2"}]}},"_links":{"self":[{"href":"http:\/\/www.produccion.jujuy.gob.ar\/index.php?rest_route=\/wp\/v2\/posts\/4249"}],"collection":[{"href":"http:\/\/www.produccion.jujuy.gob.ar\/index.php?rest_route=\/wp\/v2\/posts"}],"about":[{"href":"http:\/\/www.produccion.jujuy.gob.ar\/index.php?rest_route=\/wp\/v2\/types\/post"}],"author":[{"embeddable":true,"href":"http:\/\/www.produccion.jujuy.gob.ar\/index.php?rest_route=\/wp\/v2\/users\/2"}],"replies":[{"embeddable":true,"href":"http:\/\/www.produccion.jujuy.gob.ar\/index.php?rest_route=%2Fwp%2Fv2%2Fcomments&post=4249"}],"version-history":[{"count":1,"href":"http:\/\/www.produccion.jujuy.gob.ar\/index.php?rest_route=\/wp\/v2\/posts\/4249\/revisions"}],"predecessor-version":[{"id":4253,"href":"http:\/\/www.produccion.jujuy.gob.ar\/index.php?rest_route=\/wp\/v2\/posts\/4249\/revisions\/4253"}],"wp:featuredmedia":[{"embeddable":true,"href":"http:\/\/www.produccion.jujuy.gob.ar\/index.php?rest_route=\/wp\/v2\/media\/4250"}],"wp:attachment":[{"href":"http:\/\/www.produccion.jujuy.gob.ar\/index.php?rest_route=%2Fwp%2Fv2%2Fmedia&parent=4249"}],"wp:term":[{"taxonomy":"category","embeddable":true,"href":"http:\/\/www.produccion.jujuy.gob.ar\/index.php?rest_route=%2Fwp%2Fv2%2Fcategories&post=4249"},{"taxonomy":"post_tag","embeddable":true,"href":"http:\/\/www.produccion.jujuy.gob.ar\/index.php?rest_route=%2Fwp%2Fv2%2Ftags&post=4249"}],"curies":[{"name":"wp","href":"https:\/\/api.w.org\/{rel}","templated":true}]}}