{"id":525,"date":"2021-04-25T15:42:52","date_gmt":"2021-04-25T15:42:52","guid":{"rendered":"http:\/\/190.52.39.248:8061\/?p=525"},"modified":"2021-04-25T23:03:05","modified_gmt":"2021-04-25T23:03:05","slug":"emprendedores-de-perico-recibieron-creditos-microsol","status":"publish","type":"post","link":"http:\/\/www.produccion.jujuy.gob.ar\/?p=525","title":{"rendered":"Emprendedores de Perico recibieron cr\u00e9ditos Microsol"},"content":{"rendered":"\n<div class=\"wp-block-media-text alignwide is-stacked-on-mobile\"><figure class=\"wp-block-media-text__media\"><img loading=\"lazy\" width=\"1024\" height=\"949\" src=\"http:\/\/190.52.39.248:8061\/wp-content\/uploads\/2021\/04\/creditos-perico-e1619391219664-1024x949.jpg\" alt=\"\" class=\"wp-image-526 size-medium\" srcset=\"http:\/\/www.produccion.jujuy.gob.ar\/wp-content\/uploads\/2021\/04\/creditos-perico-e1619391219664-1024x949.jpg 1024w, http:\/\/www.produccion.jujuy.gob.ar\/wp-content\/uploads\/2021\/04\/creditos-perico-e1619391219664-300x278.jpg 300w, http:\/\/www.produccion.jujuy.gob.ar\/wp-content\/uploads\/2021\/04\/creditos-perico-e1619391219664-768x712.jpg 768w, http:\/\/www.produccion.jujuy.gob.ar\/wp-content\/uploads\/2021\/04\/creditos-perico-e1619391219664.jpg 1083w\" sizes=\"(max-width: 1024px) 100vw, 1024px\" \/><\/figure><div class=\"wp-block-media-text__content\">\n<p class=\"has-normal-font-size\">El ministro <a href=\"https:\/\/www.facebook.com\/hashtag\/exequiellelloivacevich?__eep__=6&amp;__cft__[0]=AZVIEyy_MDpZY3A2awFlizGvQIGxlOMdOurzTk7iNuUProrNigVztKJ7OF_eWxN1a6pGyoWvyepsFuF1UvS9gZtfwzgjIu3C8KiNQX4dcHDTJbWgnDeYLKQ99hX3o7WSmRBs8HCQdL8t_HwEgPLganiW1HR6Bve2spgc2HM-jpVngw&amp;__tn__=*NK-R\">#ExequielLelloIvacevich<\/a> realiz\u00f3 la entrega de cr\u00e9ditos por 279.000 pesos a emprendedores de diferentes rubros de la ciudad de Perico. Esta asistencia econ\u00f3mica se enmarca en el programa <a href=\"https:\/\/www.facebook.com\/hashtag\/microsol?__eep__=6&amp;__cft__[0]=AZVIEyy_MDpZY3A2awFlizGvQIGxlOMdOurzTk7iNuUProrNigVztKJ7OF_eWxN1a6pGyoWvyepsFuF1UvS9gZtfwzgjIu3C8KiNQX4dcHDTJbWgnDeYLKQ99hX3o7WSmRBs8HCQdL8t_HwEgPLganiW1HR6Bve2spgc2HM-jpVngw&amp;__tn__=*NK-R\">#Microsol<\/a>, del <a href=\"https:\/\/www.facebook.com\/consejodelamicroempresa\/?__cft__[0]=AZVIEyy_MDpZY3A2awFlizGvQIGxlOMdOurzTk7iNuUProrNigVztKJ7OF_eWxN1a6pGyoWvyepsFuF1UvS9gZtfwzgjIu3C8KiNQX4dcHDTJbWgnDeYLKQ99hX3o7WSmRBs8HCQdL8t_HwEgPLganiW1HR6Bve2spgc2HM-jpVngw&amp;__tn__=kK-R\">Consejo de la Microempresa<\/a>, destinado a la creaci\u00f3n y desarrollo de peque\u00f1os emprendimientos. El ministro afirm\u00f3 que \u201cesto no se trata s\u00f3lo de una asistencia, sino de generar oportunidades, proyectos y de avalar la iniciativa de cada uno de los emprendedores&#8221;.<\/p>\n<\/div><\/div>\n\n\n\n<p><a href=\"https:\/\/www.facebook.com\/hashtag\/jujuyenerg%C3%ADaviva?__eep__=6&amp;__cft__[0]=AZVIEyy_MDpZY3A2awFlizGvQIGxlOMdOurzTk7iNuUProrNigVztKJ7OF_eWxN1a6pGyoWvyepsFuF1UvS9gZtfwzgjIu3C8KiNQX4dcHDTJbWgnDeYLKQ99hX3o7WSmRBs8HCQdL8t_HwEgPLganiW1HR6Bve2spgc2HM-jpVngw&amp;__tn__=*NK-R\">#JujuyEnerg\u00edaViva<\/a><a href=\"https:\/\/www.facebook.com\/hashtag\/jujuyproduce?__eep__=6&amp;__cft__[0]=AZVIEyy_MDpZY3A2awFlizGvQIGxlOMdOurzTk7iNuUProrNigVztKJ7OF_eWxN1a6pGyoWvyepsFuF1UvS9gZtfwzgjIu3C8KiNQX4dcHDTJbWgnDeYLKQ99hX3o7WSmRBs8HCQdL8t_HwEgPLganiW1HR6Bve2spgc2HM-jpVngw&amp;__tn__=*NK-R\">#JujuyProduce<\/a><\/p>\n","protected":false},"excerpt":{"rendered":"<p>El ministro #ExequielLelloIvacevich realiz\u00f3 la entrega de cr\u00e9ditos por 279.000 pesos a emprendedores de diferentes rubros de la ciudad de Perico. Esta asistencia econ\u00f3mica se enmarca en el programa #Microsol, del Consejo<a class=\"moretag\" href=\"http:\/\/www.produccion.jujuy.gob.ar\/?p=525\">Leer m\u00e1s&#8230;<\/a><\/p>\n","protected":false},"author":1,"featured_media":526,"comment_status":"closed","ping_status":"open","sticky":false,"template":"","format":"standard","meta":[],"categories":[2],"tags":[],"yoast_head":"<!-- This site is optimized with the Yoast SEO plugin v18.3 - https:\/\/yoast.com\/wordpress\/plugins\/seo\/ -->\n<title>Emprendedores de Perico recibieron cr\u00e9ditos Microsol - Ministerio de Desarrollo Econ\u00f3mico y Producci\u00f3n<\/title>\n<meta name=\"robots\" content=\"index, follow, max-snippet:-1, max-image-preview:large, max-video-preview:-1\" \/>\n<link rel=\"canonical\" href=\"https:\/\/www.produccion.jujuy.gob.ar\/?p=525\" \/>\n<meta property=\"og:locale\" content=\"es_ES\" \/>\n<meta property=\"og:type\" content=\"article\" \/>\n<meta property=\"og:title\" content=\"Emprendedores de Perico recibieron cr\u00e9ditos Microsol - Ministerio de Desarrollo Econ\u00f3mico y Producci\u00f3n\" \/>\n<meta property=\"og:description\" content=\"El ministro #ExequielLelloIvacevich realiz\u00f3 la entrega de cr\u00e9ditos por 279.000 pesos a emprendedores de diferentes rubros de la ciudad de Perico. Esta asistencia econ\u00f3mica se enmarca en el programa #Microsol, del ConsejoLeer m\u00e1s...\" \/>\n<meta property=\"og:url\" content=\"https:\/\/www.produccion.jujuy.gob.ar\/?p=525\" \/>\n<meta property=\"og:site_name\" content=\"Ministerio de Desarrollo Econ\u00f3mico y Producci\u00f3n\" \/>\n<meta property=\"article:published_time\" content=\"2021-04-25T15:42:52+00:00\" \/>\n<meta property=\"article:modified_time\" content=\"2021-04-25T23:03:05+00:00\" \/>\n<meta property=\"og:image\" content=\"https:\/\/www.produccion.jujuy.gob.ar\/wp-content\/uploads\/2021\/04\/creditos-perico-e1619391219664.jpg\" \/>\n\t<meta property=\"og:image:width\" content=\"1083\" \/>\n\t<meta property=\"og:image:height\" content=\"1004\" \/>\n\t<meta property=\"og:image:type\" content=\"image\/jpeg\" \/>\n<meta name=\"twitter:card\" content=\"summary_large_image\" \/>\n<meta name=\"twitter:label1\" content=\"Escrito por\" \/>\n\t<meta name=\"twitter:data1\" content=\"admin\" \/>\n<script type=\"application\/ld+json\" class=\"yoast-schema-graph\">{\"@context\":\"https:\/\/schema.org\",\"@graph\":[{\"@type\":\"WebSite\",\"@id\":\"http:\/\/www.produccion.jujuy.gob.ar\/#website\",\"url\":\"http:\/\/www.produccion.jujuy.gob.ar\/\",\"name\":\"Ministerio de Desarrollo Econ\u00f3mico y Producci\u00f3n\",\"description\":\"\",\"potentialAction\":[{\"@type\":\"SearchAction\",\"target\":{\"@type\":\"EntryPoint\",\"urlTemplate\":\"http:\/\/www.produccion.jujuy.gob.ar\/?s={search_term_string}\"},\"query-input\":\"required name=search_term_string\"}],\"inLanguage\":\"es\"},{\"@type\":\"ImageObject\",\"@id\":\"https:\/\/www.produccion.jujuy.gob.ar\/?p=525#primaryimage\",\"inLanguage\":\"es\",\"url\":\"http:\/\/www.produccion.jujuy.gob.ar\/wp-content\/uploads\/2021\/04\/creditos-perico-e1619391219664.jpg\",\"contentUrl\":\"http:\/\/www.produccion.jujuy.gob.ar\/wp-content\/uploads\/2021\/04\/creditos-perico-e1619391219664.jpg\",\"width\":1083,\"height\":1004},{\"@type\":\"WebPage\",\"@id\":\"https:\/\/www.produccion.jujuy.gob.ar\/?p=525#webpage\",\"url\":\"https:\/\/www.produccion.jujuy.gob.ar\/?p=525\",\"name\":\"Emprendedores de Perico recibieron cr\u00e9ditos Microsol - Ministerio de Desarrollo Econ\u00f3mico y Producci\u00f3n\",\"isPartOf\":{\"@id\":\"http:\/\/www.produccion.jujuy.gob.ar\/#website\"},\"primaryImageOfPage\":{\"@id\":\"https:\/\/www.produccion.jujuy.gob.ar\/?p=525#primaryimage\"},\"datePublished\":\"2021-04-25T15:42:52+00:00\",\"dateModified\":\"2021-04-25T23:03:05+00:00\",\"author\":{\"@id\":\"http:\/\/www.produccion.jujuy.gob.ar\/#\/schema\/person\/8c6219b6926d383d499228a04dc2df6d\"},\"breadcrumb\":{\"@id\":\"https:\/\/www.produccion.jujuy.gob.ar\/?p=525#breadcrumb\"},\"inLanguage\":\"es\",\"potentialAction\":[{\"@type\":\"ReadAction\",\"target\":[\"https:\/\/www.produccion.jujuy.gob.ar\/?p=525\"]}]},{\"@type\":\"BreadcrumbList\",\"@id\":\"https:\/\/www.produccion.jujuy.gob.ar\/?p=525#breadcrumb\",\"itemListElement\":[{\"@type\":\"ListItem\",\"position\":1,\"name\":\"Portada\",\"item\":\"https:\/\/www.produccion.jujuy.gob.ar\/\"},{\"@type\":\"ListItem\",\"position\":2,\"name\":\"Emprendedores de Perico recibieron cr\u00e9ditos Microsol\"}]},{\"@type\":\"Person\",\"@id\":\"http:\/\/www.produccion.jujuy.gob.ar\/#\/schema\/person\/8c6219b6926d383d499228a04dc2df6d\",\"name\":\"admin\",\"image\":{\"@type\":\"ImageObject\",\"@id\":\"http:\/\/www.produccion.jujuy.gob.ar\/#personlogo\",\"inLanguage\":\"es\",\"url\":\"http:\/\/2.gravatar.com\/avatar\/571e41bafd9e3ec7b0e898d5daeb960e?s=96&d=mm&r=g\",\"contentUrl\":\"http:\/\/2.gravatar.com\/avatar\/571e41bafd9e3ec7b0e898d5daeb960e?s=96&d=mm&r=g\",\"caption\":\"admin\"},\"sameAs\":[\"http:\/\/#\"],\"url\":\"http:\/\/www.produccion.jujuy.gob.ar\/?author=1\"}]}<\/script>\n<!-- \/ Yoast SEO plugin. -->","yoast_head_json":{"title":"Emprendedores de Perico recibieron cr\u00e9ditos Microsol - Ministerio de Desarrollo Econ\u00f3mico y Producci\u00f3n","robots":{"index":"index","follow":"follow","max-snippet":"max-snippet:-1","max-image-preview":"max-image-preview:large","max-video-preview":"max-video-preview:-1"},"canonical":"https:\/\/www.produccion.jujuy.gob.ar\/?p=525","og_locale":"es_ES","og_type":"article","og_title":"Emprendedores de Perico recibieron cr\u00e9ditos Microsol - Ministerio de Desarrollo Econ\u00f3mico y Producci\u00f3n","og_description":"El ministro #ExequielLelloIvacevich realiz\u00f3 la entrega de cr\u00e9ditos por 279.000 pesos a emprendedores de diferentes rubros de la ciudad de Perico. Esta asistencia econ\u00f3mica se enmarca en el programa #Microsol, del ConsejoLeer m\u00e1s...","og_url":"https:\/\/www.produccion.jujuy.gob.ar\/?p=525","og_site_name":"Ministerio de Desarrollo Econ\u00f3mico y Producci\u00f3n","article_published_time":"2021-04-25T15:42:52+00:00","article_modified_time":"2021-04-25T23:03:05+00:00","og_image":[{"width":1083,"height":1004,"url":"https:\/\/www.produccion.jujuy.gob.ar\/wp-content\/uploads\/2021\/04\/creditos-perico-e1619391219664.jpg","type":"image\/jpeg"}],"twitter_card":"summary_large_image","twitter_misc":{"Escrito por":"admin"},"schema":{"@context":"https:\/\/schema.org","@graph":[{"@type":"WebSite","@id":"http:\/\/www.produccion.jujuy.gob.ar\/#website","url":"http:\/\/www.produccion.jujuy.gob.ar\/","name":"Ministerio de Desarrollo Econ\u00f3mico y Producci\u00f3n","description":"","potentialAction":[{"@type":"SearchAction","target":{"@type":"EntryPoint","urlTemplate":"http:\/\/www.produccion.jujuy.gob.ar\/?s={search_term_string}"},"query-input":"required name=search_term_string"}],"inLanguage":"es"},{"@type":"ImageObject","@id":"https:\/\/www.produccion.jujuy.gob.ar\/?p=525#primaryimage","inLanguage":"es","url":"http:\/\/www.produccion.jujuy.gob.ar\/wp-content\/uploads\/2021\/04\/creditos-perico-e1619391219664.jpg","contentUrl":"http:\/\/www.produccion.jujuy.gob.ar\/wp-content\/uploads\/2021\/04\/creditos-perico-e1619391219664.jpg","width":1083,"height":1004},{"@type":"WebPage","@id":"https:\/\/www.produccion.jujuy.gob.ar\/?p=525#webpage","url":"https:\/\/www.produccion.jujuy.gob.ar\/?p=525","name":"Emprendedores de Perico recibieron cr\u00e9ditos Microsol - Ministerio de Desarrollo Econ\u00f3mico y Producci\u00f3n","isPartOf":{"@id":"http:\/\/www.produccion.jujuy.gob.ar\/#website"},"primaryImageOfPage":{"@id":"https:\/\/www.produccion.jujuy.gob.ar\/?p=525#primaryimage"},"datePublished":"2021-04-25T15:42:52+00:00","dateModified":"2021-04-25T23:03:05+00:00","author":{"@id":"http:\/\/www.produccion.jujuy.gob.ar\/#\/schema\/person\/8c6219b6926d383d499228a04dc2df6d"},"breadcrumb":{"@id":"https:\/\/www.produccion.jujuy.gob.ar\/?p=525#breadcrumb"},"inLanguage":"es","potentialAction":[{"@type":"ReadAction","target":["https:\/\/www.produccion.jujuy.gob.ar\/?p=525"]}]},{"@type":"BreadcrumbList","@id":"https:\/\/www.produccion.jujuy.gob.ar\/?p=525#breadcrumb","itemListElement":[{"@type":"ListItem","position":1,"name":"Portada","item":"https:\/\/www.produccion.jujuy.gob.ar\/"},{"@type":"ListItem","position":2,"name":"Emprendedores de Perico recibieron cr\u00e9ditos Microsol"}]},{"@type":"Person","@id":"http:\/\/www.produccion.jujuy.gob.ar\/#\/schema\/person\/8c6219b6926d383d499228a04dc2df6d","name":"admin","image":{"@type":"ImageObject","@id":"http:\/\/www.produccion.jujuy.gob.ar\/#personlogo","inLanguage":"es","url":"http:\/\/2.gravatar.com\/avatar\/571e41bafd9e3ec7b0e898d5daeb960e?s=96&d=mm&r=g","contentUrl":"http:\/\/2.gravatar.com\/avatar\/571e41bafd9e3ec7b0e898d5daeb960e?s=96&d=mm&r=g","caption":"admin"},"sameAs":["http:\/\/#"],"url":"http:\/\/www.produccion.jujuy.gob.ar\/?author=1"}]}},"_links":{"self":[{"href":"http:\/\/www.produccion.jujuy.gob.ar\/index.php?rest_route=\/wp\/v2\/posts\/525"}],"collection":[{"href":"http:\/\/www.produccion.jujuy.gob.ar\/index.php?rest_route=\/wp\/v2\/posts"}],"about":[{"href":"http:\/\/www.produccion.jujuy.gob.ar\/index.php?rest_route=\/wp\/v2\/types\/post"}],"author":[{"embeddable":true,"href":"http:\/\/www.produccion.jujuy.gob.ar\/index.php?rest_route=\/wp\/v2\/users\/1"}],"replies":[{"embeddable":true,"href":"http:\/\/www.produccion.jujuy.gob.ar\/index.php?rest_route=%2Fwp%2Fv2%2Fcomments&post=525"}],"version-history":[{"count":15,"href":"http:\/\/www.produccion.jujuy.gob.ar\/index.php?rest_route=\/wp\/v2\/posts\/525\/revisions"}],"predecessor-version":[{"id":590,"href":"http:\/\/www.produccion.jujuy.gob.ar\/index.php?rest_route=\/wp\/v2\/posts\/525\/revisions\/590"}],"wp:featuredmedia":[{"embeddable":true,"href":"http:\/\/www.produccion.jujuy.gob.ar\/index.php?rest_route=\/wp\/v2\/media\/526"}],"wp:attachment":[{"href":"http:\/\/www.produccion.jujuy.gob.ar\/index.php?rest_route=%2Fwp%2Fv2%2Fmedia&parent=525"}],"wp:term":[{"taxonomy":"category","embeddable":true,"href":"http:\/\/www.produccion.jujuy.gob.ar\/index.php?rest_route=%2Fwp%2Fv2%2Fcategories&post=525"},{"taxonomy":"post_tag","embeddable":true,"href":"http:\/\/www.produccion.jujuy.gob.ar\/index.php?rest_route=%2Fwp%2Fv2%2Ftags&post=525"}],"curies":[{"name":"wp","href":"https:\/\/api.w.org\/{rel}","templated":true}]}}