{"id":6656,"date":"2024-03-18T14:39:58","date_gmt":"2024-03-18T14:39:58","guid":{"rendered":"http:\/\/www.produccion.jujuy.gob.ar\/?p=6656"},"modified":"2024-03-18T14:40:01","modified_gmt":"2024-03-18T14:40:01","slug":"jujuy-tiene-la-vicepresidencia-del-cofedec","status":"publish","type":"post","link":"http:\/\/www.produccion.jujuy.gob.ar\/?p=6656","title":{"rendered":"Jujuy tiene la vicepresidencia del COFEDEC"},"content":{"rendered":"\n<p>En la \u00faltima asamblea del Consejo Federal del Consumo (Cofedec), se resolvi\u00f3 por voto un\u00e1nime que Jujuy quede al frente de la vicepresidencia, en reconocimiento a su continuo trabajo en defensa de los derechos del consumidor.<\/p>\n\n\n\n<p>El COFEDEC es el \u00e1mbito donde se discuten las pol\u00edticas relacionadas con la defensa del consumidor en la Argentina. Por eso, la distinci\u00f3n que recibi\u00f3 la provincia es fundamental ya que al ocupar la vicepresidencia, podr\u00e1 impulsar un dialogo m\u00e1s federalista y con un enfoque que incluya la problem\u00e1tica de los usuarios y consumidores del NOA.<\/p>\n","protected":false},"excerpt":{"rendered":"<p>En la \u00faltima asamblea del Consejo Federal del Consumo (Cofedec), se resolvi\u00f3 por voto un\u00e1nime que Jujuy quede al frente de la vicepresidencia, en reconocimiento a su continuo trabajo en defensa de<a class=\"moretag\" href=\"http:\/\/www.produccion.jujuy.gob.ar\/?p=6656\">Leer m\u00e1s&#8230;<\/a><\/p>\n","protected":false},"author":2,"featured_media":6657,"comment_status":"closed","ping_status":"open","sticky":false,"template":"","format":"standard","meta":[],"categories":[2],"tags":[],"yoast_head":"<!-- This site is optimized with the Yoast SEO plugin v18.3 - https:\/\/yoast.com\/wordpress\/plugins\/seo\/ -->\n<title>Jujuy tiene la vicepresidencia del COFEDEC - Ministerio de Desarrollo Econ\u00f3mico y Producci\u00f3n<\/title>\n<meta name=\"robots\" content=\"index, follow, max-snippet:-1, max-image-preview:large, max-video-preview:-1\" \/>\n<link rel=\"canonical\" href=\"http:\/\/www.produccion.jujuy.gob.ar\/?p=6656\" \/>\n<meta property=\"og:locale\" content=\"es_ES\" \/>\n<meta property=\"og:type\" content=\"article\" \/>\n<meta property=\"og:title\" content=\"Jujuy tiene la vicepresidencia del COFEDEC - Ministerio de Desarrollo Econ\u00f3mico y Producci\u00f3n\" \/>\n<meta property=\"og:description\" content=\"En la \u00faltima asamblea del Consejo Federal del Consumo (Cofedec), se resolvi\u00f3 por voto un\u00e1nime que Jujuy quede al frente de la vicepresidencia, en reconocimiento a su continuo trabajo en defensa deLeer m\u00e1s...\" \/>\n<meta property=\"og:url\" content=\"http:\/\/www.produccion.jujuy.gob.ar\/?p=6656\" \/>\n<meta property=\"og:site_name\" content=\"Ministerio de Desarrollo Econ\u00f3mico y Producci\u00f3n\" \/>\n<meta property=\"article:published_time\" content=\"2024-03-18T14:39:58+00:00\" \/>\n<meta property=\"article:modified_time\" content=\"2024-03-18T14:40:01+00:00\" \/>\n<meta property=\"og:image\" content=\"http:\/\/www.produccion.jujuy.gob.ar\/wp-content\/uploads\/2024\/03\/428697106_18060463966523233_5979872039160731069_n.jpg\" \/>\n\t<meta property=\"og:image:width\" content=\"526\" \/>\n\t<meta property=\"og:image:height\" content=\"336\" \/>\n\t<meta property=\"og:image:type\" content=\"image\/jpeg\" \/>\n<meta name=\"twitter:card\" content=\"summary_large_image\" \/>\n<meta name=\"twitter:label1\" content=\"Escrito por\" \/>\n\t<meta name=\"twitter:data1\" content=\"prensa prensa\" \/>\n\t<meta name=\"twitter:label2\" content=\"Tiempo de lectura\" \/>\n\t<meta name=\"twitter:data2\" content=\"1 minuto\" \/>\n<script type=\"application\/ld+json\" class=\"yoast-schema-graph\">{\"@context\":\"https:\/\/schema.org\",\"@graph\":[{\"@type\":\"WebSite\",\"@id\":\"http:\/\/www.produccion.jujuy.gob.ar\/#website\",\"url\":\"http:\/\/www.produccion.jujuy.gob.ar\/\",\"name\":\"Ministerio de Desarrollo Econ\u00f3mico y Producci\u00f3n\",\"description\":\"\",\"potentialAction\":[{\"@type\":\"SearchAction\",\"target\":{\"@type\":\"EntryPoint\",\"urlTemplate\":\"http:\/\/www.produccion.jujuy.gob.ar\/?s={search_term_string}\"},\"query-input\":\"required name=search_term_string\"}],\"inLanguage\":\"es\"},{\"@type\":\"ImageObject\",\"@id\":\"http:\/\/www.produccion.jujuy.gob.ar\/?p=6656#primaryimage\",\"inLanguage\":\"es\",\"url\":\"http:\/\/www.produccion.jujuy.gob.ar\/wp-content\/uploads\/2024\/03\/428697106_18060463966523233_5979872039160731069_n.jpg\",\"contentUrl\":\"http:\/\/www.produccion.jujuy.gob.ar\/wp-content\/uploads\/2024\/03\/428697106_18060463966523233_5979872039160731069_n.jpg\",\"width\":526,\"height\":336},{\"@type\":\"WebPage\",\"@id\":\"http:\/\/www.produccion.jujuy.gob.ar\/?p=6656#webpage\",\"url\":\"http:\/\/www.produccion.jujuy.gob.ar\/?p=6656\",\"name\":\"Jujuy tiene la vicepresidencia del COFEDEC - Ministerio de Desarrollo Econ\u00f3mico y Producci\u00f3n\",\"isPartOf\":{\"@id\":\"http:\/\/www.produccion.jujuy.gob.ar\/#website\"},\"primaryImageOfPage\":{\"@id\":\"http:\/\/www.produccion.jujuy.gob.ar\/?p=6656#primaryimage\"},\"datePublished\":\"2024-03-18T14:39:58+00:00\",\"dateModified\":\"2024-03-18T14:40:01+00:00\",\"author\":{\"@id\":\"http:\/\/www.produccion.jujuy.gob.ar\/#\/schema\/person\/4b22a01d694f4bbb88e5d19dca067d1d\"},\"breadcrumb\":{\"@id\":\"http:\/\/www.produccion.jujuy.gob.ar\/?p=6656#breadcrumb\"},\"inLanguage\":\"es\",\"potentialAction\":[{\"@type\":\"ReadAction\",\"target\":[\"http:\/\/www.produccion.jujuy.gob.ar\/?p=6656\"]}]},{\"@type\":\"BreadcrumbList\",\"@id\":\"http:\/\/www.produccion.jujuy.gob.ar\/?p=6656#breadcrumb\",\"itemListElement\":[{\"@type\":\"ListItem\",\"position\":1,\"name\":\"Portada\",\"item\":\"http:\/\/www.produccion.jujuy.gob.ar\/\"},{\"@type\":\"ListItem\",\"position\":2,\"name\":\"Jujuy tiene la vicepresidencia del COFEDEC\"}]},{\"@type\":\"Person\",\"@id\":\"http:\/\/www.produccion.jujuy.gob.ar\/#\/schema\/person\/4b22a01d694f4bbb88e5d19dca067d1d\",\"name\":\"prensa prensa\",\"image\":{\"@type\":\"ImageObject\",\"@id\":\"http:\/\/www.produccion.jujuy.gob.ar\/#personlogo\",\"inLanguage\":\"es\",\"url\":\"http:\/\/2.gravatar.com\/avatar\/869d66de5c875fb1c978e5ff7404f639?s=96&d=mm&r=g\",\"contentUrl\":\"http:\/\/2.gravatar.com\/avatar\/869d66de5c875fb1c978e5ff7404f639?s=96&d=mm&r=g\",\"caption\":\"prensa prensa\"},\"url\":\"http:\/\/www.produccion.jujuy.gob.ar\/?author=2\"}]}<\/script>\n<!-- \/ Yoast SEO plugin. -->","yoast_head_json":{"title":"Jujuy tiene la vicepresidencia del COFEDEC - Ministerio de Desarrollo Econ\u00f3mico y Producci\u00f3n","robots":{"index":"index","follow":"follow","max-snippet":"max-snippet:-1","max-image-preview":"max-image-preview:large","max-video-preview":"max-video-preview:-1"},"canonical":"http:\/\/www.produccion.jujuy.gob.ar\/?p=6656","og_locale":"es_ES","og_type":"article","og_title":"Jujuy tiene la vicepresidencia del COFEDEC - Ministerio de Desarrollo Econ\u00f3mico y Producci\u00f3n","og_description":"En la \u00faltima asamblea del Consejo Federal del Consumo (Cofedec), se resolvi\u00f3 por voto un\u00e1nime que Jujuy quede al frente de la vicepresidencia, en reconocimiento a su continuo trabajo en defensa deLeer m\u00e1s...","og_url":"http:\/\/www.produccion.jujuy.gob.ar\/?p=6656","og_site_name":"Ministerio de Desarrollo Econ\u00f3mico y Producci\u00f3n","article_published_time":"2024-03-18T14:39:58+00:00","article_modified_time":"2024-03-18T14:40:01+00:00","og_image":[{"width":526,"height":336,"url":"http:\/\/www.produccion.jujuy.gob.ar\/wp-content\/uploads\/2024\/03\/428697106_18060463966523233_5979872039160731069_n.jpg","type":"image\/jpeg"}],"twitter_card":"summary_large_image","twitter_misc":{"Escrito por":"prensa prensa","Tiempo de lectura":"1 minuto"},"schema":{"@context":"https:\/\/schema.org","@graph":[{"@type":"WebSite","@id":"http:\/\/www.produccion.jujuy.gob.ar\/#website","url":"http:\/\/www.produccion.jujuy.gob.ar\/","name":"Ministerio de Desarrollo Econ\u00f3mico y Producci\u00f3n","description":"","potentialAction":[{"@type":"SearchAction","target":{"@type":"EntryPoint","urlTemplate":"http:\/\/www.produccion.jujuy.gob.ar\/?s={search_term_string}"},"query-input":"required name=search_term_string"}],"inLanguage":"es"},{"@type":"ImageObject","@id":"http:\/\/www.produccion.jujuy.gob.ar\/?p=6656#primaryimage","inLanguage":"es","url":"http:\/\/www.produccion.jujuy.gob.ar\/wp-content\/uploads\/2024\/03\/428697106_18060463966523233_5979872039160731069_n.jpg","contentUrl":"http:\/\/www.produccion.jujuy.gob.ar\/wp-content\/uploads\/2024\/03\/428697106_18060463966523233_5979872039160731069_n.jpg","width":526,"height":336},{"@type":"WebPage","@id":"http:\/\/www.produccion.jujuy.gob.ar\/?p=6656#webpage","url":"http:\/\/www.produccion.jujuy.gob.ar\/?p=6656","name":"Jujuy tiene la vicepresidencia del COFEDEC - Ministerio de Desarrollo Econ\u00f3mico y Producci\u00f3n","isPartOf":{"@id":"http:\/\/www.produccion.jujuy.gob.ar\/#website"},"primaryImageOfPage":{"@id":"http:\/\/www.produccion.jujuy.gob.ar\/?p=6656#primaryimage"},"datePublished":"2024-03-18T14:39:58+00:00","dateModified":"2024-03-18T14:40:01+00:00","author":{"@id":"http:\/\/www.produccion.jujuy.gob.ar\/#\/schema\/person\/4b22a01d694f4bbb88e5d19dca067d1d"},"breadcrumb":{"@id":"http:\/\/www.produccion.jujuy.gob.ar\/?p=6656#breadcrumb"},"inLanguage":"es","potentialAction":[{"@type":"ReadAction","target":["http:\/\/www.produccion.jujuy.gob.ar\/?p=6656"]}]},{"@type":"BreadcrumbList","@id":"http:\/\/www.produccion.jujuy.gob.ar\/?p=6656#breadcrumb","itemListElement":[{"@type":"ListItem","position":1,"name":"Portada","item":"http:\/\/www.produccion.jujuy.gob.ar\/"},{"@type":"ListItem","position":2,"name":"Jujuy tiene la vicepresidencia del COFEDEC"}]},{"@type":"Person","@id":"http:\/\/www.produccion.jujuy.gob.ar\/#\/schema\/person\/4b22a01d694f4bbb88e5d19dca067d1d","name":"prensa prensa","image":{"@type":"ImageObject","@id":"http:\/\/www.produccion.jujuy.gob.ar\/#personlogo","inLanguage":"es","url":"http:\/\/2.gravatar.com\/avatar\/869d66de5c875fb1c978e5ff7404f639?s=96&d=mm&r=g","contentUrl":"http:\/\/2.gravatar.com\/avatar\/869d66de5c875fb1c978e5ff7404f639?s=96&d=mm&r=g","caption":"prensa prensa"},"url":"http:\/\/www.produccion.jujuy.gob.ar\/?author=2"}]}},"_links":{"self":[{"href":"http:\/\/www.produccion.jujuy.gob.ar\/index.php?rest_route=\/wp\/v2\/posts\/6656"}],"collection":[{"href":"http:\/\/www.produccion.jujuy.gob.ar\/index.php?rest_route=\/wp\/v2\/posts"}],"about":[{"href":"http:\/\/www.produccion.jujuy.gob.ar\/index.php?rest_route=\/wp\/v2\/types\/post"}],"author":[{"embeddable":true,"href":"http:\/\/www.produccion.jujuy.gob.ar\/index.php?rest_route=\/wp\/v2\/users\/2"}],"replies":[{"embeddable":true,"href":"http:\/\/www.produccion.jujuy.gob.ar\/index.php?rest_route=%2Fwp%2Fv2%2Fcomments&post=6656"}],"version-history":[{"count":1,"href":"http:\/\/www.produccion.jujuy.gob.ar\/index.php?rest_route=\/wp\/v2\/posts\/6656\/revisions"}],"predecessor-version":[{"id":6658,"href":"http:\/\/www.produccion.jujuy.gob.ar\/index.php?rest_route=\/wp\/v2\/posts\/6656\/revisions\/6658"}],"wp:featuredmedia":[{"embeddable":true,"href":"http:\/\/www.produccion.jujuy.gob.ar\/index.php?rest_route=\/wp\/v2\/media\/6657"}],"wp:attachment":[{"href":"http:\/\/www.produccion.jujuy.gob.ar\/index.php?rest_route=%2Fwp%2Fv2%2Fmedia&parent=6656"}],"wp:term":[{"taxonomy":"category","embeddable":true,"href":"http:\/\/www.produccion.jujuy.gob.ar\/index.php?rest_route=%2Fwp%2Fv2%2Fcategories&post=6656"},{"taxonomy":"post_tag","embeddable":true,"href":"http:\/\/www.produccion.jujuy.gob.ar\/index.php?rest_route=%2Fwp%2Fv2%2Ftags&post=6656"}],"curies":[{"name":"wp","href":"https:\/\/api.w.org\/{rel}","templated":true}]}}